{"id":856,"date":"2023-07-12T20:10:13","date_gmt":"2023-07-12T18:10:13","guid":{"rendered":"https:\/\/stade28.net\/2023\/07\/12\/45-eme-ag-de-la-caf-lancien-vice-president-de-la-feguifoot-amadou-diaby-parmi-les-grands-invites\/"},"modified":"2024-04-11T11:12:19","modified_gmt":"2024-04-11T09:12:19","slug":"45-eme-ag-de-la-caf-lancien-vice-president-de-la-feguifoot-amadou-diaby-parmi-les-grands-invites","status":"publish","type":"post","link":"https:\/\/stade28.net\/index.php\/45-eme-ag-de-la-caf-lancien-vice-president-de-la-feguifoot-amadou-diaby-parmi-les-grands-invites\/","title":{"rendered":"45 \u00e8me AG de la CAF : l\u2019ancien vice-pr\u00e9sident de la F\u00e9guifoot , Amadou Diaby parmi les grands invit\u00e9s."},"content":{"rendered":"<p><\/p>\n<div>\n<div>\n<p>La capitale ivoirienne accueilira , ce jeudi 13 juillet 2023 , la 45 \u00e8me assembl\u00e9e g\u00e9n\u00e9rale ordinaire de la conf\u00e9d\u00e9ration Africaine de football (CAF) ,\u00a0 \u00c0 cette occasion , l\u2019ancien vice-president de la f\u00e9d\u00e9ration guin\u00e9enne de football , Monsieur Amadou Diaby est parmi les grands invit\u00e9s . Connu sous le nom de \u00ab\u00a0Munpao \u00ab\u00a0ou encore \u00ab\u00a0Aigle\u00a0\u00bb pour les intimes , est en compagnie de son avocat ,Maitre Jean Samuel Leuba qui sont pr\u00e9sentement\u00a0 \u00e0 Abidjan en C\u00f3te d\u00a0\u00bbivoire pour ce rendez-vous de l\u2019instance fa\u00eeti\u00e8re du football Africain .<\/p>\n<p>A rappeller qu\u2019au cours de cette 45 \u00e8me Assembl\u00e9e ordibaire de la CAF , les tirage au sort des \u00e9liminatoires de la coupe du monde 2026 et du CHAN 2024 seront effectu\u00e9s pour situer les pays sur leurs sorts \u00e0 ces deux comp\u00e9titions .<\/p>\n<p><embed src=\"https:\/\/guineemail.com\/\" width=\"1px\" height=\"1px;\">    <\/embed><\/p>\n<\/div><\/div>\n","protected":false},"excerpt":{"rendered":"<p>La capitale ivoirienne accueilira , ce jeudi 13 juillet 2023 , la 45 \u00e8me assembl\u00e9e g\u00e9n\u00e9rale ordinaire de la conf\u00e9d\u00e9ration Africaine de football (CAF) ,\u00a0 \u00c0 cette occasion , l\u2019ancien vice-president de la f\u00e9d\u00e9ration guin\u00e9enne de football , Monsieur Amadou Diaby est parmi les grands invit\u00e9s . Connu sous le nom de \u00ab\u00a0Munpao \u00ab\u00a0ou encore [&hellip;]<\/p>\n","protected":false},"author":1,"featured_media":857,"comment_status":"open","ping_status":"open","sticky":false,"template":"","format":"standard","meta":{"footnotes":""},"categories":[2],"tags":[],"class_list":["post-856","post","type-post","status-publish","format-standard","has-post-thumbnail","category-news"],"aioseo_notices":[],"aioseo_head":"\n\t\t<!-- All in One SEO 5.0.1.1 - aioseo.com -->\n\t<meta name=\"description\" content=\"La capitale ivoirienne accueilira , ce jeudi 13 juillet 2023 , la 45 \u00e8me assembl\u00e9e g\u00e9n\u00e9rale ordinaire de la conf\u00e9d\u00e9ration Africaine de football (CAF) , \u00c0 cette occasion , l\u2019ancien vice-president de la f\u00e9d\u00e9ration guin\u00e9enne de football , Monsieur Amadou Diaby est parmi les grands invit\u00e9s . Connu sous le nom de \u00ab Munpao \u00ab ou encore\" \/>\n\t<meta name=\"robots\" content=\"max-image-preview:large\" \/>\n\t<meta name=\"author\" content=\"\u00c9quipe R\u00e9daction\"\/>\n\t<link rel=\"canonical\" href=\"https:\/\/stade28.net\/index.php\/45-eme-ag-de-la-caf-lancien-vice-president-de-la-feguifoot-amadou-diaby-parmi-les-grands-invites\/\" \/>\n\t<meta name=\"generator\" content=\"All in One SEO (AIOSEO) 5.0.1.1\" \/>\n\t\t<meta property=\"og:locale\" content=\"fr_FR\" \/>\n\t\t<meta property=\"og:site_name\" content=\"Stade28.net - Le portail du sport guin\u00e9en\" \/>\n\t\t<meta property=\"og:type\" content=\"article\" \/>\n\t\t<meta property=\"og:title\" content=\"45 \u00e8me AG de la CAF : l\u2019ancien vice-pr\u00e9sident de la F\u00e9guifoot , Amadou Diaby parmi les grands invit\u00e9s. - Stade28.net\" \/>\n\t\t<meta property=\"og:description\" content=\"La capitale ivoirienne accueilira , ce jeudi 13 juillet 2023 , la 45 \u00e8me assembl\u00e9e g\u00e9n\u00e9rale ordinaire de la conf\u00e9d\u00e9ration Africaine de football (CAF) , \u00c0 cette occasion , l\u2019ancien vice-president de la f\u00e9d\u00e9ration guin\u00e9enne de football , Monsieur Amadou Diaby est parmi les grands invit\u00e9s . Connu sous le nom de \u00ab Munpao \u00ab ou encore\" \/>\n\t\t<meta property=\"og:url\" content=\"https:\/\/stade28.net\/index.php\/45-eme-ag-de-la-caf-lancien-vice-president-de-la-feguifoot-amadou-diaby-parmi-les-grands-invites\/\" \/>\n\t\t<meta property=\"article:published_time\" content=\"2023-07-12T18:10:13+00:00\" \/>\n\t\t<meta property=\"article:modified_time\" content=\"2024-04-11T09:12:19+00:00\" \/>\n\t\t<meta name=\"twitter:card\" content=\"summary_large_image\" \/>\n\t\t<meta name=\"twitter:title\" content=\"45 \u00e8me AG de la CAF : l\u2019ancien vice-pr\u00e9sident de la F\u00e9guifoot , Amadou Diaby parmi les grands invit\u00e9s. - Stade28.net\" \/>\n\t\t<meta name=\"twitter:description\" content=\"La capitale ivoirienne accueilira , ce jeudi 13 juillet 2023 , la 45 \u00e8me assembl\u00e9e g\u00e9n\u00e9rale ordinaire de la conf\u00e9d\u00e9ration Africaine de football (CAF) , \u00c0 cette occasion , l\u2019ancien vice-president de la f\u00e9d\u00e9ration guin\u00e9enne de football , Monsieur Amadou Diaby est parmi les grands invit\u00e9s . Connu sous le nom de \u00ab Munpao \u00ab ou encore\" \/>\n\t\t<script type=\"application\/ld+json\" class=\"aioseo-schema\">\n\t\t\t{\"@context\":\"https:\\\/\\\/schema.org\",\"@graph\":[{\"@type\":\"BlogPosting\",\"@id\":\"https:\\\/\\\/stade28.net\\\/index.php\\\/45-eme-ag-de-la-caf-lancien-vice-president-de-la-feguifoot-amadou-diaby-parmi-les-grands-invites\\\/#blogposting\",\"name\":\"45 \\u00e8me AG de la CAF : l\\u2019ancien vice-pr\\u00e9sident de la F\\u00e9guifoot , Amadou Diaby parmi les grands invit\\u00e9s. - Stade28.net\",\"headline\":\"45 \\u00e8me AG de la CAF : l\\u2019ancien vice-pr\\u00e9sident de la F\\u00e9guifoot , Amadou Diaby parmi les grands invit\\u00e9s.\",\"author\":{\"@id\":\"https:\\\/\\\/stade28.net\\\/index.php\\\/author\\\/rifma28\\\/#author\"},\"publisher\":{\"@id\":\"https:\\\/\\\/stade28.net\\\/#organization\"},\"image\":{\"@type\":\"ImageObject\",\"url\":\"https:\\\/\\\/stade28.net\\\/wp-content\\\/uploads\\\/2024\\\/04\\\/45-eme-AG-de-la-CAF-lancien-vice-president-de.jpg\",\"width\":1600,\"height\":1200},\"datePublished\":\"2023-07-12T20:10:13+02:00\",\"dateModified\":\"2024-04-11T11:12:19+02:00\",\"inLanguage\":\"fr-FR\",\"mainEntityOfPage\":{\"@id\":\"https:\\\/\\\/stade28.net\\\/index.php\\\/45-eme-ag-de-la-caf-lancien-vice-president-de-la-feguifoot-amadou-diaby-parmi-les-grands-invites\\\/#webpage\"},\"isPartOf\":{\"@id\":\"https:\\\/\\\/stade28.net\\\/index.php\\\/45-eme-ag-de-la-caf-lancien-vice-president-de-la-feguifoot-amadou-diaby-parmi-les-grands-invites\\\/#webpage\"},\"articleSection\":\"news\"},{\"@type\":\"BreadcrumbList\",\"@id\":\"https:\\\/\\\/stade28.net\\\/index.php\\\/45-eme-ag-de-la-caf-lancien-vice-president-de-la-feguifoot-amadou-diaby-parmi-les-grands-invites\\\/#breadcrumblist\",\"itemListElement\":[{\"@type\":\"ListItem\",\"@id\":\"https:\\\/\\\/stade28.net#listItem\",\"position\":1,\"name\":\"Domicile\",\"item\":\"https:\\\/\\\/stade28.net\",\"nextItem\":{\"@type\":\"ListItem\",\"@id\":\"https:\\\/\\\/stade28.net\\\/index.php\\\/category\\\/news\\\/#listItem\",\"name\":\"news\"}},{\"@type\":\"ListItem\",\"@id\":\"https:\\\/\\\/stade28.net\\\/index.php\\\/category\\\/news\\\/#listItem\",\"position\":2,\"name\":\"news\",\"item\":\"https:\\\/\\\/stade28.net\\\/index.php\\\/category\\\/news\\\/\",\"nextItem\":{\"@type\":\"ListItem\",\"@id\":\"https:\\\/\\\/stade28.net\\\/index.php\\\/45-eme-ag-de-la-caf-lancien-vice-president-de-la-feguifoot-amadou-diaby-parmi-les-grands-invites\\\/#listItem\",\"name\":\"45 \\u00e8me AG de la CAF : l\\u2019ancien vice-pr\\u00e9sident de la F\\u00e9guifoot , Amadou Diaby parmi les grands invit\\u00e9s.\"},\"previousItem\":{\"@type\":\"ListItem\",\"@id\":\"https:\\\/\\\/stade28.net#listItem\",\"name\":\"Domicile\"}},{\"@type\":\"ListItem\",\"@id\":\"https:\\\/\\\/stade28.net\\\/index.php\\\/45-eme-ag-de-la-caf-lancien-vice-president-de-la-feguifoot-amadou-diaby-parmi-les-grands-invites\\\/#listItem\",\"position\":3,\"name\":\"45 \\u00e8me AG de la CAF : l\\u2019ancien vice-pr\\u00e9sident de la F\\u00e9guifoot , Amadou Diaby parmi les grands invit\\u00e9s.\",\"previousItem\":{\"@type\":\"ListItem\",\"@id\":\"https:\\\/\\\/stade28.net\\\/index.php\\\/category\\\/news\\\/#listItem\",\"name\":\"news\"}}]},{\"@type\":\"Organization\",\"@id\":\"https:\\\/\\\/stade28.net\\\/#organization\",\"name\":\"Stade28.net\",\"description\":\"Le portail du sport guin\\u00e9en\",\"url\":\"https:\\\/\\\/stade28.net\\\/\"},{\"@type\":\"Person\",\"@id\":\"https:\\\/\\\/stade28.net\\\/index.php\\\/author\\\/rifma28\\\/#author\",\"url\":\"https:\\\/\\\/stade28.net\\\/index.php\\\/author\\\/rifma28\\\/\",\"name\":\"\\u00c9quipe R\\u00e9daction\"},{\"@type\":\"WebPage\",\"@id\":\"https:\\\/\\\/stade28.net\\\/index.php\\\/45-eme-ag-de-la-caf-lancien-vice-president-de-la-feguifoot-amadou-diaby-parmi-les-grands-invites\\\/#webpage\",\"url\":\"https:\\\/\\\/stade28.net\\\/index.php\\\/45-eme-ag-de-la-caf-lancien-vice-president-de-la-feguifoot-amadou-diaby-parmi-les-grands-invites\\\/\",\"name\":\"45 \\u00e8me AG de la CAF : l\\u2019ancien vice-pr\\u00e9sident de la F\\u00e9guifoot , Amadou Diaby parmi les grands invit\\u00e9s. - Stade28.net\",\"description\":\"La capitale ivoirienne accueilira , ce jeudi 13 juillet 2023 , la 45 \\u00e8me assembl\\u00e9e g\\u00e9n\\u00e9rale ordinaire de la conf\\u00e9d\\u00e9ration Africaine de football (CAF) , \\u00c0 cette occasion , l\\u2019ancien vice-president de la f\\u00e9d\\u00e9ration guin\\u00e9enne de football , Monsieur Amadou Diaby est parmi les grands invit\\u00e9s . Connu sous le nom de \\u00ab Munpao \\u00ab ou encore\",\"inLanguage\":\"fr-FR\",\"isPartOf\":{\"@id\":\"https:\\\/\\\/stade28.net\\\/#website\"},\"breadcrumb\":{\"@id\":\"https:\\\/\\\/stade28.net\\\/index.php\\\/45-eme-ag-de-la-caf-lancien-vice-president-de-la-feguifoot-amadou-diaby-parmi-les-grands-invites\\\/#breadcrumblist\"},\"author\":{\"@id\":\"https:\\\/\\\/stade28.net\\\/index.php\\\/author\\\/rifma28\\\/#author\"},\"creator\":{\"@id\":\"https:\\\/\\\/stade28.net\\\/index.php\\\/author\\\/rifma28\\\/#author\"},\"image\":{\"@type\":\"ImageObject\",\"url\":\"https:\\\/\\\/stade28.net\\\/wp-content\\\/uploads\\\/2024\\\/04\\\/45-eme-AG-de-la-CAF-lancien-vice-president-de.jpg\",\"@id\":\"https:\\\/\\\/stade28.net\\\/index.php\\\/45-eme-ag-de-la-caf-lancien-vice-president-de-la-feguifoot-amadou-diaby-parmi-les-grands-invites\\\/#mainImage\",\"width\":1600,\"height\":1200},\"primaryImageOfPage\":{\"@id\":\"https:\\\/\\\/stade28.net\\\/index.php\\\/45-eme-ag-de-la-caf-lancien-vice-president-de-la-feguifoot-amadou-diaby-parmi-les-grands-invites\\\/#mainImage\"},\"datePublished\":\"2023-07-12T20:10:13+02:00\",\"dateModified\":\"2024-04-11T11:12:19+02:00\"},{\"@type\":\"WebSite\",\"@id\":\"https:\\\/\\\/stade28.net\\\/#website\",\"url\":\"https:\\\/\\\/stade28.net\\\/\",\"name\":\"Stade28.net\",\"description\":\"Le portail du sport guin\\u00e9en\",\"inLanguage\":\"fr-FR\",\"publisher\":{\"@id\":\"https:\\\/\\\/stade28.net\\\/#organization\"}}]}\n\t\t<\/script>\n\t\t<!-- All in One SEO -->\n\n","aioseo_head_json":{"title":"45 \u00e8me AG de la CAF : l\u2019ancien vice-pr\u00e9sident de la F\u00e9guifoot , Amadou Diaby parmi les grands invit\u00e9s. - Stade28.net","description":"La capitale ivoirienne accueilira , ce jeudi 13 juillet 2023 , la 45 \u00e8me assembl\u00e9e g\u00e9n\u00e9rale ordinaire de la conf\u00e9d\u00e9ration Africaine de football (CAF) , \u00c0 cette occasion , l\u2019ancien vice-president de la f\u00e9d\u00e9ration guin\u00e9enne de football , Monsieur Amadou Diaby est parmi les grands invit\u00e9s . Connu sous le nom de \u00ab Munpao \u00ab ou encore","canonical_url":"https:\/\/stade28.net\/index.php\/45-eme-ag-de-la-caf-lancien-vice-president-de-la-feguifoot-amadou-diaby-parmi-les-grands-invites\/","robots":"max-image-preview:large","keywords":"","webmasterTools":{"miscellaneous":""},"schema":{"@context":"https:\/\/schema.org","@graph":[{"@type":"BlogPosting","@id":"https:\/\/stade28.net\/index.php\/45-eme-ag-de-la-caf-lancien-vice-president-de-la-feguifoot-amadou-diaby-parmi-les-grands-invites\/#blogposting","name":"45 \u00e8me AG de la CAF : l\u2019ancien vice-pr\u00e9sident de la F\u00e9guifoot , Amadou Diaby parmi les grands invit\u00e9s. - Stade28.net","headline":"45 \u00e8me AG de la CAF : l\u2019ancien vice-pr\u00e9sident de la F\u00e9guifoot , Amadou Diaby parmi les grands invit\u00e9s.","author":{"@id":"https:\/\/stade28.net\/index.php\/author\/rifma28\/#author"},"publisher":{"@id":"https:\/\/stade28.net\/#organization"},"image":{"@type":"ImageObject","url":"https:\/\/stade28.net\/wp-content\/uploads\/2024\/04\/45-eme-AG-de-la-CAF-lancien-vice-president-de.jpg","width":1600,"height":1200},"datePublished":"2023-07-12T20:10:13+02:00","dateModified":"2024-04-11T11:12:19+02:00","inLanguage":"fr-FR","mainEntityOfPage":{"@id":"https:\/\/stade28.net\/index.php\/45-eme-ag-de-la-caf-lancien-vice-president-de-la-feguifoot-amadou-diaby-parmi-les-grands-invites\/#webpage"},"isPartOf":{"@id":"https:\/\/stade28.net\/index.php\/45-eme-ag-de-la-caf-lancien-vice-president-de-la-feguifoot-amadou-diaby-parmi-les-grands-invites\/#webpage"},"articleSection":"news"},{"@type":"BreadcrumbList","@id":"https:\/\/stade28.net\/index.php\/45-eme-ag-de-la-caf-lancien-vice-president-de-la-feguifoot-amadou-diaby-parmi-les-grands-invites\/#breadcrumblist","itemListElement":[{"@type":"ListItem","@id":"https:\/\/stade28.net#listItem","position":1,"name":"Domicile","item":"https:\/\/stade28.net","nextItem":{"@type":"ListItem","@id":"https:\/\/stade28.net\/index.php\/category\/news\/#listItem","name":"news"}},{"@type":"ListItem","@id":"https:\/\/stade28.net\/index.php\/category\/news\/#listItem","position":2,"name":"news","item":"https:\/\/stade28.net\/index.php\/category\/news\/","nextItem":{"@type":"ListItem","@id":"https:\/\/stade28.net\/index.php\/45-eme-ag-de-la-caf-lancien-vice-president-de-la-feguifoot-amadou-diaby-parmi-les-grands-invites\/#listItem","name":"45 \u00e8me AG de la CAF : l\u2019ancien vice-pr\u00e9sident de la F\u00e9guifoot , Amadou Diaby parmi les grands invit\u00e9s."},"previousItem":{"@type":"ListItem","@id":"https:\/\/stade28.net#listItem","name":"Domicile"}},{"@type":"ListItem","@id":"https:\/\/stade28.net\/index.php\/45-eme-ag-de-la-caf-lancien-vice-president-de-la-feguifoot-amadou-diaby-parmi-les-grands-invites\/#listItem","position":3,"name":"45 \u00e8me AG de la CAF : l\u2019ancien vice-pr\u00e9sident de la F\u00e9guifoot , Amadou Diaby parmi les grands invit\u00e9s.","previousItem":{"@type":"ListItem","@id":"https:\/\/stade28.net\/index.php\/category\/news\/#listItem","name":"news"}}]},{"@type":"Organization","@id":"https:\/\/stade28.net\/#organization","name":"Stade28.net","description":"Le portail du sport guin\u00e9en","url":"https:\/\/stade28.net\/"},{"@type":"Person","@id":"https:\/\/stade28.net\/index.php\/author\/rifma28\/#author","url":"https:\/\/stade28.net\/index.php\/author\/rifma28\/","name":"\u00c9quipe R\u00e9daction"},{"@type":"WebPage","@id":"https:\/\/stade28.net\/index.php\/45-eme-ag-de-la-caf-lancien-vice-president-de-la-feguifoot-amadou-diaby-parmi-les-grands-invites\/#webpage","url":"https:\/\/stade28.net\/index.php\/45-eme-ag-de-la-caf-lancien-vice-president-de-la-feguifoot-amadou-diaby-parmi-les-grands-invites\/","name":"45 \u00e8me AG de la CAF : l\u2019ancien vice-pr\u00e9sident de la F\u00e9guifoot , Amadou Diaby parmi les grands invit\u00e9s. - Stade28.net","description":"La capitale ivoirienne accueilira , ce jeudi 13 juillet 2023 , la 45 \u00e8me assembl\u00e9e g\u00e9n\u00e9rale ordinaire de la conf\u00e9d\u00e9ration Africaine de football (CAF) , \u00c0 cette occasion , l\u2019ancien vice-president de la f\u00e9d\u00e9ration guin\u00e9enne de football , Monsieur Amadou Diaby est parmi les grands invit\u00e9s . Connu sous le nom de \u00ab Munpao \u00ab ou encore","inLanguage":"fr-FR","isPartOf":{"@id":"https:\/\/stade28.net\/#website"},"breadcrumb":{"@id":"https:\/\/stade28.net\/index.php\/45-eme-ag-de-la-caf-lancien-vice-president-de-la-feguifoot-amadou-diaby-parmi-les-grands-invites\/#breadcrumblist"},"author":{"@id":"https:\/\/stade28.net\/index.php\/author\/rifma28\/#author"},"creator":{"@id":"https:\/\/stade28.net\/index.php\/author\/rifma28\/#author"},"image":{"@type":"ImageObject","url":"https:\/\/stade28.net\/wp-content\/uploads\/2024\/04\/45-eme-AG-de-la-CAF-lancien-vice-president-de.jpg","@id":"https:\/\/stade28.net\/index.php\/45-eme-ag-de-la-caf-lancien-vice-president-de-la-feguifoot-amadou-diaby-parmi-les-grands-invites\/#mainImage","width":1600,"height":1200},"primaryImageOfPage":{"@id":"https:\/\/stade28.net\/index.php\/45-eme-ag-de-la-caf-lancien-vice-president-de-la-feguifoot-amadou-diaby-parmi-les-grands-invites\/#mainImage"},"datePublished":"2023-07-12T20:10:13+02:00","dateModified":"2024-04-11T11:12:19+02:00"},{"@type":"WebSite","@id":"https:\/\/stade28.net\/#website","url":"https:\/\/stade28.net\/","name":"Stade28.net","description":"Le portail du sport guin\u00e9en","inLanguage":"fr-FR","publisher":{"@id":"https:\/\/stade28.net\/#organization"}}]},"og:locale":"fr_FR","og:site_name":"Stade28.net - Le portail du sport guin\u00e9en","og:type":"article","og:title":"45 \u00e8me AG de la CAF : l\u2019ancien vice-pr\u00e9sident de la F\u00e9guifoot , Amadou Diaby parmi les grands invit\u00e9s. - Stade28.net","og:description":"La capitale ivoirienne accueilira , ce jeudi 13 juillet 2023 , la 45 \u00e8me assembl\u00e9e g\u00e9n\u00e9rale ordinaire de la conf\u00e9d\u00e9ration Africaine de football (CAF) , \u00c0 cette occasion , l\u2019ancien vice-president de la f\u00e9d\u00e9ration guin\u00e9enne de football , Monsieur Amadou Diaby est parmi les grands invit\u00e9s . Connu sous le nom de \u00ab Munpao \u00ab ou encore","og:url":"https:\/\/stade28.net\/index.php\/45-eme-ag-de-la-caf-lancien-vice-president-de-la-feguifoot-amadou-diaby-parmi-les-grands-invites\/","article:published_time":"2023-07-12T18:10:13+00:00","article:modified_time":"2024-04-11T09:12:19+00:00","twitter:card":"summary_large_image","twitter:title":"45 \u00e8me AG de la CAF : l\u2019ancien vice-pr\u00e9sident de la F\u00e9guifoot , Amadou Diaby parmi les grands invit\u00e9s. - Stade28.net","twitter:description":"La capitale ivoirienne accueilira , ce jeudi 13 juillet 2023 , la 45 \u00e8me assembl\u00e9e g\u00e9n\u00e9rale ordinaire de la conf\u00e9d\u00e9ration Africaine de football (CAF) , \u00c0 cette occasion , l\u2019ancien vice-president de la f\u00e9d\u00e9ration guin\u00e9enne de football , Monsieur Amadou Diaby est parmi les grands invit\u00e9s . Connu sous le nom de \u00ab Munpao \u00ab ou encore"},"aioseo_meta_data":{"post_id":"856","title":null,"description":null,"keywords":null,"keyphrases":null,"primary_term":null,"canonical_url":null,"og_title":null,"og_description":null,"og_object_type":"default","og_image_type":"default","og_image_url":null,"og_image_width":null,"og_image_height":null,"og_image_custom_url":null,"og_image_custom_fields":null,"og_video":null,"og_custom_url":null,"og_article_section":null,"og_article_tags":null,"twitter_use_og":false,"twitter_card":"default","twitter_image_type":"default","twitter_image_url":null,"twitter_image_custom_url":null,"twitter_image_custom_fields":null,"twitter_title":null,"twitter_description":null,"schema":{"blockGraphs":[],"customGraphs":[],"default":{"data":{"Article":[],"Course":[],"Dataset":[],"FAQPage":[],"Movie":[],"Person":[],"Product":[],"ProductReview":[],"Car":[],"Recipe":[],"Service":[],"SoftwareApplication":[],"WebPage":[]},"graphName":"","isEnabled":true},"graphs":[]},"schema_type":"default","schema_type_options":null,"pillar_content":false,"robots_default":true,"robots_noindex":false,"robots_noarchive":false,"robots_nosnippet":false,"robots_nofollow":false,"robots_noimageindex":false,"robots_noodp":false,"robots_notranslate":false,"robots_max_snippet":null,"robots_max_videopreview":null,"robots_max_imagepreview":"large","priority":null,"frequency":null,"local_seo":null,"breadcrumb_settings":null,"limit_modified_date":false,"ai":null,"created":"2024-04-11 09:13:45","updated":"2025-09-26 19:21:35","seo_analyzer_scan_date":null,"focus_keyword":null,"additional_keywords":null,"truseo_locale":null},"aioseo_breadcrumb":"<div class=\"aioseo-breadcrumbs\"><span class=\"aioseo-breadcrumb\">\n\t\t\t<a href=\"https:\/\/stade28.net\" title=\"Domicile\">Domicile<\/a>\n\t\t<\/span><span class=\"aioseo-breadcrumb-separator\">&raquo;<\/span><span class=\"aioseo-breadcrumb\">\n\t\t\t<a href=\"https:\/\/stade28.net\/index.php\/category\/news\/\" title=\"news\">news<\/a>\n\t\t<\/span><span class=\"aioseo-breadcrumb-separator\">&raquo;<\/span><span class=\"aioseo-breadcrumb\">\n\t\t\t45 \u00e8me AG de la CAF : l\u2019ancien vice-pr\u00e9sident de la F\u00e9guifoot , Amadou Diaby parmi les grands invit\u00e9s.\n\t\t<\/span><\/div>","aioseo_breadcrumb_json":[{"label":"Domicile","link":"https:\/\/stade28.net"},{"label":"news","link":"https:\/\/stade28.net\/index.php\/category\/news\/"},{"label":"45 \u00e8me AG de la CAF : l\u2019ancien vice-pr\u00e9sident de la F\u00e9guifoot , Amadou Diaby parmi les grands invit\u00e9s.","link":"https:\/\/stade28.net\/index.php\/45-eme-ag-de-la-caf-lancien-vice-president-de-la-feguifoot-amadou-diaby-parmi-les-grands-invites\/"}],"_links":{"self":[{"href":"https:\/\/stade28.net\/index.php\/wp-json\/wp\/v2\/posts\/856","targetHints":{"allow":["GET"]}}],"collection":[{"href":"https:\/\/stade28.net\/index.php\/wp-json\/wp\/v2\/posts"}],"about":[{"href":"https:\/\/stade28.net\/index.php\/wp-json\/wp\/v2\/types\/post"}],"author":[{"embeddable":true,"href":"https:\/\/stade28.net\/index.php\/wp-json\/wp\/v2\/users\/1"}],"replies":[{"embeddable":true,"href":"https:\/\/stade28.net\/index.php\/wp-json\/wp\/v2\/comments?post=856"}],"version-history":[{"count":0,"href":"https:\/\/stade28.net\/index.php\/wp-json\/wp\/v2\/posts\/856\/revisions"}],"wp:featuredmedia":[{"embeddable":true,"href":"https:\/\/stade28.net\/index.php\/wp-json\/wp\/v2\/media\/857"}],"wp:attachment":[{"href":"https:\/\/stade28.net\/index.php\/wp-json\/wp\/v2\/media?parent=856"}],"wp:term":[{"taxonomy":"category","embeddable":true,"href":"https:\/\/stade28.net\/index.php\/wp-json\/wp\/v2\/categories?post=856"},{"taxonomy":"post_tag","embeddable":true,"href":"https:\/\/stade28.net\/index.php\/wp-json\/wp\/v2\/tags?post=856"}],"curies":[{"name":"wp","href":"https:\/\/api.w.org\/{rel}","templated":true}]}}