{"id":793,"date":"2023-07-28T22:24:28","date_gmt":"2023-07-28T20:24:28","guid":{"rendered":"https:\/\/stade28.net\/2023\/07\/28\/ligue-2-football-angers-sco-sidiki-cherif-signe-son-premier-contrat\/"},"modified":"2024-04-11T09:56:51","modified_gmt":"2024-04-11T07:56:51","slug":"ligue-2-football-angers-sco-sidiki-cherif-signe-son-premier-contrat","status":"publish","type":"post","link":"https:\/\/stade28.net\/index.php\/ligue-2-football-angers-sco-sidiki-cherif-signe-son-premier-contrat\/","title":{"rendered":"Ligue 2\/ Football \u2013 Angers Sco : Sidiki Ch\u00e9rif signe son premier contrat"},"content":{"rendered":"<p><\/p>\n<div>\n<div>\n<p>Arriv\u00e9 \u00e0 l\u2019\u00e2ge de cinq ans en France, Sidiki commence le football \u00e0 la Bayard de Saumur durant cinq ann\u00e9es avant de rejoindre pour un an l\u2019Olympique de Saumur.<\/p>\n<p>Rep\u00e9r\u00e9 par le SCO alors qu\u2019il est \u00e2g\u00e9 de 12 ans, le jeune attaquant rejoint les Noir&amp;Blanc en U14. Il poursuit sa formation en gravissant les \u00e9quipes jusqu\u2019\u00e0 signer son premier contrat professionnel.<\/p>\n<p>Issu d\u2019une famille dont il a deux grandes s\u0153urs et une petite, \u201cSidi\u201d poursuit ses \u00e9tudes en parall\u00e8le du football. Apr\u00e8s avoir suivi un CAP animation dont il a \u00e9t\u00e9 dipl\u00f4m\u00e9, Sidiki sera cette ann\u00e9e en formation pour obtenir un dipl\u00f4me d\u2019\u00e9ducateur sportif.<\/p>\n<p>S\u2019inspirant de l\u2019attaquant du Milan AC, Rafael Le\u00e3o, le jeune guin\u00e9en se d\u00e9crit comme un joueur rapide qui aime jouer en profondeur.<\/p>\n<p><strong>I.Somp<\/strong><\/p>\n<p><embed src=\"https:\/\/guineemail.com\/\" width=\"1px\" height=\"1px;\">    <\/embed><\/p>\n<\/div><\/div>\n","protected":false},"excerpt":{"rendered":"<p>Arriv\u00e9 \u00e0 l\u2019\u00e2ge de cinq ans en France, Sidiki commence le football \u00e0 la Bayard de Saumur durant cinq ann\u00e9es avant de rejoindre pour un an l\u2019Olympique de Saumur. Rep\u00e9r\u00e9 par le SCO alors qu\u2019il est \u00e2g\u00e9 de 12 ans, le jeune attaquant rejoint les Noir&amp;Blanc en U14. Il poursuit sa formation en gravissant les [&hellip;]<\/p>\n","protected":false},"author":1,"featured_media":794,"comment_status":"open","ping_status":"open","sticky":false,"template":"","format":"standard","meta":{"footnotes":""},"categories":[2],"tags":[],"class_list":{"0":"post-793","1":"post","2":"type-post","3":"status-publish","4":"format-standard","5":"has-post-thumbnail","7":"category-news"},"aioseo_notices":[],"_links":{"self":[{"href":"https:\/\/stade28.net\/index.php\/wp-json\/wp\/v2\/posts\/793","targetHints":{"allow":["GET"]}}],"collection":[{"href":"https:\/\/stade28.net\/index.php\/wp-json\/wp\/v2\/posts"}],"about":[{"href":"https:\/\/stade28.net\/index.php\/wp-json\/wp\/v2\/types\/post"}],"author":[{"embeddable":true,"href":"https:\/\/stade28.net\/index.php\/wp-json\/wp\/v2\/users\/1"}],"replies":[{"embeddable":true,"href":"https:\/\/stade28.net\/index.php\/wp-json\/wp\/v2\/comments?post=793"}],"version-history":[{"count":0,"href":"https:\/\/stade28.net\/index.php\/wp-json\/wp\/v2\/posts\/793\/revisions"}],"wp:featuredmedia":[{"embeddable":true,"href":"https:\/\/stade28.net\/index.php\/wp-json\/wp\/v2\/media\/794"}],"wp:attachment":[{"href":"https:\/\/stade28.net\/index.php\/wp-json\/wp\/v2\/media?parent=793"}],"wp:term":[{"taxonomy":"category","embeddable":true,"href":"https:\/\/stade28.net\/index.php\/wp-json\/wp\/v2\/categories?post=793"},{"taxonomy":"post_tag","embeddable":true,"href":"https:\/\/stade28.net\/index.php\/wp-json\/wp\/v2\/tags?post=793"}],"curies":[{"name":"wp","href":"https:\/\/api.w.org\/{rel}","templated":true}]}}