{"id":721,"date":"2023-08-17T00:39:09","date_gmt":"2023-08-16T22:39:09","guid":{"rendered":"https:\/\/stade28.net\/2023\/08\/17\/championnats-dafrique-de-karate-la-guinee-presente-avec-12-athletes\/"},"modified":"2024-04-11T08:34:02","modified_gmt":"2024-04-11T06:34:02","slug":"championnats-dafrique-de-karate-la-guinee-presente-avec-12-athletes","status":"publish","type":"post","link":"https:\/\/stade28.net\/index.php\/championnats-dafrique-de-karate-la-guinee-presente-avec-12-athletes\/","title":{"rendered":"Championnats d\u2019Afrique de karat\u00e9 : La Guin\u00e9e pr\u00e9sente avec 12 athl\u00e8tes!"},"content":{"rendered":"<p><\/p>\n<div>\n<div>\n<p>Du 14 au 20 Ao\u00fbt\u00a0 2023 , Casablanca au Maroc va vibrer au rythme\u00a0 des championnats\u00a0 d\u2019Afrique\u00a0 de karat\u00e9\u00a0 .Ces comp\u00e9titions\u00a0 constituent la 22e \u00e9dition chez les seniors, la 14\u00e8\u00a0 au niveau des juniors, la 6\u00e8 dans la cat\u00e9gorie cadette et la premi\u00e8re chez les\u00a0 para-karat\u00e9kas. L\u2019\u00e9v\u00e9nement est organis\u00e9\u00a0 par\u00a0 la F\u00e9d\u00e9ration Royale Marocaine de Karat\u00e9 et Disciplines Associ\u00e9es (FRMKDA), sous l\u2019\u00e9gide\u00a0 de l\u2019instance Africaine de la discipline\u00a0 .<\/p>\n<p>Pour l\u2019accasion , la Guin\u00e9e est\u00a0 d\u00e9fendue par\u00a0 12 Karat\u00e9kas , en Kumit\u00e9 et\u00a0 en Kata .\u00a0 Deux arbitres guin\u00e9ens seront \u00e9galement pr\u00e9sents\u00a0 gr\u00e2ce\u00a0 aux points obtenus lors des \u00e9valuations th\u00e9orique et pratique.\u00a0 Bon vent \u00e0\u00a0 nos repr\u00e9sentants!<\/p>\n<p><embed src=\"https:\/\/guineemail.com\/\" width=\"1px\" height=\"1px;\">    <\/embed><\/p>\n<\/div><\/div>\n","protected":false},"excerpt":{"rendered":"<p>Du 14 au 20 Ao\u00fbt\u00a0 2023 , Casablanca au Maroc va vibrer au rythme\u00a0 des championnats\u00a0 d\u2019Afrique\u00a0 de karat\u00e9\u00a0 .Ces comp\u00e9titions\u00a0 constituent la 22e \u00e9dition chez les seniors, la 14\u00e8\u00a0 au niveau des juniors, la 6\u00e8 dans la cat\u00e9gorie cadette et la premi\u00e8re chez les\u00a0 para-karat\u00e9kas. L\u2019\u00e9v\u00e9nement est organis\u00e9\u00a0 par\u00a0 la F\u00e9d\u00e9ration Royale Marocaine de [&hellip;]<\/p>\n","protected":false},"author":1,"featured_media":722,"comment_status":"open","ping_status":"open","sticky":false,"template":"","format":"standard","meta":{"footnotes":""},"categories":[2],"tags":[],"class_list":{"0":"post-721","1":"post","2":"type-post","3":"status-publish","4":"format-standard","5":"has-post-thumbnail","7":"category-news"},"aioseo_notices":[],"_links":{"self":[{"href":"https:\/\/stade28.net\/index.php\/wp-json\/wp\/v2\/posts\/721","targetHints":{"allow":["GET"]}}],"collection":[{"href":"https:\/\/stade28.net\/index.php\/wp-json\/wp\/v2\/posts"}],"about":[{"href":"https:\/\/stade28.net\/index.php\/wp-json\/wp\/v2\/types\/post"}],"author":[{"embeddable":true,"href":"https:\/\/stade28.net\/index.php\/wp-json\/wp\/v2\/users\/1"}],"replies":[{"embeddable":true,"href":"https:\/\/stade28.net\/index.php\/wp-json\/wp\/v2\/comments?post=721"}],"version-history":[{"count":0,"href":"https:\/\/stade28.net\/index.php\/wp-json\/wp\/v2\/posts\/721\/revisions"}],"wp:featuredmedia":[{"embeddable":true,"href":"https:\/\/stade28.net\/index.php\/wp-json\/wp\/v2\/media\/722"}],"wp:attachment":[{"href":"https:\/\/stade28.net\/index.php\/wp-json\/wp\/v2\/media?parent=721"}],"wp:term":[{"taxonomy":"category","embeddable":true,"href":"https:\/\/stade28.net\/index.php\/wp-json\/wp\/v2\/categories?post=721"},{"taxonomy":"post_tag","embeddable":true,"href":"https:\/\/stade28.net\/index.php\/wp-json\/wp\/v2\/tags?post=721"}],"curies":[{"name":"wp","href":"https:\/\/api.w.org\/{rel}","templated":true}]}}