{"id":715,"date":"2023-08-17T19:35:15","date_gmt":"2023-08-17T17:35:15","guid":{"rendered":"https:\/\/stade28.net\/2023\/08\/17\/le-club-malien-de-las-mande-du-mali-est-la-premiere-equipe-a-se-qualifier-pour-la-ligue-des-champions-feminine-de-la-caf-cote-divoire-2023\/"},"modified":"2024-04-11T08:27:21","modified_gmt":"2024-04-11T06:27:21","slug":"le-club-malien-de-las-mande-du-mali-est-la-premiere-equipe-a-se-qualifier-pour-la-ligue-des-champions-feminine-de-la-caf-cote-divoire-2023","status":"publish","type":"post","link":"https:\/\/stade28.net\/index.php\/le-club-malien-de-las-mande-du-mali-est-la-premiere-equipe-a-se-qualifier-pour-la-ligue-des-champions-feminine-de-la-caf-cote-divoire-2023\/","title":{"rendered":"Le club malien de l\u2019AS Mand\u00e9 du Mali est la premi\u00e8re \u00e9quipe \u00e0 se qualifier pour la Ligue des Champions F\u00e9minine de la CAF, C\u00f4te d\u2019Ivoire 2023."},"content":{"rendered":"<p><\/p>\n<div>\n<p>Les Maliennes ont valid\u00e9 leur ticket pour la plus grande comp\u00e9tition de clubs f\u00e9minins sur le continent, la Ligue des champions f\u00e9minine de la CAF, C\u00f4te d\u2019Ivoire 2023, qui se d\u00e9roulera du 5 au 19 novembre.<\/p>\n<p>Les Mandekas, se sont qualifi\u00e9es pour les phases finales de cette comp\u00e9tition continentale en remportant le tournoi zonal UFOA A, qualificatif pour les phases finales de la comp\u00e9tition, o\u00f9 elles ont fait face \u00e0 une grande concurrence devant les Determine Girls du Lib\u00e9ria, le Dakar Sacre Coeur du S\u00e9n\u00e9gal ainsi que les Mogwemo Queens de Sierra Leone.<\/p>\n<p>Ce r\u00e9sultat obtenu de haute lutte par l\u2019AS Mande lui permet de revenir dans la comp\u00e9tition de clubs f\u00e9minins la plus importante d\u2019Afrique, apr\u00e8s avoir particip\u00e9 \u00e0 l\u2019\u00e9dition inaugurale en 2021, o\u00f9 elles avaient termin\u00e9 \u00e0 la derni\u00e8re place du groupe A dans une poule qui comprenait les Hasaacas Ladies du Ghana, futures finalistes, qui s\u2019\u00e9taient inclin\u00e9es 2-0 contre les Mamelodi Sundowns en finale.<\/p>\n<p>Apr\u00e8s avoir manqu\u00e9 l\u2019\u00e9dition de l\u2019ann\u00e9e derni\u00e8re au Maroc, les Ouest-africaines seront d\u00e9termin\u00e9es \u00e0 revenir sur le devant de la sc\u00e8ne continentale avec une \u00e9quipe beaucoup plus forte et comp\u00e9titive lorsqu\u2019elles affronteront les meilleures \u00e9curies du football f\u00e9minin d\u2019Afrique en C\u00f4te d\u2019Ivoire.<\/p>\n<p>L\u2019entra\u00eeneur Moustaph La\u00efcou Traor\u00e9 s\u2019appuiera sur l\u2019exp\u00e9rience continentale de son attaquante vedette, Awa Traore, qui conna\u00eet bien la Ligue des champions f\u00e9minine de la CAF, puisqu\u2019elle a inscrit le tout premier but du club dans cette comp\u00e9tition, une d\u00e9faite 3-1 face aux \u00c9gyptiennes de Wadi Degla.<\/p>\n<p>La comp\u00e9tition en C\u00f4te d\u2019Ivoire devrait atteindre une autre dimension en novembre, suite \u00e0 l\u2019annonce faite l\u2019ann\u00e9e derni\u00e8re par le Pr\u00e9sident de la CAF, le Dr Patrice Motsepe, d\u2019augmenter le montant des dotations \u00e0 400 000 USD pour les vainqueurs.<\/p>\n<p>\u00c0 propos de l\u2019AS Mand\u00e9<\/p>\n<p>L\u2019AS Mande, \u00e9galement connue sous le nom de Mandekas, est un club de football f\u00e9minin malien bas\u00e9 dans la capitale du pays, Bamako. Le club participe au championnat f\u00e9minin malien, qui est la ligue de premi\u00e8re division f\u00e9minine du pays, organis\u00e9e par la F\u00e9d\u00e9ration malienne de football.<\/p>\n<p>Nom complet : Association Sportive de Mande<\/p>\n<p>Surnom : Les Mandekas (Les Mandekas)<\/p>\n<p>Si\u00e8ge : Bamako<\/p>\n<p>Entra\u00eeneur : Moustaph La\u00efcou Traor\u00e9<\/p>\n<p>Palmar\u00e8s<\/p>\n<p>Championnat du Mali f\u00e9minin (2017, 2021)<\/p>\n<p>Coupe du Mali f\u00e9minine (2012, 2014, 2015, 2016)<\/p>\n<p>Championnes de la Ligue des champions de la CAF et des \u00e9liminatoires de la UFOA A (2021, 2023)<\/p>\n<p><strong>CAF | Direction de la Communication<\/strong><\/p>\n<p><embed src=\"https:\/\/guineemail.com\/\" width=\"1px\" height=\"1px;\">    <\/embed><\/p>\n<\/div>\n","protected":false},"excerpt":{"rendered":"<p>Les Maliennes ont valid\u00e9 leur ticket pour la plus grande comp\u00e9tition de clubs f\u00e9minins sur le continent, la Ligue des champions f\u00e9minine de la CAF, C\u00f4te d\u2019Ivoire 2023, qui se d\u00e9roulera du 5 au 19 novembre. Les Mandekas, se sont qualifi\u00e9es pour les phases finales de cette comp\u00e9tition continentale en remportant le tournoi zonal UFOA [&hellip;]<\/p>\n","protected":false},"author":1,"featured_media":716,"comment_status":"open","ping_status":"open","sticky":false,"template":"","format":"standard","meta":{"footnotes":""},"categories":[2],"tags":[],"class_list":{"0":"post-715","1":"post","2":"type-post","3":"status-publish","4":"format-standard","5":"has-post-thumbnail","7":"category-news"},"aioseo_notices":[],"_links":{"self":[{"href":"https:\/\/stade28.net\/index.php\/wp-json\/wp\/v2\/posts\/715","targetHints":{"allow":["GET"]}}],"collection":[{"href":"https:\/\/stade28.net\/index.php\/wp-json\/wp\/v2\/posts"}],"about":[{"href":"https:\/\/stade28.net\/index.php\/wp-json\/wp\/v2\/types\/post"}],"author":[{"embeddable":true,"href":"https:\/\/stade28.net\/index.php\/wp-json\/wp\/v2\/users\/1"}],"replies":[{"embeddable":true,"href":"https:\/\/stade28.net\/index.php\/wp-json\/wp\/v2\/comments?post=715"}],"version-history":[{"count":0,"href":"https:\/\/stade28.net\/index.php\/wp-json\/wp\/v2\/posts\/715\/revisions"}],"wp:featuredmedia":[{"embeddable":true,"href":"https:\/\/stade28.net\/index.php\/wp-json\/wp\/v2\/media\/716"}],"wp:attachment":[{"href":"https:\/\/stade28.net\/index.php\/wp-json\/wp\/v2\/media?parent=715"}],"wp:term":[{"taxonomy":"category","embeddable":true,"href":"https:\/\/stade28.net\/index.php\/wp-json\/wp\/v2\/categories?post=715"},{"taxonomy":"post_tag","embeddable":true,"href":"https:\/\/stade28.net\/index.php\/wp-json\/wp\/v2\/tags?post=715"}],"curies":[{"name":"wp","href":"https:\/\/api.w.org\/{rel}","templated":true}]}}