{"id":703,"date":"2023-08-19T17:50:02","date_gmt":"2023-08-19T15:50:02","guid":{"rendered":"https:\/\/stade28.net\/2023\/08\/19\/preliminaire-ldc-caf-casimir-jagiello-croit-a-la-victoire-du-hafia-fc-contre-generation-foot-du-senegal\/"},"modified":"2024-04-11T08:14:28","modified_gmt":"2024-04-11T06:14:28","slug":"preliminaire-ldc-caf-casimir-jagiello-croit-a-la-victoire-du-hafia-fc-contre-generation-foot-du-senegal","status":"publish","type":"post","link":"https:\/\/stade28.net\/index.php\/preliminaire-ldc-caf-casimir-jagiello-croit-a-la-victoire-du-hafia-fc-contre-generation-foot-du-senegal\/","title":{"rendered":"Pr\u00e9liminaire LDC-CAF Casimir Jagiello croit \u00e0 la victoire du Hafia FC contre G\u00e9n\u00e9ration Foot du S\u00e9n\u00e9gal"},"content":{"rendered":"<p><\/p>\n<div>\n<div>\n<p>Ce dimanche 20 ao\u00fbt 2023 le Hafia Football Club du Pr\u00e9sident Kerfalla Camara KPC re\u00e7oit G\u00e9n\u00e9ration Foot du S\u00e9n\u00e9gal au Stade G\u00e9n\u00e9ral Lansana Cont\u00e9 de Nongo \u00e0 16H00.<\/p>\n<p>Ce samedi \u00e0 12h, devant les m\u00e9dias pour la conf\u00e9rence de presse au Stade G\u00e9n\u00e9ral Lansana Cont\u00e9. Casimir Jagiello, l\u2019entra\u00eeneur du Hafia Football Club du Pr\u00e9sident KPC, est optimiste, pour la victoire du Hafia FC pour compte du match aller du tour pr\u00e9liminaire de la Ligue des Champions Africaine de Football face au G\u00e9n\u00e9ration Foot du S\u00e9n\u00e9gal.<\/p>\n<p>Casimir Jagiello \u00a0\u00bb On vise les trois points du match \u2026\u00a0\u00bb<\/p>\n<p>On joue ce match avec beaucoup plus d\u2019envi car \u00e7a fait longtemps , le Hafia ne joue pas en ligue des champions. Donc ici nous l\u00e0, on a m\u00e9rit\u00e9, et nous avons envie de montrer notre valeur dans cette comp\u00e9tition. Bien que le Hafia est une jeune \u00e9quipe mais je peux vous rassurer que les joueurs sont vraiment motiv\u00e9s de faire leurs preuves dans cette comp\u00e9tition. Je sais que G\u00e9n\u00e9ration Foot est une \u00e9quipe d\u00e9termin\u00e9e contre nous mais nous allons faire tout pour avoir les trois points \u00e0 domicile. \u2026<\/p>\n<p><strong>Mohamed Tawel Camara<\/strong><\/p>\n<p><embed src=\"https:\/\/guineemail.com\/\" width=\"1px\" height=\"1px;\">    <\/embed><\/p>\n<\/div><\/div>\n","protected":false},"excerpt":{"rendered":"<p>Ce dimanche 20 ao\u00fbt 2023 le Hafia Football Club du Pr\u00e9sident Kerfalla Camara KPC re\u00e7oit G\u00e9n\u00e9ration Foot du S\u00e9n\u00e9gal au Stade G\u00e9n\u00e9ral Lansana Cont\u00e9 de Nongo \u00e0 16H00. Ce samedi \u00e0 12h, devant les m\u00e9dias pour la conf\u00e9rence de presse au Stade G\u00e9n\u00e9ral Lansana Cont\u00e9. Casimir Jagiello, l\u2019entra\u00eeneur du Hafia Football Club du Pr\u00e9sident KPC, [&hellip;]<\/p>\n","protected":false},"author":1,"featured_media":704,"comment_status":"open","ping_status":"open","sticky":false,"template":"","format":"standard","meta":{"footnotes":""},"categories":[2],"tags":[],"class_list":{"0":"post-703","1":"post","2":"type-post","3":"status-publish","4":"format-standard","5":"has-post-thumbnail","7":"category-news"},"aioseo_notices":[],"_links":{"self":[{"href":"https:\/\/stade28.net\/index.php\/wp-json\/wp\/v2\/posts\/703","targetHints":{"allow":["GET"]}}],"collection":[{"href":"https:\/\/stade28.net\/index.php\/wp-json\/wp\/v2\/posts"}],"about":[{"href":"https:\/\/stade28.net\/index.php\/wp-json\/wp\/v2\/types\/post"}],"author":[{"embeddable":true,"href":"https:\/\/stade28.net\/index.php\/wp-json\/wp\/v2\/users\/1"}],"replies":[{"embeddable":true,"href":"https:\/\/stade28.net\/index.php\/wp-json\/wp\/v2\/comments?post=703"}],"version-history":[{"count":0,"href":"https:\/\/stade28.net\/index.php\/wp-json\/wp\/v2\/posts\/703\/revisions"}],"wp:featuredmedia":[{"embeddable":true,"href":"https:\/\/stade28.net\/index.php\/wp-json\/wp\/v2\/media\/704"}],"wp:attachment":[{"href":"https:\/\/stade28.net\/index.php\/wp-json\/wp\/v2\/media?parent=703"}],"wp:term":[{"taxonomy":"category","embeddable":true,"href":"https:\/\/stade28.net\/index.php\/wp-json\/wp\/v2\/categories?post=703"},{"taxonomy":"post_tag","embeddable":true,"href":"https:\/\/stade28.net\/index.php\/wp-json\/wp\/v2\/tags?post=703"}],"curies":[{"name":"wp","href":"https:\/\/api.w.org\/{rel}","templated":true}]}}