{"id":689,"date":"2023-08-21T19:39:23","date_gmt":"2023-08-21T17:39:23","guid":{"rendered":"https:\/\/stade28.net\/2023\/08\/21\/mercato-cest-officiel-seydouba-soumah-signe-a-novi-pazar\/"},"modified":"2024-04-09T18:19:26","modified_gmt":"2024-04-09T16:19:26","slug":"mercato-cest-officiel-seydouba-soumah-signe-a-novi-pazar","status":"publish","type":"post","link":"https:\/\/stade28.net\/index.php\/mercato-cest-officiel-seydouba-soumah-signe-a-novi-pazar\/","title":{"rendered":"Mercato : C\u2019est officiel , Seydouba Soumah signe \u00e0 Novi pazar!"},"content":{"rendered":"<p><\/p>\n<div>\n<div>\n<p>Comme on vous annon\u00e7ait dans nos pr\u00e9c\u00e9dentes publications sur l\u2019\u00e9v\u00e9ntuel retour de seydouba Soumah konkolet, en Serbie,\u00a0 c\u2019est d\u00e9sormais officiel.<\/p>\n<p>Apr\u00e8s plusieurs jours de n\u00e9gociation, les deux parties ont fini par trouver un accord de signature de l\u2019attaquant guin\u00e9en de 32 ans pour la saison 2023-2024.<\/p>\n<p>Libre de tout contrat, apr\u00e8s son d\u00e9part du championnat Kowe\u00eftien avec Al Koweit, l\u00a0\u00bbinternational guin\u00e9en\u00a0 Seydouba Soumah\u00a0 \u00ab\u00a0konkolet \u00a0\u00bb \u00e9voluera au c\u00f4t\u00e9 de son compatriote\u00a0 Abdoulaye Ciss\u00e9.<\/p>\n<p>Ce retour dans l\u2019affaire pourrait \u00eatre une opportunit\u00e9 pour celui qui est appel\u00e9 le sauveur du syli dans les moments difficiles des qualifications, de r\u00e9appara\u00eetre \u00e0\u00a0 nouveau apr\u00e8s tant de moment d\u2019absence.<\/p>\n<p><strong>Max Camara\u00a0<\/strong><\/p>\n<p><embed src=\"https:\/\/guineemail.com\/\" width=\"1px\" height=\"1px;\">    <\/embed><\/p>\n<\/div><\/div>\n","protected":false},"excerpt":{"rendered":"<p>Comme on vous annon\u00e7ait dans nos pr\u00e9c\u00e9dentes publications sur l\u2019\u00e9v\u00e9ntuel retour de seydouba Soumah konkolet, en Serbie,\u00a0 c\u2019est d\u00e9sormais officiel. Apr\u00e8s plusieurs jours de n\u00e9gociation, les deux parties ont fini par trouver un accord de signature de l\u2019attaquant guin\u00e9en de 32 ans pour la saison 2023-2024. Libre de tout contrat, apr\u00e8s son d\u00e9part du championnat [&hellip;]<\/p>\n","protected":false},"author":1,"featured_media":690,"comment_status":"open","ping_status":"open","sticky":false,"template":"","format":"standard","meta":{"footnotes":""},"categories":[2],"tags":[],"class_list":{"0":"post-689","1":"post","2":"type-post","3":"status-publish","4":"format-standard","5":"has-post-thumbnail","7":"category-news"},"aioseo_notices":[],"_links":{"self":[{"href":"https:\/\/stade28.net\/index.php\/wp-json\/wp\/v2\/posts\/689","targetHints":{"allow":["GET"]}}],"collection":[{"href":"https:\/\/stade28.net\/index.php\/wp-json\/wp\/v2\/posts"}],"about":[{"href":"https:\/\/stade28.net\/index.php\/wp-json\/wp\/v2\/types\/post"}],"author":[{"embeddable":true,"href":"https:\/\/stade28.net\/index.php\/wp-json\/wp\/v2\/users\/1"}],"replies":[{"embeddable":true,"href":"https:\/\/stade28.net\/index.php\/wp-json\/wp\/v2\/comments?post=689"}],"version-history":[{"count":0,"href":"https:\/\/stade28.net\/index.php\/wp-json\/wp\/v2\/posts\/689\/revisions"}],"wp:featuredmedia":[{"embeddable":true,"href":"https:\/\/stade28.net\/index.php\/wp-json\/wp\/v2\/media\/690"}],"wp:attachment":[{"href":"https:\/\/stade28.net\/index.php\/wp-json\/wp\/v2\/media?parent=689"}],"wp:term":[{"taxonomy":"category","embeddable":true,"href":"https:\/\/stade28.net\/index.php\/wp-json\/wp\/v2\/categories?post=689"},{"taxonomy":"post_tag","embeddable":true,"href":"https:\/\/stade28.net\/index.php\/wp-json\/wp\/v2\/tags?post=689"}],"curies":[{"name":"wp","href":"https:\/\/api.w.org\/{rel}","templated":true}]}}