{"id":671,"date":"2023-08-24T22:33:43","date_gmt":"2023-08-24T20:33:43","guid":{"rendered":"https:\/\/stade28.net\/2023\/08\/24\/lgfp-asms-le-coach-souleymane-camara-renouvele-pour-deux-ans\/"},"modified":"2024-04-09T17:45:11","modified_gmt":"2024-04-09T15:45:11","slug":"lgfp-asms-le-coach-souleymane-camara-renouvele-pour-deux-ans","status":"publish","type":"post","link":"https:\/\/stade28.net\/index.php\/lgfp-asms-le-coach-souleymane-camara-renouvele-pour-deux-ans\/","title":{"rendered":"LGFP \/ASMS: Le coach Souleymane Camara renouvel\u00e9 pour deux ans!"},"content":{"rendered":"<p><\/p>\n<div>\n<div>\n<p>L\u2019aventure va ontinuer\u00a0 pour\u00a0 Souleymane Camara dit \u00ab\u00a0Abedi\u00a0\u00bb, pour les intimes \u00e0 la t\u00eate de l\u2019ASMS (Association Sportive des Mineurs de Sangar\u00e9di).\u00a0 Il a r\u00e9sign\u00e9 pour deux ans. L\u2019annonce de la prolongation\u00a0 a \u00e9t\u00e9\u00a0 faite ce mercredi 23 Ao\u00fbt\u00a0 par le principal int\u00e9ress\u00e9\u00a0 \u00e0 travers sa page Facebook. Ainsi, d\u00e9sormais\u00a0 ,\u00a0 l\u2019ancien s\u00e9lectionneur des Sylis cadet et espoir serait li\u00e9 au club minier de Sangar\u00e9di jusqu\u2019en\u00a0 2025 .C\u2019est comme pour vous dire que, c\u2019est le travail bien fait qui a \u00e9t\u00e9 recompens\u00e9.<\/p>\n<p>Pour rappel,\u00a0 cette saison le coach Souleymane Camara \u00ab\u00a0Ab\u00e9di \u00ab\u00a0a r\u00e9ussi \u00e0 assurer le maintien en Ligue 1 de l\u2019ASMS. Il a termin\u00e9 \u00e0 la 8\u00e8 place au classement g\u00e9n\u00e9ral avec 35 points.<\/p>\n<p><embed src=\"https:\/\/guineemail.com\/\" width=\"1px\" height=\"1px;\">    <\/embed><\/p>\n<\/div><\/div>\n","protected":false},"excerpt":{"rendered":"<p>L\u2019aventure va ontinuer\u00a0 pour\u00a0 Souleymane Camara dit \u00ab\u00a0Abedi\u00a0\u00bb, pour les intimes \u00e0 la t\u00eate de l\u2019ASMS (Association Sportive des Mineurs de Sangar\u00e9di).\u00a0 Il a r\u00e9sign\u00e9 pour deux ans. L\u2019annonce de la prolongation\u00a0 a \u00e9t\u00e9\u00a0 faite ce mercredi 23 Ao\u00fbt\u00a0 par le principal int\u00e9ress\u00e9\u00a0 \u00e0 travers sa page Facebook. Ainsi, d\u00e9sormais\u00a0 ,\u00a0 l\u2019ancien s\u00e9lectionneur des Sylis [&hellip;]<\/p>\n","protected":false},"author":1,"featured_media":672,"comment_status":"open","ping_status":"open","sticky":false,"template":"","format":"standard","meta":{"footnotes":""},"categories":[2],"tags":[],"class_list":{"0":"post-671","1":"post","2":"type-post","3":"status-publish","4":"format-standard","5":"has-post-thumbnail","7":"category-news"},"aioseo_notices":[],"_links":{"self":[{"href":"https:\/\/stade28.net\/index.php\/wp-json\/wp\/v2\/posts\/671","targetHints":{"allow":["GET"]}}],"collection":[{"href":"https:\/\/stade28.net\/index.php\/wp-json\/wp\/v2\/posts"}],"about":[{"href":"https:\/\/stade28.net\/index.php\/wp-json\/wp\/v2\/types\/post"}],"author":[{"embeddable":true,"href":"https:\/\/stade28.net\/index.php\/wp-json\/wp\/v2\/users\/1"}],"replies":[{"embeddable":true,"href":"https:\/\/stade28.net\/index.php\/wp-json\/wp\/v2\/comments?post=671"}],"version-history":[{"count":0,"href":"https:\/\/stade28.net\/index.php\/wp-json\/wp\/v2\/posts\/671\/revisions"}],"wp:featuredmedia":[{"embeddable":true,"href":"https:\/\/stade28.net\/index.php\/wp-json\/wp\/v2\/media\/672"}],"wp:attachment":[{"href":"https:\/\/stade28.net\/index.php\/wp-json\/wp\/v2\/media?parent=671"}],"wp:term":[{"taxonomy":"category","embeddable":true,"href":"https:\/\/stade28.net\/index.php\/wp-json\/wp\/v2\/categories?post=671"},{"taxonomy":"post_tag","embeddable":true,"href":"https:\/\/stade28.net\/index.php\/wp-json\/wp\/v2\/tags?post=671"}],"curies":[{"name":"wp","href":"https:\/\/api.w.org\/{rel}","templated":true}]}}