{"id":665,"date":"2023-08-26T22:08:28","date_gmt":"2023-08-26T20:08:28","guid":{"rendered":"https:\/\/stade28.net\/2023\/08\/26\/guinee-sport-national-fin-de-formation-des-administrateurs-de-tir-sportif\/"},"modified":"2024-04-09T17:37:21","modified_gmt":"2024-04-09T15:37:21","slug":"guinee-sport-national-fin-de-formation-des-administrateurs-de-tir-sportif","status":"publish","type":"post","link":"https:\/\/stade28.net\/index.php\/guinee-sport-national-fin-de-formation-des-administrateurs-de-tir-sportif\/","title":{"rendered":"Guin\u00e9e\/Sport national : Fin de formation des administrateurs de tir sportif\u2026"},"content":{"rendered":"<p><\/p>\n<div>\n<p>D\u00e9marr\u00e9e le 24 Ao\u00fbt dernier \u00e0 Conakry ,\u00a0 la premi\u00e8re\u00a0 session de formation des administrateurs de la f\u00e9d\u00e9ration guin\u00e9enne de tir sportif , de loisir et de comp\u00e9tition, s\u2019est achev\u00e9e\u00a0 ce samedi 26 Ao\u00fbt . La c\u00e9r\u00e9monie\u00a0 de cl\u00f4ture\u00a0 a eu lieu dans la salle de l\u2019acad\u00e9mie nationale\u00a0 de Guin\u00e9e\u00a0 sise au stade du 28 septembre . Elle a connu la pr\u00e9sence des cadres du comit\u00e9 national olympique et sportif guin\u00e9en\u00a0\u00a0et du\u00a0\u00a0repr\u00e9sentant du minist\u00e8re de la jeunesse et des sports . Durant trois jours ,\u00a0 9 administrateurs dont 2\u00a0 femmes\u00a0 ont\u00a0 particip\u00e9\u00a0 \u00e0\u00a0 cette formation dirig\u00e9e\u00a0 par l\u2019expert Americain\u00a0 \u00a0de la f\u00e9d\u00e9ration internationale de tir sportif.\u00a0 C\u2019est une initiative de la f\u00e9d\u00e9ration guin\u00e9enne de tir sportif , de loisir et de comp\u00e9tition\u00a0 en collaboration avec le comit\u00e9 national olympique et sportif guin\u00e9en, ( CNOSG).<\/p>\n<p><a href=\"https:\/\/stade28.net\/wp-content\/uploads\/2023\/08\/20230826_195136-1.jpg\"\/>A l\u2019issue, le porte-parole des stagiaires , Boubacar Soumah est revenu sur les differents th\u00e8mes abord\u00e9s avant de promettre de restituer \u00e0 bon escient\u00a0 lesdits th\u00e8mes:\u00a0\u00bb Nous avons h\u00e9rit\u00e9 des cours ci-apr\u00e8s : les statuts et les r\u00e8glements de la f\u00e9d\u00e9ration guin\u00e9enne de tir sportif,\u00a0 l\u2019\u00e9thique et valeur , les dispositions r\u00e9glementaires et s\u00e9curitaires, le marketing et le sponsoring entre autres .Sur ce , nous vous rassurons que le tir sportif a pris son envol. Et, nous vous r\u00e9it\u00e9rons \u00e9galement que la flamme olympique ne s\u2019\u00e9teindra\u00a0 jamais\u00a0 dans les mains de la f\u00e9d\u00e9ration de tir sportif guin\u00e9en\u00a0\u00bb.<\/p>\n<div dir=\"auto\">\n<div dir=\"auto\"><a href=\"https:\/\/stade28.net\/wp-content\/uploads\/2023\/08\/received_1428815121044624.jpeg\"><\/a><\/div>\n<p>Pour sa part, l\u2019expert Am\u00e9ricain de la f\u00e9d\u00e9ration\u00a0 internationale de tir sportif ARTHUR PENDRAGON, a, au vu de l\u2019importance et de la pertinence de cette session de formation, \u00e9voqu\u00e9 : \u00ab\u00a0Je suis tr\u00e8s content d\u2019avoir \u00e9chang\u00e9 mes connaissances\u00a0 avec vous .Et j\u2019en s\u00fbr\u00a0 qu\u2019il y aura d\u2019autres formations apr\u00e8s celle -ci . Donc\u00a0 j\u2019esp\u00e8re\u00a0 bien avec l\u2019engagement\u00a0 de votre f\u00e9d\u00e9ration , il\u00a0 y aura d\u2019autres\u00a0 experts comme moi qui\u00a0 viendront vous former\u00a0 afin de\u00a0 vous aider \u00e0 faire d\u00e9velopper\u00a0 cette discipline\u00a0 sur toute l\u2019\u00e9tendue du territoire national.\u00a0\u00bb<\/p>\n<div dir=\"auto\"><a href=\"https:\/\/stade28.net\/wp-content\/uploads\/2023\/08\/received_144986838657485.jpeg\"><img loading=\"lazy\" decoding=\"async\" class=\"aligncenter size-medium wp-image-4338\" src=\"https:\/\/stade28.net\/wp-content\/uploads\/2023\/08\/received_144986838657485-300x272.jpeg\" alt=\"\" width=\"300\" height=\"272\" srcset=\"https:\/\/stade28.net\/wp-content\/uploads\/2023\/08\/received_144986838657485-300x272.jpeg 300w, https:\/\/stade28.net\/wp-content\/uploads\/2023\/08\/received_144986838657485-1024x928.jpeg 1024w, https:\/\/stade28.net\/wp-content\/uploads\/2023\/08\/received_144986838657485-768x696.jpeg 768w, https:\/\/stade28.net\/wp-content\/uploads\/2023\/08\/received_144986838657485-1536x1391.jpeg 1536w, https:\/\/stade28.net\/wp-content\/uploads\/2023\/08\/received_144986838657485-696x630.jpeg 696w, https:\/\/stade28.net\/wp-content\/uploads\/2023\/08\/received_144986838657485-1068x967.jpeg 1068w, https:\/\/stade28.net\/wp-content\/uploads\/2023\/08\/received_144986838657485-464x420.jpeg 464w, https:\/\/stade28.net\/wp-content\/uploads\/2023\/08\/received_144986838657485.jpeg 1838w\" sizes=\"auto, (max-width: 300px) 100vw, 300px\"\/><\/a><\/div>\n<p>Pour sa part, le pr\u00e9sident de tir sportif , de loisir et de comp\u00e9tition , Madany CAMARA\u00a0\u00a0 dira:\u00a0\u00bbC\u2019est \u00e0 vous chers participants\u00a0 qu\u2019il appartient maintenant de d\u00e9montrer que nous avons raison de vous faire confiance. Puisque pour les ann\u00e9es \u00e0 venir la destin\u00e9e de notre sport vous est confi\u00e9e, elle sera ce que vous en ferez. A monsieur le repr\u00e9sentant du ministre , nous vous saurions gr\u00e9 de bien vouloir transmettre \u00e0 monsieur le ministre notre courrier relatif \u00e0 une demande de mise \u00e0 disposition du stand de tir sportif pour la f\u00e9d\u00e9ration\u00a0 au stade du 28septembre, une\u00a0\u00a0infrastructure indispensable pour la pratique et le d\u00e9veloppement du tir sportif en Guin\u00e9e .\u00a0\u00bb<\/p>\n<div dir=\"auto\"><a href=\"https:\/\/stade28.net\/wp-content\/uploads\/2023\/08\/received_7005300482822719.jpeg\"><img loading=\"lazy\" decoding=\"async\" class=\"aligncenter size-medium wp-image-4339\" src=\"https:\/\/stade28.net\/wp-content\/uploads\/2023\/08\/received_7005300482822719-244x300.jpeg\" alt=\"\" width=\"244\" height=\"300\" srcset=\"https:\/\/stade28.net\/wp-content\/uploads\/2023\/08\/received_7005300482822719-244x300.jpeg 244w, https:\/\/stade28.net\/wp-content\/uploads\/2023\/08\/received_7005300482822719-835x1024.jpeg 835w, https:\/\/stade28.net\/wp-content\/uploads\/2023\/08\/received_7005300482822719-768x942.jpeg 768w, https:\/\/stade28.net\/wp-content\/uploads\/2023\/08\/received_7005300482822719-324x400.jpeg 324w, https:\/\/stade28.net\/wp-content\/uploads\/2023\/08\/received_7005300482822719-696x854.jpeg 696w, https:\/\/stade28.net\/wp-content\/uploads\/2023\/08\/received_7005300482822719-1068x1311.jpeg 1068w, https:\/\/stade28.net\/wp-content\/uploads\/2023\/08\/received_7005300482822719-342x420.jpeg 342w, https:\/\/stade28.net\/wp-content\/uploads\/2023\/08\/received_7005300482822719.jpeg 1123w\" sizes=\"auto, (max-width: 244px) 100vw, 244px\"\/><\/a><\/div>\n<p>Selon Elhadj Ben Daouda Nansoko, pr\u00e9sident\u00a0 du CNOSG , cette formation\u00a0 est venue \u00e0 point nomm\u00e9 . Et d\u2019ajouter que son institution est pr\u00eate \u00e0 accompagner le tir sportif Guin\u00e9n. \u00ab\u00a0La tenue de cette formation est venue \u00e0 un moment opportun pour les administrateurs\u00a0 de la f\u00e9d\u00e9ration guin\u00e9enne de tir sportif\u00a0 .Donc, je vous avoue que la disponibilit\u00e9\u00a0 du comit\u00e9 national olympique et sportif guin\u00e9en sera \u00e0 la hauteur\u00a0\u00bb,\u00a0 a t-il affirm\u00e9.<\/p>\n<div dir=\"auto\"><a href=\"https:\/\/stade28.net\/wp-content\/uploads\/2023\/08\/20230826_195113.jpg\"><img loading=\"lazy\" decoding=\"async\" class=\"aligncenter size-medium wp-image-4340\" src=\"https:\/\/stade28.net\/wp-content\/uploads\/2023\/08\/20230826_195113-300x195.jpg\" alt=\"\" width=\"300\" height=\"195\" srcset=\"https:\/\/stade28.net\/wp-content\/uploads\/2023\/08\/20230826_195113-300x195.jpg 300w, https:\/\/stade28.net\/wp-content\/uploads\/2023\/08\/20230826_195113-1024x666.jpg 1024w, https:\/\/stade28.net\/wp-content\/uploads\/2023\/08\/20230826_195113-768x499.jpg 768w, https:\/\/stade28.net\/wp-content\/uploads\/2023\/08\/20230826_195113-696x452.jpg 696w, https:\/\/stade28.net\/wp-content\/uploads\/2023\/08\/20230826_195113-1068x694.jpg 1068w, https:\/\/stade28.net\/wp-content\/uploads\/2023\/08\/20230826_195113-646x420.jpg 646w, https:\/\/stade28.net\/wp-content\/uploads\/2023\/08\/20230826_195113.jpg 1506w\" sizes=\"auto, (max-width: 300px) 100vw, 300px\"\/><\/a><\/div>\n<p><span style=\"font-family: sans-serif\">Pour clore , le repr\u00e9sentant du ministre de la Jeunesse et des Sports, Salifou Alya Camara\u00a0 \u00a0a\u00a0 remerci\u00e9 les organisateurs et f\u00e9licit\u00e9 les participants avant de faire quelques recommandations :\u00a0\u00bb <\/span>C\u2019est le lieu de saluer cette heureuse initiative\u00a0 de la f\u00e9d\u00e9ration\u00a0 guin\u00e9enne de tir sportif. Nous remercions\u00a0 l\u2019expert de la f\u00e9d\u00e9ration internationale\u00a0 pour ses prouessses , et son exp\u00e9rience\u00a0 qu\u2019il a mise \u00e0 la disposition\u00a0 de nos administrateurs\u00a0 pour d\u00e9velopper cette discipline en Guin\u00e9e. Aux stagiaires,\u00a0 je vous invite \u00e0 vulgariser cette discipline \u00e0 travers le pays. \u00ab\u00a0<\/p>\n<\/div>\n<p><embed src=\"https:\/\/guineemail.com\/\" width=\"1px\" height=\"1px;\">    <\/embed><\/p>\n<\/div>\n","protected":false},"excerpt":{"rendered":"<p>D\u00e9marr\u00e9e le 24 Ao\u00fbt dernier \u00e0 Conakry ,\u00a0 la premi\u00e8re\u00a0 session de formation des administrateurs de la f\u00e9d\u00e9ration guin\u00e9enne de tir sportif , de loisir et de comp\u00e9tition, s\u2019est achev\u00e9e\u00a0 ce samedi 26 Ao\u00fbt . La c\u00e9r\u00e9monie\u00a0 de cl\u00f4ture\u00a0 a eu lieu dans la salle de l\u2019acad\u00e9mie nationale\u00a0 de Guin\u00e9e\u00a0 sise au stade du 28 [&hellip;]<\/p>\n","protected":false},"author":1,"featured_media":666,"comment_status":"open","ping_status":"open","sticky":false,"template":"","format":"standard","meta":{"footnotes":""},"categories":[2],"tags":[],"class_list":{"0":"post-665","1":"post","2":"type-post","3":"status-publish","4":"format-standard","5":"has-post-thumbnail","7":"category-news"},"aioseo_notices":[],"_links":{"self":[{"href":"https:\/\/stade28.net\/index.php\/wp-json\/wp\/v2\/posts\/665","targetHints":{"allow":["GET"]}}],"collection":[{"href":"https:\/\/stade28.net\/index.php\/wp-json\/wp\/v2\/posts"}],"about":[{"href":"https:\/\/stade28.net\/index.php\/wp-json\/wp\/v2\/types\/post"}],"author":[{"embeddable":true,"href":"https:\/\/stade28.net\/index.php\/wp-json\/wp\/v2\/users\/1"}],"replies":[{"embeddable":true,"href":"https:\/\/stade28.net\/index.php\/wp-json\/wp\/v2\/comments?post=665"}],"version-history":[{"count":0,"href":"https:\/\/stade28.net\/index.php\/wp-json\/wp\/v2\/posts\/665\/revisions"}],"wp:featuredmedia":[{"embeddable":true,"href":"https:\/\/stade28.net\/index.php\/wp-json\/wp\/v2\/media\/666"}],"wp:attachment":[{"href":"https:\/\/stade28.net\/index.php\/wp-json\/wp\/v2\/media?parent=665"}],"wp:term":[{"taxonomy":"category","embeddable":true,"href":"https:\/\/stade28.net\/index.php\/wp-json\/wp\/v2\/categories?post=665"},{"taxonomy":"post_tag","embeddable":true,"href":"https:\/\/stade28.net\/index.php\/wp-json\/wp\/v2\/tags?post=665"}],"curies":[{"name":"wp","href":"https:\/\/api.w.org\/{rel}","templated":true}]}}