{"id":662,"date":"2023-08-27T00:15:08","date_gmt":"2023-08-26T22:15:08","guid":{"rendered":"https:\/\/stade28.net\/2023\/08\/27\/ldc-caf-generation-foot-hafia-fc-serge-andoulo-capitaine-du-hafia-fc-nous-sommes-prets-pour-le-combat\/"},"modified":"2024-04-09T17:33:14","modified_gmt":"2024-04-09T15:33:14","slug":"ldc-caf-generation-foot-hafia-fc-serge-andoulo-capitaine-du-hafia-fc-nous-sommes-prets-pour-le-combat","status":"publish","type":"post","link":"https:\/\/stade28.net\/index.php\/ldc-caf-generation-foot-hafia-fc-serge-andoulo-capitaine-du-hafia-fc-nous-sommes-prets-pour-le-combat\/","title":{"rendered":"LDC-CAF \/ G\u00e9n\u00e9ration Foot \u2013 Hafia FC : Serge Andoulo capitaine du Hafia FC: \u00bbNous sommes pr\u00eats pour le combat. \u00bb"},"content":{"rendered":"<p><\/p>\n<div>\n<div>\n<p>Les regards sont tourn\u00e9s vers le choc du match retour du premier tour pr\u00e9liminaire de la LDC CAF, entre G\u00e9n\u00e9ration Foot et le Hafia Football Club du Pr\u00e9sident Kerfalla Camara KPC qui va se jouer\u00a0 au Stade Lat-Dior de Thi\u00e8s, ce dimanche 27 ao\u00fbt 2023 \u00e0 19H GMT.<\/p>\n<p>Une semaine apr\u00e8s son nul ferm\u00e9 de (0-0) \u00e0 Conakry, ce samedi apr\u00e8s la mise en place du Hafia FC, Serge Andoulo le capitaine des vert-blanc nous a confi\u00e9 :\u00abOn est tous conscients de l\u2019enjeu de ce match contre G\u00e9n\u00e9ration Foot. Et on sait, que \u00e7a ne va pas \u00eatre ais\u00e9 pour nous. Mais nous sommes pr\u00eats pour le combat. Et j\u2019esp\u00e8re que nous allons obtenir la qualification demain \u2026\u00bb<\/p>\n<p><strong>Mohamed Tawel Camara<\/strong><\/p>\n<p><embed src=\"https:\/\/guineemail.com\/\" width=\"1px\" height=\"1px;\">    <\/embed><\/p>\n<\/div><\/div>\n","protected":false},"excerpt":{"rendered":"<p>Les regards sont tourn\u00e9s vers le choc du match retour du premier tour pr\u00e9liminaire de la LDC CAF, entre G\u00e9n\u00e9ration Foot et le Hafia Football Club du Pr\u00e9sident Kerfalla Camara KPC qui va se jouer\u00a0 au Stade Lat-Dior de Thi\u00e8s, ce dimanche 27 ao\u00fbt 2023 \u00e0 19H GMT. Une semaine apr\u00e8s son nul ferm\u00e9 de [&hellip;]<\/p>\n","protected":false},"author":1,"featured_media":663,"comment_status":"open","ping_status":"open","sticky":false,"template":"","format":"standard","meta":{"footnotes":""},"categories":[2],"tags":[],"class_list":{"0":"post-662","1":"post","2":"type-post","3":"status-publish","4":"format-standard","5":"has-post-thumbnail","7":"category-news"},"aioseo_notices":[],"_links":{"self":[{"href":"https:\/\/stade28.net\/index.php\/wp-json\/wp\/v2\/posts\/662","targetHints":{"allow":["GET"]}}],"collection":[{"href":"https:\/\/stade28.net\/index.php\/wp-json\/wp\/v2\/posts"}],"about":[{"href":"https:\/\/stade28.net\/index.php\/wp-json\/wp\/v2\/types\/post"}],"author":[{"embeddable":true,"href":"https:\/\/stade28.net\/index.php\/wp-json\/wp\/v2\/users\/1"}],"replies":[{"embeddable":true,"href":"https:\/\/stade28.net\/index.php\/wp-json\/wp\/v2\/comments?post=662"}],"version-history":[{"count":0,"href":"https:\/\/stade28.net\/index.php\/wp-json\/wp\/v2\/posts\/662\/revisions"}],"wp:featuredmedia":[{"embeddable":true,"href":"https:\/\/stade28.net\/index.php\/wp-json\/wp\/v2\/media\/663"}],"wp:attachment":[{"href":"https:\/\/stade28.net\/index.php\/wp-json\/wp\/v2\/media?parent=662"}],"wp:term":[{"taxonomy":"category","embeddable":true,"href":"https:\/\/stade28.net\/index.php\/wp-json\/wp\/v2\/categories?post=662"},{"taxonomy":"post_tag","embeddable":true,"href":"https:\/\/stade28.net\/index.php\/wp-json\/wp\/v2\/tags?post=662"}],"curies":[{"name":"wp","href":"https:\/\/api.w.org\/{rel}","templated":true}]}}