{"id":5572,"date":"2026-09-06T15:48:17","date_gmt":"2026-09-06T13:48:17","guid":{"rendered":"https:\/\/stade28.net\/?p=5572"},"modified":"2026-09-06T15:48:17","modified_gmt":"2026-09-06T13:48:17","slug":"ufoa-a-ibrahima-blasco-barry-represente-la-guinee-a-lassemblee-generale-elective-a-banjul","status":"publish","type":"post","link":"https:\/\/stade28.net\/index.php\/ufoa-a-ibrahima-blasco-barry-represente-la-guinee-a-lassemblee-generale-elective-a-banjul\/","title":{"rendered":"UFOA-A : Ibrahima Blasco Barry repr\u00e9sente la Guin\u00e9e \u00e0 l\u2019Assembl\u00e9e G\u00e9n\u00e9rale \u00e9lective \u00e0 Banjul"},"content":{"rendered":"<p>Le Secr\u00e9taire G\u00e9n\u00e9ral de la F\u00e9d\u00e9ration Guin\u00e9enne de Football (FGF), Ibrahima Blasco Barry, prend part ce dimanche 6 septembre 2026 \u00e0 Banjul, en Gambie, \u00e0 l\u2019Assembl\u00e9e G\u00e9n\u00e9rale Ordinaire et \u00c9lective de l\u2019Union des F\u00e9d\u00e9rations Ouest-Africaines de la Zone A (UFOA-A).<\/p>\n<p>Cette importante rencontre statutaire r\u00e9unit les repr\u00e9sentants des diff\u00e9rentes f\u00e9d\u00e9rations membres de la zone UFOA-A autour des principaux enjeux li\u00e9s \u00e0 la vie, au fonctionnement et \u00e0 l\u2019avenir de l\u2019organisation sous-r\u00e9gionale.<\/p>\n<p>La d\u00e9l\u00e9gation guin\u00e9enne participe ainsi aux travaux de cette assembl\u00e9e qui constitue un rendez-vous majeur pour les f\u00e9d\u00e9rations de la zone A de l\u2019Afrique de l\u2019Ouest.<\/p>\n<p>\u00c0 l\u2019issue des travaux, Ibrahima Blasco Barry est \u00e9galement attendu dans les tribunes pour assister \u00e0 la finale de la Women\u2019s Champions League (WCL) de l\u2019UFOA-A, pr\u00e9vue ce dimanche \u00e0 16 heures \u00e0 Banjul.<\/p>\n<p>Une pr\u00e9sence qui t\u00e9moigne de l\u2019implication de la F\u00e9d\u00e9ration Guin\u00e9enne de Football dans les activit\u00e9s des instances sous-r\u00e9gionales du football ouest-africain.<\/p>\n<p><strong>Marif Youla\u00a0<\/strong><\/p>\n","protected":false},"excerpt":{"rendered":"<p>Le Secr\u00e9taire G\u00e9n\u00e9ral de la F\u00e9d\u00e9ration Guin\u00e9enne de Football (FGF), Ibrahima Blasco Barry, prend part ce dimanche 6 septembre 2026 \u00e0 Banjul, en Gambie, \u00e0 l\u2019Assembl\u00e9e G\u00e9n\u00e9rale Ordinaire et \u00c9lective de l\u2019Union des F\u00e9d\u00e9rations Ouest-Africaines de la Zone A (UFOA-A). Cette importante rencontre statutaire r\u00e9unit les repr\u00e9sentants des diff\u00e9rentes f\u00e9d\u00e9rations membres de la zone UFOA-A [&hellip;]<\/p>\n","protected":false},"author":2,"featured_media":5573,"comment_status":"closed","ping_status":"closed","sticky":false,"template":"","format":"standard","meta":{"footnotes":""},"categories":[2],"tags":[],"class_list":["post-5572","post","type-post","status-publish","format-standard","has-post-thumbnail","category-news"],"aioseo_notices":[],"aioseo_head":"\n\t\t<!-- All in One SEO 5.0.1.1 - aioseo.com -->\n\t<meta name=\"description\" content=\"Le Secr\u00e9taire G\u00e9n\u00e9ral de la F\u00e9d\u00e9ration Guin\u00e9enne de Football (FGF), Ibrahima Blasco Barry, prend part ce dimanche 6 septembre 2026 \u00e0 Banjul, en Gambie, \u00e0 l\u2019Assembl\u00e9e G\u00e9n\u00e9rale Ordinaire et \u00c9lective de l\u2019Union des F\u00e9d\u00e9rations Ouest-Africaines de la Zone A (UFOA-A). Cette importante rencontre statutaire r\u00e9unit les repr\u00e9sentants des diff\u00e9rentes f\u00e9d\u00e9rations membres de la zone UFOA-A\" \/>\n\t<meta name=\"robots\" content=\"max-image-preview:large\" \/>\n\t<meta name=\"author\" content=\"Directeur de Publication\"\/>\n\t<link rel=\"canonical\" href=\"https:\/\/stade28.net\/index.php\/ufoa-a-ibrahima-blasco-barry-represente-la-guinee-a-lassemblee-generale-elective-a-banjul\/\" \/>\n\t<meta name=\"generator\" content=\"All in One SEO (AIOSEO) 5.0.1.1\" \/>\n\t\t<meta property=\"og:locale\" content=\"fr_FR\" \/>\n\t\t<meta property=\"og:site_name\" content=\"Stade28.net - Le portail du sport guin\u00e9en\" \/>\n\t\t<meta property=\"og:type\" content=\"article\" \/>\n\t\t<meta property=\"og:title\" content=\"UFOA-A : Ibrahima Blasco Barry repr\u00e9sente la Guin\u00e9e \u00e0 l\u2019Assembl\u00e9e G\u00e9n\u00e9rale \u00e9lective \u00e0 Banjul - Stade28.net\" \/>\n\t\t<meta property=\"og:description\" content=\"Le Secr\u00e9taire G\u00e9n\u00e9ral de la F\u00e9d\u00e9ration Guin\u00e9enne de Football (FGF), Ibrahima Blasco Barry, prend part ce dimanche 6 septembre 2026 \u00e0 Banjul, en Gambie, \u00e0 l\u2019Assembl\u00e9e G\u00e9n\u00e9rale Ordinaire et \u00c9lective de l\u2019Union des F\u00e9d\u00e9rations Ouest-Africaines de la Zone A (UFOA-A). Cette importante rencontre statutaire r\u00e9unit les repr\u00e9sentants des diff\u00e9rentes f\u00e9d\u00e9rations membres de la zone UFOA-A\" \/>\n\t\t<meta property=\"og:url\" content=\"https:\/\/stade28.net\/index.php\/ufoa-a-ibrahima-blasco-barry-represente-la-guinee-a-lassemblee-generale-elective-a-banjul\/\" \/>\n\t\t<meta property=\"article:published_time\" content=\"2026-09-06T13:48:17+00:00\" \/>\n\t\t<meta property=\"article:modified_time\" content=\"2026-09-06T13:48:17+00:00\" \/>\n\t\t<meta name=\"twitter:card\" content=\"summary_large_image\" \/>\n\t\t<meta name=\"twitter:title\" content=\"UFOA-A : Ibrahima Blasco Barry repr\u00e9sente la Guin\u00e9e \u00e0 l\u2019Assembl\u00e9e G\u00e9n\u00e9rale \u00e9lective \u00e0 Banjul - Stade28.net\" \/>\n\t\t<meta name=\"twitter:description\" content=\"Le Secr\u00e9taire G\u00e9n\u00e9ral de la F\u00e9d\u00e9ration Guin\u00e9enne de Football (FGF), Ibrahima Blasco Barry, prend part ce dimanche 6 septembre 2026 \u00e0 Banjul, en Gambie, \u00e0 l\u2019Assembl\u00e9e G\u00e9n\u00e9rale Ordinaire et \u00c9lective de l\u2019Union des F\u00e9d\u00e9rations Ouest-Africaines de la Zone A (UFOA-A). Cette importante rencontre statutaire r\u00e9unit les repr\u00e9sentants des diff\u00e9rentes f\u00e9d\u00e9rations membres de la zone UFOA-A\" \/>\n\t\t<script type=\"application\/ld+json\" class=\"aioseo-schema\">\n\t\t\t{\"@context\":\"https:\\\/\\\/schema.org\",\"@graph\":[{\"@type\":\"BlogPosting\",\"@id\":\"https:\\\/\\\/stade28.net\\\/index.php\\\/ufoa-a-ibrahima-blasco-barry-represente-la-guinee-a-lassemblee-generale-elective-a-banjul\\\/#blogposting\",\"name\":\"UFOA-A : Ibrahima Blasco Barry repr\\u00e9sente la Guin\\u00e9e \\u00e0 l\\u2019Assembl\\u00e9e G\\u00e9n\\u00e9rale \\u00e9lective \\u00e0 Banjul - Stade28.net\",\"headline\":\"UFOA-A : Ibrahima Blasco Barry repr\\u00e9sente la Guin\\u00e9e \\u00e0 l\\u2019Assembl\\u00e9e G\\u00e9n\\u00e9rale \\u00e9lective \\u00e0 Banjul\",\"author\":{\"@id\":\"https:\\\/\\\/stade28.net\\\/index.php\\\/author\\\/youlamarif\\\/#author\"},\"publisher\":{\"@id\":\"https:\\\/\\\/stade28.net\\\/#organization\"},\"image\":{\"@type\":\"ImageObject\",\"url\":\"https:\\\/\\\/stade28.net\\\/wp-content\\\/uploads\\\/2026\\\/09\\\/Screenshot_20260906_134016_Facebook.jpg\",\"width\":953,\"height\":510},\"datePublished\":\"2026-09-06T15:48:17+02:00\",\"dateModified\":\"2026-09-06T15:48:17+02:00\",\"inLanguage\":\"fr-FR\",\"mainEntityOfPage\":{\"@id\":\"https:\\\/\\\/stade28.net\\\/index.php\\\/ufoa-a-ibrahima-blasco-barry-represente-la-guinee-a-lassemblee-generale-elective-a-banjul\\\/#webpage\"},\"isPartOf\":{\"@id\":\"https:\\\/\\\/stade28.net\\\/index.php\\\/ufoa-a-ibrahima-blasco-barry-represente-la-guinee-a-lassemblee-generale-elective-a-banjul\\\/#webpage\"},\"articleSection\":\"news\"},{\"@type\":\"BreadcrumbList\",\"@id\":\"https:\\\/\\\/stade28.net\\\/index.php\\\/ufoa-a-ibrahima-blasco-barry-represente-la-guinee-a-lassemblee-generale-elective-a-banjul\\\/#breadcrumblist\",\"itemListElement\":[{\"@type\":\"ListItem\",\"@id\":\"https:\\\/\\\/stade28.net#listItem\",\"position\":1,\"name\":\"Domicile\",\"item\":\"https:\\\/\\\/stade28.net\",\"nextItem\":{\"@type\":\"ListItem\",\"@id\":\"https:\\\/\\\/stade28.net\\\/index.php\\\/category\\\/news\\\/#listItem\",\"name\":\"news\"}},{\"@type\":\"ListItem\",\"@id\":\"https:\\\/\\\/stade28.net\\\/index.php\\\/category\\\/news\\\/#listItem\",\"position\":2,\"name\":\"news\",\"item\":\"https:\\\/\\\/stade28.net\\\/index.php\\\/category\\\/news\\\/\",\"nextItem\":{\"@type\":\"ListItem\",\"@id\":\"https:\\\/\\\/stade28.net\\\/index.php\\\/ufoa-a-ibrahima-blasco-barry-represente-la-guinee-a-lassemblee-generale-elective-a-banjul\\\/#listItem\",\"name\":\"UFOA-A : Ibrahima Blasco Barry repr\\u00e9sente la Guin\\u00e9e \\u00e0 l\\u2019Assembl\\u00e9e G\\u00e9n\\u00e9rale \\u00e9lective \\u00e0 Banjul\"},\"previousItem\":{\"@type\":\"ListItem\",\"@id\":\"https:\\\/\\\/stade28.net#listItem\",\"name\":\"Domicile\"}},{\"@type\":\"ListItem\",\"@id\":\"https:\\\/\\\/stade28.net\\\/index.php\\\/ufoa-a-ibrahima-blasco-barry-represente-la-guinee-a-lassemblee-generale-elective-a-banjul\\\/#listItem\",\"position\":3,\"name\":\"UFOA-A : Ibrahima Blasco Barry repr\\u00e9sente la Guin\\u00e9e \\u00e0 l\\u2019Assembl\\u00e9e G\\u00e9n\\u00e9rale \\u00e9lective \\u00e0 Banjul\",\"previousItem\":{\"@type\":\"ListItem\",\"@id\":\"https:\\\/\\\/stade28.net\\\/index.php\\\/category\\\/news\\\/#listItem\",\"name\":\"news\"}}]},{\"@type\":\"Organization\",\"@id\":\"https:\\\/\\\/stade28.net\\\/#organization\",\"name\":\"Stade28.net\",\"description\":\"Le portail du sport guin\\u00e9en\",\"url\":\"https:\\\/\\\/stade28.net\\\/\"},{\"@type\":\"Person\",\"@id\":\"https:\\\/\\\/stade28.net\\\/index.php\\\/author\\\/youlamarif\\\/#author\",\"url\":\"https:\\\/\\\/stade28.net\\\/index.php\\\/author\\\/youlamarif\\\/\",\"name\":\"Directeur de Publication\"},{\"@type\":\"WebPage\",\"@id\":\"https:\\\/\\\/stade28.net\\\/index.php\\\/ufoa-a-ibrahima-blasco-barry-represente-la-guinee-a-lassemblee-generale-elective-a-banjul\\\/#webpage\",\"url\":\"https:\\\/\\\/stade28.net\\\/index.php\\\/ufoa-a-ibrahima-blasco-barry-represente-la-guinee-a-lassemblee-generale-elective-a-banjul\\\/\",\"name\":\"UFOA-A : Ibrahima Blasco Barry repr\\u00e9sente la Guin\\u00e9e \\u00e0 l\\u2019Assembl\\u00e9e G\\u00e9n\\u00e9rale \\u00e9lective \\u00e0 Banjul - Stade28.net\",\"description\":\"Le Secr\\u00e9taire G\\u00e9n\\u00e9ral de la F\\u00e9d\\u00e9ration Guin\\u00e9enne de Football (FGF), Ibrahima Blasco Barry, prend part ce dimanche 6 septembre 2026 \\u00e0 Banjul, en Gambie, \\u00e0 l\\u2019Assembl\\u00e9e G\\u00e9n\\u00e9rale Ordinaire et \\u00c9lective de l\\u2019Union des F\\u00e9d\\u00e9rations Ouest-Africaines de la Zone A (UFOA-A). Cette importante rencontre statutaire r\\u00e9unit les repr\\u00e9sentants des diff\\u00e9rentes f\\u00e9d\\u00e9rations membres de la zone UFOA-A\",\"inLanguage\":\"fr-FR\",\"isPartOf\":{\"@id\":\"https:\\\/\\\/stade28.net\\\/#website\"},\"breadcrumb\":{\"@id\":\"https:\\\/\\\/stade28.net\\\/index.php\\\/ufoa-a-ibrahima-blasco-barry-represente-la-guinee-a-lassemblee-generale-elective-a-banjul\\\/#breadcrumblist\"},\"author\":{\"@id\":\"https:\\\/\\\/stade28.net\\\/index.php\\\/author\\\/youlamarif\\\/#author\"},\"creator\":{\"@id\":\"https:\\\/\\\/stade28.net\\\/index.php\\\/author\\\/youlamarif\\\/#author\"},\"image\":{\"@type\":\"ImageObject\",\"url\":\"https:\\\/\\\/stade28.net\\\/wp-content\\\/uploads\\\/2026\\\/09\\\/Screenshot_20260906_134016_Facebook.jpg\",\"@id\":\"https:\\\/\\\/stade28.net\\\/index.php\\\/ufoa-a-ibrahima-blasco-barry-represente-la-guinee-a-lassemblee-generale-elective-a-banjul\\\/#mainImage\",\"width\":953,\"height\":510},\"primaryImageOfPage\":{\"@id\":\"https:\\\/\\\/stade28.net\\\/index.php\\\/ufoa-a-ibrahima-blasco-barry-represente-la-guinee-a-lassemblee-generale-elective-a-banjul\\\/#mainImage\"},\"datePublished\":\"2026-09-06T15:48:17+02:00\",\"dateModified\":\"2026-09-06T15:48:17+02:00\"},{\"@type\":\"WebSite\",\"@id\":\"https:\\\/\\\/stade28.net\\\/#website\",\"url\":\"https:\\\/\\\/stade28.net\\\/\",\"name\":\"Stade28.net\",\"description\":\"Le portail du sport guin\\u00e9en\",\"inLanguage\":\"fr-FR\",\"publisher\":{\"@id\":\"https:\\\/\\\/stade28.net\\\/#organization\"}}]}\n\t\t<\/script>\n\t\t<!-- All in One SEO -->\n\n","aioseo_head_json":{"title":"UFOA-A : Ibrahima Blasco Barry repr\u00e9sente la Guin\u00e9e \u00e0 l\u2019Assembl\u00e9e G\u00e9n\u00e9rale \u00e9lective \u00e0 Banjul - Stade28.net","description":"Le Secr\u00e9taire G\u00e9n\u00e9ral de la F\u00e9d\u00e9ration Guin\u00e9enne de Football (FGF), Ibrahima Blasco Barry, prend part ce dimanche 6 septembre 2026 \u00e0 Banjul, en Gambie, \u00e0 l\u2019Assembl\u00e9e G\u00e9n\u00e9rale Ordinaire et \u00c9lective de l\u2019Union des F\u00e9d\u00e9rations Ouest-Africaines de la Zone A (UFOA-A). Cette importante rencontre statutaire r\u00e9unit les repr\u00e9sentants des diff\u00e9rentes f\u00e9d\u00e9rations membres de la zone UFOA-A","canonical_url":"https:\/\/stade28.net\/index.php\/ufoa-a-ibrahima-blasco-barry-represente-la-guinee-a-lassemblee-generale-elective-a-banjul\/","robots":"max-image-preview:large","keywords":"","webmasterTools":{"miscellaneous":""},"schema":{"@context":"https:\/\/schema.org","@graph":[{"@type":"BlogPosting","@id":"https:\/\/stade28.net\/index.php\/ufoa-a-ibrahima-blasco-barry-represente-la-guinee-a-lassemblee-generale-elective-a-banjul\/#blogposting","name":"UFOA-A : Ibrahima Blasco Barry repr\u00e9sente la Guin\u00e9e \u00e0 l\u2019Assembl\u00e9e G\u00e9n\u00e9rale \u00e9lective \u00e0 Banjul - Stade28.net","headline":"UFOA-A : Ibrahima Blasco Barry repr\u00e9sente la Guin\u00e9e \u00e0 l\u2019Assembl\u00e9e G\u00e9n\u00e9rale \u00e9lective \u00e0 Banjul","author":{"@id":"https:\/\/stade28.net\/index.php\/author\/youlamarif\/#author"},"publisher":{"@id":"https:\/\/stade28.net\/#organization"},"image":{"@type":"ImageObject","url":"https:\/\/stade28.net\/wp-content\/uploads\/2026\/09\/Screenshot_20260906_134016_Facebook.jpg","width":953,"height":510},"datePublished":"2026-09-06T15:48:17+02:00","dateModified":"2026-09-06T15:48:17+02:00","inLanguage":"fr-FR","mainEntityOfPage":{"@id":"https:\/\/stade28.net\/index.php\/ufoa-a-ibrahima-blasco-barry-represente-la-guinee-a-lassemblee-generale-elective-a-banjul\/#webpage"},"isPartOf":{"@id":"https:\/\/stade28.net\/index.php\/ufoa-a-ibrahima-blasco-barry-represente-la-guinee-a-lassemblee-generale-elective-a-banjul\/#webpage"},"articleSection":"news"},{"@type":"BreadcrumbList","@id":"https:\/\/stade28.net\/index.php\/ufoa-a-ibrahima-blasco-barry-represente-la-guinee-a-lassemblee-generale-elective-a-banjul\/#breadcrumblist","itemListElement":[{"@type":"ListItem","@id":"https:\/\/stade28.net#listItem","position":1,"name":"Domicile","item":"https:\/\/stade28.net","nextItem":{"@type":"ListItem","@id":"https:\/\/stade28.net\/index.php\/category\/news\/#listItem","name":"news"}},{"@type":"ListItem","@id":"https:\/\/stade28.net\/index.php\/category\/news\/#listItem","position":2,"name":"news","item":"https:\/\/stade28.net\/index.php\/category\/news\/","nextItem":{"@type":"ListItem","@id":"https:\/\/stade28.net\/index.php\/ufoa-a-ibrahima-blasco-barry-represente-la-guinee-a-lassemblee-generale-elective-a-banjul\/#listItem","name":"UFOA-A : Ibrahima Blasco Barry repr\u00e9sente la Guin\u00e9e \u00e0 l\u2019Assembl\u00e9e G\u00e9n\u00e9rale \u00e9lective \u00e0 Banjul"},"previousItem":{"@type":"ListItem","@id":"https:\/\/stade28.net#listItem","name":"Domicile"}},{"@type":"ListItem","@id":"https:\/\/stade28.net\/index.php\/ufoa-a-ibrahima-blasco-barry-represente-la-guinee-a-lassemblee-generale-elective-a-banjul\/#listItem","position":3,"name":"UFOA-A : Ibrahima Blasco Barry repr\u00e9sente la Guin\u00e9e \u00e0 l\u2019Assembl\u00e9e G\u00e9n\u00e9rale \u00e9lective \u00e0 Banjul","previousItem":{"@type":"ListItem","@id":"https:\/\/stade28.net\/index.php\/category\/news\/#listItem","name":"news"}}]},{"@type":"Organization","@id":"https:\/\/stade28.net\/#organization","name":"Stade28.net","description":"Le portail du sport guin\u00e9en","url":"https:\/\/stade28.net\/"},{"@type":"Person","@id":"https:\/\/stade28.net\/index.php\/author\/youlamarif\/#author","url":"https:\/\/stade28.net\/index.php\/author\/youlamarif\/","name":"Directeur de Publication"},{"@type":"WebPage","@id":"https:\/\/stade28.net\/index.php\/ufoa-a-ibrahima-blasco-barry-represente-la-guinee-a-lassemblee-generale-elective-a-banjul\/#webpage","url":"https:\/\/stade28.net\/index.php\/ufoa-a-ibrahima-blasco-barry-represente-la-guinee-a-lassemblee-generale-elective-a-banjul\/","name":"UFOA-A : Ibrahima Blasco Barry repr\u00e9sente la Guin\u00e9e \u00e0 l\u2019Assembl\u00e9e G\u00e9n\u00e9rale \u00e9lective \u00e0 Banjul - Stade28.net","description":"Le Secr\u00e9taire G\u00e9n\u00e9ral de la F\u00e9d\u00e9ration Guin\u00e9enne de Football (FGF), Ibrahima Blasco Barry, prend part ce dimanche 6 septembre 2026 \u00e0 Banjul, en Gambie, \u00e0 l\u2019Assembl\u00e9e G\u00e9n\u00e9rale Ordinaire et \u00c9lective de l\u2019Union des F\u00e9d\u00e9rations Ouest-Africaines de la Zone A (UFOA-A). Cette importante rencontre statutaire r\u00e9unit les repr\u00e9sentants des diff\u00e9rentes f\u00e9d\u00e9rations membres de la zone UFOA-A","inLanguage":"fr-FR","isPartOf":{"@id":"https:\/\/stade28.net\/#website"},"breadcrumb":{"@id":"https:\/\/stade28.net\/index.php\/ufoa-a-ibrahima-blasco-barry-represente-la-guinee-a-lassemblee-generale-elective-a-banjul\/#breadcrumblist"},"author":{"@id":"https:\/\/stade28.net\/index.php\/author\/youlamarif\/#author"},"creator":{"@id":"https:\/\/stade28.net\/index.php\/author\/youlamarif\/#author"},"image":{"@type":"ImageObject","url":"https:\/\/stade28.net\/wp-content\/uploads\/2026\/09\/Screenshot_20260906_134016_Facebook.jpg","@id":"https:\/\/stade28.net\/index.php\/ufoa-a-ibrahima-blasco-barry-represente-la-guinee-a-lassemblee-generale-elective-a-banjul\/#mainImage","width":953,"height":510},"primaryImageOfPage":{"@id":"https:\/\/stade28.net\/index.php\/ufoa-a-ibrahima-blasco-barry-represente-la-guinee-a-lassemblee-generale-elective-a-banjul\/#mainImage"},"datePublished":"2026-09-06T15:48:17+02:00","dateModified":"2026-09-06T15:48:17+02:00"},{"@type":"WebSite","@id":"https:\/\/stade28.net\/#website","url":"https:\/\/stade28.net\/","name":"Stade28.net","description":"Le portail du sport guin\u00e9en","inLanguage":"fr-FR","publisher":{"@id":"https:\/\/stade28.net\/#organization"}}]},"og:locale":"fr_FR","og:site_name":"Stade28.net - Le portail du sport guin\u00e9en","og:type":"article","og:title":"UFOA-A : Ibrahima Blasco Barry repr\u00e9sente la Guin\u00e9e \u00e0 l\u2019Assembl\u00e9e G\u00e9n\u00e9rale \u00e9lective \u00e0 Banjul - Stade28.net","og:description":"Le Secr\u00e9taire G\u00e9n\u00e9ral de la F\u00e9d\u00e9ration Guin\u00e9enne de Football (FGF), Ibrahima Blasco Barry, prend part ce dimanche 6 septembre 2026 \u00e0 Banjul, en Gambie, \u00e0 l\u2019Assembl\u00e9e G\u00e9n\u00e9rale Ordinaire et \u00c9lective de l\u2019Union des F\u00e9d\u00e9rations Ouest-Africaines de la Zone A (UFOA-A). Cette importante rencontre statutaire r\u00e9unit les repr\u00e9sentants des diff\u00e9rentes f\u00e9d\u00e9rations membres de la zone UFOA-A","og:url":"https:\/\/stade28.net\/index.php\/ufoa-a-ibrahima-blasco-barry-represente-la-guinee-a-lassemblee-generale-elective-a-banjul\/","article:published_time":"2026-09-06T13:48:17+00:00","article:modified_time":"2026-09-06T13:48:17+00:00","twitter:card":"summary_large_image","twitter:title":"UFOA-A : Ibrahima Blasco Barry repr\u00e9sente la Guin\u00e9e \u00e0 l\u2019Assembl\u00e9e G\u00e9n\u00e9rale \u00e9lective \u00e0 Banjul - Stade28.net","twitter:description":"Le Secr\u00e9taire G\u00e9n\u00e9ral de la F\u00e9d\u00e9ration Guin\u00e9enne de Football (FGF), Ibrahima Blasco Barry, prend part ce dimanche 6 septembre 2026 \u00e0 Banjul, en Gambie, \u00e0 l\u2019Assembl\u00e9e G\u00e9n\u00e9rale Ordinaire et \u00c9lective de l\u2019Union des F\u00e9d\u00e9rations Ouest-Africaines de la Zone A (UFOA-A). Cette importante rencontre statutaire r\u00e9unit les repr\u00e9sentants des diff\u00e9rentes f\u00e9d\u00e9rations membres de la zone UFOA-A"},"aioseo_meta_data":{"post_id":"5572","title":null,"description":null,"keywords":null,"keyphrases":{"focus":{"keyphrase":"","score":0,"analysis":{"keyphraseInTitle":{"score":0,"maxScore":9,"error":1}}},"additional":[]},"primary_term":null,"canonical_url":null,"og_title":null,"og_description":null,"og_object_type":"default","og_image_type":"default","og_image_url":null,"og_image_width":null,"og_image_height":null,"og_image_custom_url":null,"og_image_custom_fields":null,"og_video":"","og_custom_url":null,"og_article_section":null,"og_article_tags":null,"twitter_use_og":false,"twitter_card":"default","twitter_image_type":"default","twitter_image_url":null,"twitter_image_custom_url":null,"twitter_image_custom_fields":null,"twitter_title":null,"twitter_description":null,"schema":{"blockGraphs":[],"customGraphs":[],"default":{"data":{"Article":[],"Course":[],"Dataset":[],"FAQPage":[],"Movie":[],"Person":[],"Product":[],"ProductReview":[],"Car":[],"Recipe":[],"Service":[],"SoftwareApplication":[],"WebPage":[]},"graphName":"BlogPosting","isEnabled":true},"graphs":[]},"schema_type":"default","schema_type_options":null,"pillar_content":false,"robots_default":true,"robots_noindex":false,"robots_noarchive":false,"robots_nosnippet":false,"robots_nofollow":false,"robots_noimageindex":false,"robots_noodp":false,"robots_notranslate":false,"robots_max_snippet":"-1","robots_max_videopreview":"-1","robots_max_imagepreview":"large","priority":null,"frequency":"default","local_seo":null,"breadcrumb_settings":null,"limit_modified_date":false,"ai":{"faqs":[],"keyPoints":[],"schemas":[],"titles":[],"descriptions":[],"socialPosts":{"email":{"subject":"","preview":"","content":""},"linkedin":[],"twitter":[],"facebook":[],"instagram":[]}},"created":"2026-09-06 13:48:17","updated":"2026-09-06 13:48:17","seo_analyzer_scan_date":null,"focus_keyword":null,"additional_keywords":null,"truseo_locale":null},"aioseo_breadcrumb":"<div class=\"aioseo-breadcrumbs\"><span class=\"aioseo-breadcrumb\">\n\t\t\t<a href=\"https:\/\/stade28.net\" title=\"Domicile\">Domicile<\/a>\n\t\t<\/span><span class=\"aioseo-breadcrumb-separator\">&raquo;<\/span><span class=\"aioseo-breadcrumb\">\n\t\t\t<a href=\"https:\/\/stade28.net\/index.php\/category\/news\/\" title=\"news\">news<\/a>\n\t\t<\/span><span class=\"aioseo-breadcrumb-separator\">&raquo;<\/span><span class=\"aioseo-breadcrumb\">\n\t\t\tUFOA-A : Ibrahima Blasco Barry repr\u00e9sente la Guin\u00e9e \u00e0 l\u2019Assembl\u00e9e G\u00e9n\u00e9rale \u00e9lective \u00e0 Banjul\n\t\t<\/span><\/div>","aioseo_breadcrumb_json":[{"label":"Domicile","link":"https:\/\/stade28.net"},{"label":"news","link":"https:\/\/stade28.net\/index.php\/category\/news\/"},{"label":"UFOA-A : Ibrahima Blasco Barry repr\u00e9sente la Guin\u00e9e \u00e0 l\u2019Assembl\u00e9e G\u00e9n\u00e9rale \u00e9lective \u00e0 Banjul","link":"https:\/\/stade28.net\/index.php\/ufoa-a-ibrahima-blasco-barry-represente-la-guinee-a-lassemblee-generale-elective-a-banjul\/"}],"_links":{"self":[{"href":"https:\/\/stade28.net\/index.php\/wp-json\/wp\/v2\/posts\/5572","targetHints":{"allow":["GET"]}}],"collection":[{"href":"https:\/\/stade28.net\/index.php\/wp-json\/wp\/v2\/posts"}],"about":[{"href":"https:\/\/stade28.net\/index.php\/wp-json\/wp\/v2\/types\/post"}],"author":[{"embeddable":true,"href":"https:\/\/stade28.net\/index.php\/wp-json\/wp\/v2\/users\/2"}],"replies":[{"embeddable":true,"href":"https:\/\/stade28.net\/index.php\/wp-json\/wp\/v2\/comments?post=5572"}],"version-history":[{"count":1,"href":"https:\/\/stade28.net\/index.php\/wp-json\/wp\/v2\/posts\/5572\/revisions"}],"predecessor-version":[{"id":5574,"href":"https:\/\/stade28.net\/index.php\/wp-json\/wp\/v2\/posts\/5572\/revisions\/5574"}],"wp:featuredmedia":[{"embeddable":true,"href":"https:\/\/stade28.net\/index.php\/wp-json\/wp\/v2\/media\/5573"}],"wp:attachment":[{"href":"https:\/\/stade28.net\/index.php\/wp-json\/wp\/v2\/media?parent=5572"}],"wp:term":[{"taxonomy":"category","embeddable":true,"href":"https:\/\/stade28.net\/index.php\/wp-json\/wp\/v2\/categories?post=5572"},{"taxonomy":"post_tag","embeddable":true,"href":"https:\/\/stade28.net\/index.php\/wp-json\/wp\/v2\/tags?post=5572"}],"curies":[{"name":"wp","href":"https:\/\/api.w.org\/{rel}","templated":true}]}}