{"id":5561,"date":"2026-09-02T18:20:25","date_gmt":"2026-09-02T16:20:25","guid":{"rendered":"https:\/\/stade28.net\/?p=5561"},"modified":"2026-09-02T18:35:59","modified_gmt":"2026-09-02T16:35:59","slug":"congres-electif-a-la-feguifoot-dr-mikailou-sampou-entre-dans-la-course-a-la-presidence","status":"publish","type":"post","link":"https:\/\/stade28.net\/index.php\/congres-electif-a-la-feguifoot-dr-mikailou-sampou-entre-dans-la-course-a-la-presidence\/","title":{"rendered":"Congr\u00e8s \u00e9lectif \u00e0 la F\u00e9guifoot : Dr Mika\u00eflou Sampou entre dans la course \u00e0 la pr\u00e9sidence"},"content":{"rendered":"<p>La bataille pour la pr\u00e9sidence de la F\u00e9d\u00e9ration Guin\u00e9enne de Football prend une nouvelle tournure. Dr Mika\u00eflou Sampou, pr\u00e9sident du Wakriya AC de Bok\u00e9, entre officiellement dans la course au fauteuil pr\u00e9sidentiel.<\/p>\n<p>Son arriv\u00e9e vient renforcer la concurrence autour d\u2019un scrutin qui s\u2019annonce tr\u00e8s disput\u00e9. Fort de son exp\u00e9rience \u00e0 la t\u00eate du club de Bok\u00e9 et de sa connaissance du football guin\u00e9en, Sampou entend d\u00e9sormais peser dans la bataille pour diriger la F\u00e9guifoot.<\/p>\n<p>Un nouveau pr\u00e9tendant, de nouveaux rapports de force : la course est lanc\u00e9e !<\/p>\n<p><strong>Moussa Soumah <\/strong><\/p>\n","protected":false},"excerpt":{"rendered":"<p>La bataille pour la pr\u00e9sidence de la F\u00e9d\u00e9ration Guin\u00e9enne de Football prend une nouvelle tournure. Dr Mika\u00eflou Sampou, pr\u00e9sident du Wakriya AC de Bok\u00e9, entre officiellement dans la course au fauteuil pr\u00e9sidentiel. Son arriv\u00e9e vient renforcer la concurrence autour d\u2019un scrutin qui s\u2019annonce tr\u00e8s disput\u00e9. Fort de son exp\u00e9rience \u00e0 la t\u00eate du club de [&hellip;]<\/p>\n","protected":false},"author":2,"featured_media":5562,"comment_status":"closed","ping_status":"closed","sticky":false,"template":"","format":"standard","meta":{"footnotes":""},"categories":[7],"tags":[],"class_list":["post-5561","post","type-post","status-publish","format-standard","has-post-thumbnail","category-ligue-2"],"aioseo_notices":[],"aioseo_head":"\n\t\t<!-- All in One SEO 5.0.1.1 - aioseo.com -->\n\t<meta name=\"description\" content=\"La bataille pour la pr\u00e9sidence de la F\u00e9d\u00e9ration Guin\u00e9enne de Football prend une nouvelle tournure. Dr Mika\u00eflou Sampou, pr\u00e9sident du Wakriya AC de Bok\u00e9, entre officiellement dans la course au fauteuil pr\u00e9sidentiel. Son arriv\u00e9e vient renforcer la concurrence autour d\u2019un scrutin qui s\u2019annonce tr\u00e8s disput\u00e9. Fort de son exp\u00e9rience \u00e0 la t\u00eate du club de\" \/>\n\t<meta name=\"robots\" content=\"max-image-preview:large\" \/>\n\t<meta name=\"author\" content=\"Directeur de Publication\"\/>\n\t<link rel=\"canonical\" href=\"https:\/\/stade28.net\/index.php\/congres-electif-a-la-feguifoot-dr-mikailou-sampou-entre-dans-la-course-a-la-presidence\/\" \/>\n\t<meta name=\"generator\" content=\"All in One SEO (AIOSEO) 5.0.1.1\" \/>\n\t\t<meta property=\"og:locale\" content=\"fr_FR\" \/>\n\t\t<meta property=\"og:site_name\" content=\"Stade28.net - Le portail du sport guin\u00e9en\" \/>\n\t\t<meta property=\"og:type\" content=\"article\" \/>\n\t\t<meta property=\"og:title\" content=\"Congr\u00e8s \u00e9lectif \u00e0 la F\u00e9guifoot : Dr Mika\u00eflou Sampou entre dans la course \u00e0 la pr\u00e9sidence - Stade28.net\" \/>\n\t\t<meta property=\"og:description\" content=\"La bataille pour la pr\u00e9sidence de la F\u00e9d\u00e9ration Guin\u00e9enne de Football prend une nouvelle tournure. Dr Mika\u00eflou Sampou, pr\u00e9sident du Wakriya AC de Bok\u00e9, entre officiellement dans la course au fauteuil pr\u00e9sidentiel. Son arriv\u00e9e vient renforcer la concurrence autour d\u2019un scrutin qui s\u2019annonce tr\u00e8s disput\u00e9. Fort de son exp\u00e9rience \u00e0 la t\u00eate du club de\" \/>\n\t\t<meta property=\"og:url\" content=\"https:\/\/stade28.net\/index.php\/congres-electif-a-la-feguifoot-dr-mikailou-sampou-entre-dans-la-course-a-la-presidence\/\" \/>\n\t\t<meta property=\"article:published_time\" content=\"2026-09-02T16:20:25+00:00\" \/>\n\t\t<meta property=\"article:modified_time\" content=\"2026-09-02T16:35:59+00:00\" \/>\n\t\t<meta name=\"twitter:card\" content=\"summary_large_image\" \/>\n\t\t<meta name=\"twitter:title\" content=\"Congr\u00e8s \u00e9lectif \u00e0 la F\u00e9guifoot : Dr Mika\u00eflou Sampou entre dans la course \u00e0 la pr\u00e9sidence - Stade28.net\" \/>\n\t\t<meta name=\"twitter:description\" content=\"La bataille pour la pr\u00e9sidence de la F\u00e9d\u00e9ration Guin\u00e9enne de Football prend une nouvelle tournure. Dr Mika\u00eflou Sampou, pr\u00e9sident du Wakriya AC de Bok\u00e9, entre officiellement dans la course au fauteuil pr\u00e9sidentiel. Son arriv\u00e9e vient renforcer la concurrence autour d\u2019un scrutin qui s\u2019annonce tr\u00e8s disput\u00e9. Fort de son exp\u00e9rience \u00e0 la t\u00eate du club de\" \/>\n\t\t<script type=\"application\/ld+json\" class=\"aioseo-schema\">\n\t\t\t{\"@context\":\"https:\\\/\\\/schema.org\",\"@graph\":[{\"@type\":\"BlogPosting\",\"@id\":\"https:\\\/\\\/stade28.net\\\/index.php\\\/congres-electif-a-la-feguifoot-dr-mikailou-sampou-entre-dans-la-course-a-la-presidence\\\/#blogposting\",\"name\":\"Congr\\u00e8s \\u00e9lectif \\u00e0 la F\\u00e9guifoot : Dr Mika\\u00eflou Sampou entre dans la course \\u00e0 la pr\\u00e9sidence - Stade28.net\",\"headline\":\"Congr\\u00e8s \\u00e9lectif \\u00e0 la F\\u00e9guifoot : Dr Mika\\u00eflou Sampou entre dans la course \\u00e0 la pr\\u00e9sidence\",\"author\":{\"@id\":\"https:\\\/\\\/stade28.net\\\/index.php\\\/author\\\/youlamarif\\\/#author\"},\"publisher\":{\"@id\":\"https:\\\/\\\/stade28.net\\\/#organization\"},\"image\":{\"@type\":\"ImageObject\",\"url\":\"https:\\\/\\\/stade28.net\\\/wp-content\\\/uploads\\\/2026\\\/09\\\/1788365318208.jpg\",\"width\":1080,\"height\":1333},\"datePublished\":\"2026-09-02T18:20:25+02:00\",\"dateModified\":\"2026-09-02T18:35:59+02:00\",\"inLanguage\":\"fr-FR\",\"mainEntityOfPage\":{\"@id\":\"https:\\\/\\\/stade28.net\\\/index.php\\\/congres-electif-a-la-feguifoot-dr-mikailou-sampou-entre-dans-la-course-a-la-presidence\\\/#webpage\"},\"isPartOf\":{\"@id\":\"https:\\\/\\\/stade28.net\\\/index.php\\\/congres-electif-a-la-feguifoot-dr-mikailou-sampou-entre-dans-la-course-a-la-presidence\\\/#webpage\"},\"articleSection\":\"LIGUE 2\"},{\"@type\":\"BreadcrumbList\",\"@id\":\"https:\\\/\\\/stade28.net\\\/index.php\\\/congres-electif-a-la-feguifoot-dr-mikailou-sampou-entre-dans-la-course-a-la-presidence\\\/#breadcrumblist\",\"itemListElement\":[{\"@type\":\"ListItem\",\"@id\":\"https:\\\/\\\/stade28.net#listItem\",\"position\":1,\"name\":\"Domicile\",\"item\":\"https:\\\/\\\/stade28.net\",\"nextItem\":{\"@type\":\"ListItem\",\"@id\":\"https:\\\/\\\/stade28.net\\\/index.php\\\/category\\\/ligue-2\\\/#listItem\",\"name\":\"LIGUE 2\"}},{\"@type\":\"ListItem\",\"@id\":\"https:\\\/\\\/stade28.net\\\/index.php\\\/category\\\/ligue-2\\\/#listItem\",\"position\":2,\"name\":\"LIGUE 2\",\"item\":\"https:\\\/\\\/stade28.net\\\/index.php\\\/category\\\/ligue-2\\\/\",\"nextItem\":{\"@type\":\"ListItem\",\"@id\":\"https:\\\/\\\/stade28.net\\\/index.php\\\/congres-electif-a-la-feguifoot-dr-mikailou-sampou-entre-dans-la-course-a-la-presidence\\\/#listItem\",\"name\":\"Congr\\u00e8s \\u00e9lectif \\u00e0 la F\\u00e9guifoot : Dr Mika\\u00eflou Sampou entre dans la course \\u00e0 la pr\\u00e9sidence\"},\"previousItem\":{\"@type\":\"ListItem\",\"@id\":\"https:\\\/\\\/stade28.net#listItem\",\"name\":\"Domicile\"}},{\"@type\":\"ListItem\",\"@id\":\"https:\\\/\\\/stade28.net\\\/index.php\\\/congres-electif-a-la-feguifoot-dr-mikailou-sampou-entre-dans-la-course-a-la-presidence\\\/#listItem\",\"position\":3,\"name\":\"Congr\\u00e8s \\u00e9lectif \\u00e0 la F\\u00e9guifoot : Dr Mika\\u00eflou Sampou entre dans la course \\u00e0 la pr\\u00e9sidence\",\"previousItem\":{\"@type\":\"ListItem\",\"@id\":\"https:\\\/\\\/stade28.net\\\/index.php\\\/category\\\/ligue-2\\\/#listItem\",\"name\":\"LIGUE 2\"}}]},{\"@type\":\"Organization\",\"@id\":\"https:\\\/\\\/stade28.net\\\/#organization\",\"name\":\"Stade28.net\",\"description\":\"Le portail du sport guin\\u00e9en\",\"url\":\"https:\\\/\\\/stade28.net\\\/\"},{\"@type\":\"Person\",\"@id\":\"https:\\\/\\\/stade28.net\\\/index.php\\\/author\\\/youlamarif\\\/#author\",\"url\":\"https:\\\/\\\/stade28.net\\\/index.php\\\/author\\\/youlamarif\\\/\",\"name\":\"Directeur de Publication\"},{\"@type\":\"WebPage\",\"@id\":\"https:\\\/\\\/stade28.net\\\/index.php\\\/congres-electif-a-la-feguifoot-dr-mikailou-sampou-entre-dans-la-course-a-la-presidence\\\/#webpage\",\"url\":\"https:\\\/\\\/stade28.net\\\/index.php\\\/congres-electif-a-la-feguifoot-dr-mikailou-sampou-entre-dans-la-course-a-la-presidence\\\/\",\"name\":\"Congr\\u00e8s \\u00e9lectif \\u00e0 la F\\u00e9guifoot : Dr Mika\\u00eflou Sampou entre dans la course \\u00e0 la pr\\u00e9sidence - Stade28.net\",\"description\":\"La bataille pour la pr\\u00e9sidence de la F\\u00e9d\\u00e9ration Guin\\u00e9enne de Football prend une nouvelle tournure. Dr Mika\\u00eflou Sampou, pr\\u00e9sident du Wakriya AC de Bok\\u00e9, entre officiellement dans la course au fauteuil pr\\u00e9sidentiel. Son arriv\\u00e9e vient renforcer la concurrence autour d\\u2019un scrutin qui s\\u2019annonce tr\\u00e8s disput\\u00e9. Fort de son exp\\u00e9rience \\u00e0 la t\\u00eate du club de\",\"inLanguage\":\"fr-FR\",\"isPartOf\":{\"@id\":\"https:\\\/\\\/stade28.net\\\/#website\"},\"breadcrumb\":{\"@id\":\"https:\\\/\\\/stade28.net\\\/index.php\\\/congres-electif-a-la-feguifoot-dr-mikailou-sampou-entre-dans-la-course-a-la-presidence\\\/#breadcrumblist\"},\"author\":{\"@id\":\"https:\\\/\\\/stade28.net\\\/index.php\\\/author\\\/youlamarif\\\/#author\"},\"creator\":{\"@id\":\"https:\\\/\\\/stade28.net\\\/index.php\\\/author\\\/youlamarif\\\/#author\"},\"image\":{\"@type\":\"ImageObject\",\"url\":\"https:\\\/\\\/stade28.net\\\/wp-content\\\/uploads\\\/2026\\\/09\\\/1788365318208.jpg\",\"@id\":\"https:\\\/\\\/stade28.net\\\/index.php\\\/congres-electif-a-la-feguifoot-dr-mikailou-sampou-entre-dans-la-course-a-la-presidence\\\/#mainImage\",\"width\":1080,\"height\":1333},\"primaryImageOfPage\":{\"@id\":\"https:\\\/\\\/stade28.net\\\/index.php\\\/congres-electif-a-la-feguifoot-dr-mikailou-sampou-entre-dans-la-course-a-la-presidence\\\/#mainImage\"},\"datePublished\":\"2026-09-02T18:20:25+02:00\",\"dateModified\":\"2026-09-02T18:35:59+02:00\"},{\"@type\":\"WebSite\",\"@id\":\"https:\\\/\\\/stade28.net\\\/#website\",\"url\":\"https:\\\/\\\/stade28.net\\\/\",\"name\":\"Stade28.net\",\"description\":\"Le portail du sport guin\\u00e9en\",\"inLanguage\":\"fr-FR\",\"publisher\":{\"@id\":\"https:\\\/\\\/stade28.net\\\/#organization\"}}]}\n\t\t<\/script>\n\t\t<!-- All in One SEO -->\n\n","aioseo_head_json":{"title":"Congr\u00e8s \u00e9lectif \u00e0 la F\u00e9guifoot : Dr Mika\u00eflou Sampou entre dans la course \u00e0 la pr\u00e9sidence - Stade28.net","description":"La bataille pour la pr\u00e9sidence de la F\u00e9d\u00e9ration Guin\u00e9enne de Football prend une nouvelle tournure. Dr Mika\u00eflou Sampou, pr\u00e9sident du Wakriya AC de Bok\u00e9, entre officiellement dans la course au fauteuil pr\u00e9sidentiel. Son arriv\u00e9e vient renforcer la concurrence autour d\u2019un scrutin qui s\u2019annonce tr\u00e8s disput\u00e9. Fort de son exp\u00e9rience \u00e0 la t\u00eate du club de","canonical_url":"https:\/\/stade28.net\/index.php\/congres-electif-a-la-feguifoot-dr-mikailou-sampou-entre-dans-la-course-a-la-presidence\/","robots":"max-image-preview:large","keywords":"","webmasterTools":{"miscellaneous":""},"schema":{"@context":"https:\/\/schema.org","@graph":[{"@type":"BlogPosting","@id":"https:\/\/stade28.net\/index.php\/congres-electif-a-la-feguifoot-dr-mikailou-sampou-entre-dans-la-course-a-la-presidence\/#blogposting","name":"Congr\u00e8s \u00e9lectif \u00e0 la F\u00e9guifoot : Dr Mika\u00eflou Sampou entre dans la course \u00e0 la pr\u00e9sidence - Stade28.net","headline":"Congr\u00e8s \u00e9lectif \u00e0 la F\u00e9guifoot : Dr Mika\u00eflou Sampou entre dans la course \u00e0 la pr\u00e9sidence","author":{"@id":"https:\/\/stade28.net\/index.php\/author\/youlamarif\/#author"},"publisher":{"@id":"https:\/\/stade28.net\/#organization"},"image":{"@type":"ImageObject","url":"https:\/\/stade28.net\/wp-content\/uploads\/2026\/09\/1788365318208.jpg","width":1080,"height":1333},"datePublished":"2026-09-02T18:20:25+02:00","dateModified":"2026-09-02T18:35:59+02:00","inLanguage":"fr-FR","mainEntityOfPage":{"@id":"https:\/\/stade28.net\/index.php\/congres-electif-a-la-feguifoot-dr-mikailou-sampou-entre-dans-la-course-a-la-presidence\/#webpage"},"isPartOf":{"@id":"https:\/\/stade28.net\/index.php\/congres-electif-a-la-feguifoot-dr-mikailou-sampou-entre-dans-la-course-a-la-presidence\/#webpage"},"articleSection":"LIGUE 2"},{"@type":"BreadcrumbList","@id":"https:\/\/stade28.net\/index.php\/congres-electif-a-la-feguifoot-dr-mikailou-sampou-entre-dans-la-course-a-la-presidence\/#breadcrumblist","itemListElement":[{"@type":"ListItem","@id":"https:\/\/stade28.net#listItem","position":1,"name":"Domicile","item":"https:\/\/stade28.net","nextItem":{"@type":"ListItem","@id":"https:\/\/stade28.net\/index.php\/category\/ligue-2\/#listItem","name":"LIGUE 2"}},{"@type":"ListItem","@id":"https:\/\/stade28.net\/index.php\/category\/ligue-2\/#listItem","position":2,"name":"LIGUE 2","item":"https:\/\/stade28.net\/index.php\/category\/ligue-2\/","nextItem":{"@type":"ListItem","@id":"https:\/\/stade28.net\/index.php\/congres-electif-a-la-feguifoot-dr-mikailou-sampou-entre-dans-la-course-a-la-presidence\/#listItem","name":"Congr\u00e8s \u00e9lectif \u00e0 la F\u00e9guifoot : Dr Mika\u00eflou Sampou entre dans la course \u00e0 la pr\u00e9sidence"},"previousItem":{"@type":"ListItem","@id":"https:\/\/stade28.net#listItem","name":"Domicile"}},{"@type":"ListItem","@id":"https:\/\/stade28.net\/index.php\/congres-electif-a-la-feguifoot-dr-mikailou-sampou-entre-dans-la-course-a-la-presidence\/#listItem","position":3,"name":"Congr\u00e8s \u00e9lectif \u00e0 la F\u00e9guifoot : Dr Mika\u00eflou Sampou entre dans la course \u00e0 la pr\u00e9sidence","previousItem":{"@type":"ListItem","@id":"https:\/\/stade28.net\/index.php\/category\/ligue-2\/#listItem","name":"LIGUE 2"}}]},{"@type":"Organization","@id":"https:\/\/stade28.net\/#organization","name":"Stade28.net","description":"Le portail du sport guin\u00e9en","url":"https:\/\/stade28.net\/"},{"@type":"Person","@id":"https:\/\/stade28.net\/index.php\/author\/youlamarif\/#author","url":"https:\/\/stade28.net\/index.php\/author\/youlamarif\/","name":"Directeur de Publication"},{"@type":"WebPage","@id":"https:\/\/stade28.net\/index.php\/congres-electif-a-la-feguifoot-dr-mikailou-sampou-entre-dans-la-course-a-la-presidence\/#webpage","url":"https:\/\/stade28.net\/index.php\/congres-electif-a-la-feguifoot-dr-mikailou-sampou-entre-dans-la-course-a-la-presidence\/","name":"Congr\u00e8s \u00e9lectif \u00e0 la F\u00e9guifoot : Dr Mika\u00eflou Sampou entre dans la course \u00e0 la pr\u00e9sidence - Stade28.net","description":"La bataille pour la pr\u00e9sidence de la F\u00e9d\u00e9ration Guin\u00e9enne de Football prend une nouvelle tournure. Dr Mika\u00eflou Sampou, pr\u00e9sident du Wakriya AC de Bok\u00e9, entre officiellement dans la course au fauteuil pr\u00e9sidentiel. Son arriv\u00e9e vient renforcer la concurrence autour d\u2019un scrutin qui s\u2019annonce tr\u00e8s disput\u00e9. Fort de son exp\u00e9rience \u00e0 la t\u00eate du club de","inLanguage":"fr-FR","isPartOf":{"@id":"https:\/\/stade28.net\/#website"},"breadcrumb":{"@id":"https:\/\/stade28.net\/index.php\/congres-electif-a-la-feguifoot-dr-mikailou-sampou-entre-dans-la-course-a-la-presidence\/#breadcrumblist"},"author":{"@id":"https:\/\/stade28.net\/index.php\/author\/youlamarif\/#author"},"creator":{"@id":"https:\/\/stade28.net\/index.php\/author\/youlamarif\/#author"},"image":{"@type":"ImageObject","url":"https:\/\/stade28.net\/wp-content\/uploads\/2026\/09\/1788365318208.jpg","@id":"https:\/\/stade28.net\/index.php\/congres-electif-a-la-feguifoot-dr-mikailou-sampou-entre-dans-la-course-a-la-presidence\/#mainImage","width":1080,"height":1333},"primaryImageOfPage":{"@id":"https:\/\/stade28.net\/index.php\/congres-electif-a-la-feguifoot-dr-mikailou-sampou-entre-dans-la-course-a-la-presidence\/#mainImage"},"datePublished":"2026-09-02T18:20:25+02:00","dateModified":"2026-09-02T18:35:59+02:00"},{"@type":"WebSite","@id":"https:\/\/stade28.net\/#website","url":"https:\/\/stade28.net\/","name":"Stade28.net","description":"Le portail du sport guin\u00e9en","inLanguage":"fr-FR","publisher":{"@id":"https:\/\/stade28.net\/#organization"}}]},"og:locale":"fr_FR","og:site_name":"Stade28.net - Le portail du sport guin\u00e9en","og:type":"article","og:title":"Congr\u00e8s \u00e9lectif \u00e0 la F\u00e9guifoot : Dr Mika\u00eflou Sampou entre dans la course \u00e0 la pr\u00e9sidence - Stade28.net","og:description":"La bataille pour la pr\u00e9sidence de la F\u00e9d\u00e9ration Guin\u00e9enne de Football prend une nouvelle tournure. Dr Mika\u00eflou Sampou, pr\u00e9sident du Wakriya AC de Bok\u00e9, entre officiellement dans la course au fauteuil pr\u00e9sidentiel. Son arriv\u00e9e vient renforcer la concurrence autour d\u2019un scrutin qui s\u2019annonce tr\u00e8s disput\u00e9. Fort de son exp\u00e9rience \u00e0 la t\u00eate du club de","og:url":"https:\/\/stade28.net\/index.php\/congres-electif-a-la-feguifoot-dr-mikailou-sampou-entre-dans-la-course-a-la-presidence\/","article:published_time":"2026-09-02T16:20:25+00:00","article:modified_time":"2026-09-02T16:35:59+00:00","twitter:card":"summary_large_image","twitter:title":"Congr\u00e8s \u00e9lectif \u00e0 la F\u00e9guifoot : Dr Mika\u00eflou Sampou entre dans la course \u00e0 la pr\u00e9sidence - Stade28.net","twitter:description":"La bataille pour la pr\u00e9sidence de la F\u00e9d\u00e9ration Guin\u00e9enne de Football prend une nouvelle tournure. Dr Mika\u00eflou Sampou, pr\u00e9sident du Wakriya AC de Bok\u00e9, entre officiellement dans la course au fauteuil pr\u00e9sidentiel. Son arriv\u00e9e vient renforcer la concurrence autour d\u2019un scrutin qui s\u2019annonce tr\u00e8s disput\u00e9. Fort de son exp\u00e9rience \u00e0 la t\u00eate du club de"},"aioseo_meta_data":{"post_id":"5561","title":null,"description":null,"keywords":null,"keyphrases":{"focus":{"keyphrase":"","score":0,"analysis":{"keyphraseInTitle":{"score":0,"maxScore":9,"error":1}}},"additional":[]},"primary_term":null,"canonical_url":null,"og_title":null,"og_description":null,"og_object_type":"default","og_image_type":"default","og_image_url":null,"og_image_width":null,"og_image_height":null,"og_image_custom_url":null,"og_image_custom_fields":null,"og_video":"","og_custom_url":null,"og_article_section":null,"og_article_tags":null,"twitter_use_og":false,"twitter_card":"default","twitter_image_type":"default","twitter_image_url":null,"twitter_image_custom_url":null,"twitter_image_custom_fields":null,"twitter_title":null,"twitter_description":null,"schema":{"blockGraphs":[],"customGraphs":[],"default":{"data":{"Article":[],"Course":[],"Dataset":[],"FAQPage":[],"Movie":[],"Person":[],"Product":[],"ProductReview":[],"Car":[],"Recipe":[],"Service":[],"SoftwareApplication":[],"WebPage":[]},"graphName":"BlogPosting","isEnabled":true},"graphs":[]},"schema_type":"default","schema_type_options":null,"pillar_content":false,"robots_default":true,"robots_noindex":false,"robots_noarchive":false,"robots_nosnippet":false,"robots_nofollow":false,"robots_noimageindex":false,"robots_noodp":false,"robots_notranslate":false,"robots_max_snippet":"-1","robots_max_videopreview":"-1","robots_max_imagepreview":"large","priority":null,"frequency":"default","local_seo":null,"breadcrumb_settings":null,"limit_modified_date":false,"ai":{"faqs":[],"keyPoints":[],"schemas":[],"titles":[],"descriptions":[],"socialPosts":{"email":{"subject":"","preview":"","content":""},"linkedin":[],"twitter":[],"facebook":[],"instagram":[]}},"created":"2026-09-02 16:20:25","updated":"2026-09-02 16:35:59","seo_analyzer_scan_date":null,"focus_keyword":null,"additional_keywords":null,"truseo_locale":null},"aioseo_breadcrumb":"<div class=\"aioseo-breadcrumbs\"><span class=\"aioseo-breadcrumb\">\n\t\t\t<a href=\"https:\/\/stade28.net\" title=\"Domicile\">Domicile<\/a>\n\t\t<\/span><span class=\"aioseo-breadcrumb-separator\">&raquo;<\/span><span class=\"aioseo-breadcrumb\">\n\t\t\t<a href=\"https:\/\/stade28.net\/index.php\/category\/ligue-2\/\" title=\"LIGUE 2\">LIGUE 2<\/a>\n\t\t<\/span><span class=\"aioseo-breadcrumb-separator\">&raquo;<\/span><span class=\"aioseo-breadcrumb\">\n\t\t\tCongr\u00e8s \u00e9lectif \u00e0 la F\u00e9guifoot : Dr Mika\u00eflou Sampou entre dans la course \u00e0 la pr\u00e9sidence\n\t\t<\/span><\/div>","aioseo_breadcrumb_json":[{"label":"Domicile","link":"https:\/\/stade28.net"},{"label":"LIGUE 2","link":"https:\/\/stade28.net\/index.php\/category\/ligue-2\/"},{"label":"Congr\u00e8s \u00e9lectif \u00e0 la F\u00e9guifoot : Dr Mika\u00eflou Sampou entre dans la course \u00e0 la pr\u00e9sidence","link":"https:\/\/stade28.net\/index.php\/congres-electif-a-la-feguifoot-dr-mikailou-sampou-entre-dans-la-course-a-la-presidence\/"}],"_links":{"self":[{"href":"https:\/\/stade28.net\/index.php\/wp-json\/wp\/v2\/posts\/5561","targetHints":{"allow":["GET"]}}],"collection":[{"href":"https:\/\/stade28.net\/index.php\/wp-json\/wp\/v2\/posts"}],"about":[{"href":"https:\/\/stade28.net\/index.php\/wp-json\/wp\/v2\/types\/post"}],"author":[{"embeddable":true,"href":"https:\/\/stade28.net\/index.php\/wp-json\/wp\/v2\/users\/2"}],"replies":[{"embeddable":true,"href":"https:\/\/stade28.net\/index.php\/wp-json\/wp\/v2\/comments?post=5561"}],"version-history":[{"count":0,"href":"https:\/\/stade28.net\/index.php\/wp-json\/wp\/v2\/posts\/5561\/revisions"}],"wp:featuredmedia":[{"embeddable":true,"href":"https:\/\/stade28.net\/index.php\/wp-json\/wp\/v2\/media\/5562"}],"wp:attachment":[{"href":"https:\/\/stade28.net\/index.php\/wp-json\/wp\/v2\/media?parent=5561"}],"wp:term":[{"taxonomy":"category","embeddable":true,"href":"https:\/\/stade28.net\/index.php\/wp-json\/wp\/v2\/categories?post=5561"},{"taxonomy":"post_tag","embeddable":true,"href":"https:\/\/stade28.net\/index.php\/wp-json\/wp\/v2\/tags?post=5561"}],"curies":[{"name":"wp","href":"https:\/\/api.w.org\/{rel}","templated":true}]}}