{"id":5551,"date":"2026-09-01T19:57:08","date_gmt":"2026-09-01T17:57:08","guid":{"rendered":"https:\/\/stade28.net\/?p=5551"},"modified":"2026-09-01T19:57:08","modified_gmt":"2026-09-01T17:57:08","slug":"mercato-malick-fofana-dans-le-viseur-de-crystal-palace-en-premier-league","status":"publish","type":"post","link":"https:\/\/stade28.net\/index.php\/mercato-malick-fofana-dans-le-viseur-de-crystal-palace-en-premier-league\/","title":{"rendered":"Mercato : Malick Fofana dans le viseur de Crystal Palace en Premier League"},"content":{"rendered":"<p>L\u2019ailier belgo-guin\u00e9en Malick Fofana, qui \u00e9volue actuellement \u00e0 l\u2019Olympique Lyonnais, serait dans le viseur de Crystal Palace, en Premier League anglaise.<\/p>\n<p>\u00c2g\u00e9 de 21 ans, Fofana r\u00e9alise un d\u00e9but de saison remarqu\u00e9 avec le club rhodanien. Il a disput\u00e9 six rencontres, toutes comp\u00e9titions confondues, entre la Ligue 1 et les qualifications pour la Ligue des champions, avec deux buts inscrits. Il a notamment particip\u00e9 aux deux premi\u00e8res journ\u00e9es du championnat fran\u00e7ais ainsi qu\u2019aux quatre matchs de qualification pour la comp\u00e9tition europ\u00e9enne, dont trois en tant que titulaire.<\/p>\n<p>Arriv\u00e9 \u00e0 Lyon en janvier 2024 en provenance de La Gantoise, en Belgique, pour un montant estim\u00e9 \u00e0 19,5 millions d\u2019euros, l\u2019ailier gauche s\u2019est progressivement impos\u00e9 comme un \u00e9l\u00e9ment important de l\u2019effectif lyonnais. Son contrat avec l\u2019OL court actuellement jusqu\u2019au 30 juin 2028.<\/p>\n<p>Cette saison, Fofana a d\u00e9j\u00e0 trouv\u00e9 le chemin des filets \u00e0 deux reprises : une fois en Ligue 1 et une autre en qualifications pour la Ligue des champions. Il totalise par ailleurs 56 minutes de jeu en championnat et 280 minutes sur la sc\u00e8ne europ\u00e9enne.<\/p>\n<p>Selon les informations qui circulent autour du mercato, Crystal Palace serait donc int\u00e9ress\u00e9 par son profil. \u00c0 ce stade, aucun accord n\u2019aurait toutefois \u00e9t\u00e9 conclu entre les diff\u00e9rentes parties et aucun montant pr\u00e9cis n\u2019a \u00e9t\u00e9 avanc\u00e9 concernant une \u00e9ventuelle indemnit\u00e9 de transfert.<\/p>\n<p>N\u00e9 \u00e0 Alost, en Belgique, Malick Fofana poss\u00e8de la double \u00e9ligibilit\u00e9 sportive et peut repr\u00e9senter aussi bien la Belgique que la Guin\u00e9e. Sous contrat avec Lyon jusqu\u2019en 2028, le jeune ailier pourrait ainsi \u00eatre l\u2019un des joueurs suivis de pr\u00e8s par Crystal Palace lors de cette p\u00e9riode de mercato.<\/p>\n<p>Une \u00e9ventuelle arriv\u00e9e en Angleterre lui offrirait la possibilit\u00e9 de d\u00e9couvrir la Premier League, apr\u00e8s avoir fait ses preuves en Belgique et en Ligue 1.<\/p>\n<p><strong>Idrissa Sompar\u00e9\u00a0<\/strong><\/p>\n","protected":false},"excerpt":{"rendered":"<p>L\u2019ailier belgo-guin\u00e9en Malick Fofana, qui \u00e9volue actuellement \u00e0 l\u2019Olympique Lyonnais, serait dans le viseur de Crystal Palace, en Premier League anglaise. \u00c2g\u00e9 de 21 ans, Fofana r\u00e9alise un d\u00e9but de saison remarqu\u00e9 avec le club rhodanien. Il a disput\u00e9 six rencontres, toutes comp\u00e9titions confondues, entre la Ligue 1 et les qualifications pour la Ligue des [&hellip;]<\/p>\n","protected":false},"author":2,"featured_media":5552,"comment_status":"closed","ping_status":"closed","sticky":false,"template":"","format":"standard","meta":{"footnotes":""},"categories":[2],"tags":[],"class_list":["post-5551","post","type-post","status-publish","format-standard","has-post-thumbnail","category-news"],"aioseo_notices":[],"aioseo_head":"\n\t\t<!-- All in One SEO 5.0.1.1 - aioseo.com -->\n\t<meta name=\"description\" content=\"L\u2019ailier belgo-guin\u00e9en Malick Fofana, qui \u00e9volue actuellement \u00e0 l\u2019Olympique Lyonnais, serait dans le viseur de Crystal Palace, en Premier League anglaise. \u00c2g\u00e9 de 21 ans, Fofana r\u00e9alise un d\u00e9but de saison remarqu\u00e9 avec le club rhodanien. Il a disput\u00e9 six rencontres, toutes comp\u00e9titions confondues, entre la Ligue 1 et les qualifications pour la Ligue des\" \/>\n\t<meta name=\"robots\" content=\"max-image-preview:large\" \/>\n\t<meta name=\"author\" content=\"Directeur de Publication\"\/>\n\t<link rel=\"canonical\" href=\"https:\/\/stade28.net\/index.php\/mercato-malick-fofana-dans-le-viseur-de-crystal-palace-en-premier-league\/\" \/>\n\t<meta name=\"generator\" content=\"All in One SEO (AIOSEO) 5.0.1.1\" \/>\n\t\t<meta property=\"og:locale\" content=\"fr_FR\" \/>\n\t\t<meta property=\"og:site_name\" content=\"Stade28.net - Le portail du sport guin\u00e9en\" \/>\n\t\t<meta property=\"og:type\" content=\"article\" \/>\n\t\t<meta property=\"og:title\" content=\"Mercato : Malick Fofana dans le viseur de Crystal Palace en Premier League - Stade28.net\" \/>\n\t\t<meta property=\"og:description\" content=\"L\u2019ailier belgo-guin\u00e9en Malick Fofana, qui \u00e9volue actuellement \u00e0 l\u2019Olympique Lyonnais, serait dans le viseur de Crystal Palace, en Premier League anglaise. \u00c2g\u00e9 de 21 ans, Fofana r\u00e9alise un d\u00e9but de saison remarqu\u00e9 avec le club rhodanien. Il a disput\u00e9 six rencontres, toutes comp\u00e9titions confondues, entre la Ligue 1 et les qualifications pour la Ligue des\" \/>\n\t\t<meta property=\"og:url\" content=\"https:\/\/stade28.net\/index.php\/mercato-malick-fofana-dans-le-viseur-de-crystal-palace-en-premier-league\/\" \/>\n\t\t<meta property=\"article:published_time\" content=\"2026-09-01T17:57:08+00:00\" \/>\n\t\t<meta property=\"article:modified_time\" content=\"2026-09-01T17:57:08+00:00\" \/>\n\t\t<meta name=\"twitter:card\" content=\"summary_large_image\" \/>\n\t\t<meta name=\"twitter:title\" content=\"Mercato : Malick Fofana dans le viseur de Crystal Palace en Premier League - Stade28.net\" \/>\n\t\t<meta name=\"twitter:description\" content=\"L\u2019ailier belgo-guin\u00e9en Malick Fofana, qui \u00e9volue actuellement \u00e0 l\u2019Olympique Lyonnais, serait dans le viseur de Crystal Palace, en Premier League anglaise. \u00c2g\u00e9 de 21 ans, Fofana r\u00e9alise un d\u00e9but de saison remarqu\u00e9 avec le club rhodanien. Il a disput\u00e9 six rencontres, toutes comp\u00e9titions confondues, entre la Ligue 1 et les qualifications pour la Ligue des\" \/>\n\t\t<script type=\"application\/ld+json\" class=\"aioseo-schema\">\n\t\t\t{\"@context\":\"https:\\\/\\\/schema.org\",\"@graph\":[{\"@type\":\"BlogPosting\",\"@id\":\"https:\\\/\\\/stade28.net\\\/index.php\\\/mercato-malick-fofana-dans-le-viseur-de-crystal-palace-en-premier-league\\\/#blogposting\",\"name\":\"Mercato : Malick Fofana dans le viseur de Crystal Palace en Premier League - Stade28.net\",\"headline\":\"Mercato : Malick Fofana dans le viseur de Crystal Palace en Premier League\",\"author\":{\"@id\":\"https:\\\/\\\/stade28.net\\\/index.php\\\/author\\\/youlamarif\\\/#author\"},\"publisher\":{\"@id\":\"https:\\\/\\\/stade28.net\\\/#organization\"},\"image\":{\"@type\":\"ImageObject\",\"url\":\"https:\\\/\\\/stade28.net\\\/wp-content\\\/uploads\\\/2026\\\/09\\\/FB_IMG_1788285193304.jpg\",\"width\":1536,\"height\":1024},\"datePublished\":\"2026-09-01T19:57:08+02:00\",\"dateModified\":\"2026-09-01T19:57:08+02:00\",\"inLanguage\":\"fr-FR\",\"mainEntityOfPage\":{\"@id\":\"https:\\\/\\\/stade28.net\\\/index.php\\\/mercato-malick-fofana-dans-le-viseur-de-crystal-palace-en-premier-league\\\/#webpage\"},\"isPartOf\":{\"@id\":\"https:\\\/\\\/stade28.net\\\/index.php\\\/mercato-malick-fofana-dans-le-viseur-de-crystal-palace-en-premier-league\\\/#webpage\"},\"articleSection\":\"news\"},{\"@type\":\"BreadcrumbList\",\"@id\":\"https:\\\/\\\/stade28.net\\\/index.php\\\/mercato-malick-fofana-dans-le-viseur-de-crystal-palace-en-premier-league\\\/#breadcrumblist\",\"itemListElement\":[{\"@type\":\"ListItem\",\"@id\":\"https:\\\/\\\/stade28.net#listItem\",\"position\":1,\"name\":\"Domicile\",\"item\":\"https:\\\/\\\/stade28.net\",\"nextItem\":{\"@type\":\"ListItem\",\"@id\":\"https:\\\/\\\/stade28.net\\\/index.php\\\/category\\\/news\\\/#listItem\",\"name\":\"news\"}},{\"@type\":\"ListItem\",\"@id\":\"https:\\\/\\\/stade28.net\\\/index.php\\\/category\\\/news\\\/#listItem\",\"position\":2,\"name\":\"news\",\"item\":\"https:\\\/\\\/stade28.net\\\/index.php\\\/category\\\/news\\\/\",\"nextItem\":{\"@type\":\"ListItem\",\"@id\":\"https:\\\/\\\/stade28.net\\\/index.php\\\/mercato-malick-fofana-dans-le-viseur-de-crystal-palace-en-premier-league\\\/#listItem\",\"name\":\"Mercato : Malick Fofana dans le viseur de Crystal Palace en Premier League\"},\"previousItem\":{\"@type\":\"ListItem\",\"@id\":\"https:\\\/\\\/stade28.net#listItem\",\"name\":\"Domicile\"}},{\"@type\":\"ListItem\",\"@id\":\"https:\\\/\\\/stade28.net\\\/index.php\\\/mercato-malick-fofana-dans-le-viseur-de-crystal-palace-en-premier-league\\\/#listItem\",\"position\":3,\"name\":\"Mercato : Malick Fofana dans le viseur de Crystal Palace en Premier League\",\"previousItem\":{\"@type\":\"ListItem\",\"@id\":\"https:\\\/\\\/stade28.net\\\/index.php\\\/category\\\/news\\\/#listItem\",\"name\":\"news\"}}]},{\"@type\":\"Organization\",\"@id\":\"https:\\\/\\\/stade28.net\\\/#organization\",\"name\":\"Stade28.net\",\"description\":\"Le portail du sport guin\\u00e9en\",\"url\":\"https:\\\/\\\/stade28.net\\\/\"},{\"@type\":\"Person\",\"@id\":\"https:\\\/\\\/stade28.net\\\/index.php\\\/author\\\/youlamarif\\\/#author\",\"url\":\"https:\\\/\\\/stade28.net\\\/index.php\\\/author\\\/youlamarif\\\/\",\"name\":\"Directeur de Publication\"},{\"@type\":\"WebPage\",\"@id\":\"https:\\\/\\\/stade28.net\\\/index.php\\\/mercato-malick-fofana-dans-le-viseur-de-crystal-palace-en-premier-league\\\/#webpage\",\"url\":\"https:\\\/\\\/stade28.net\\\/index.php\\\/mercato-malick-fofana-dans-le-viseur-de-crystal-palace-en-premier-league\\\/\",\"name\":\"Mercato : Malick Fofana dans le viseur de Crystal Palace en Premier League - Stade28.net\",\"description\":\"L\\u2019ailier belgo-guin\\u00e9en Malick Fofana, qui \\u00e9volue actuellement \\u00e0 l\\u2019Olympique Lyonnais, serait dans le viseur de Crystal Palace, en Premier League anglaise. \\u00c2g\\u00e9 de 21 ans, Fofana r\\u00e9alise un d\\u00e9but de saison remarqu\\u00e9 avec le club rhodanien. Il a disput\\u00e9 six rencontres, toutes comp\\u00e9titions confondues, entre la Ligue 1 et les qualifications pour la Ligue des\",\"inLanguage\":\"fr-FR\",\"isPartOf\":{\"@id\":\"https:\\\/\\\/stade28.net\\\/#website\"},\"breadcrumb\":{\"@id\":\"https:\\\/\\\/stade28.net\\\/index.php\\\/mercato-malick-fofana-dans-le-viseur-de-crystal-palace-en-premier-league\\\/#breadcrumblist\"},\"author\":{\"@id\":\"https:\\\/\\\/stade28.net\\\/index.php\\\/author\\\/youlamarif\\\/#author\"},\"creator\":{\"@id\":\"https:\\\/\\\/stade28.net\\\/index.php\\\/author\\\/youlamarif\\\/#author\"},\"image\":{\"@type\":\"ImageObject\",\"url\":\"https:\\\/\\\/stade28.net\\\/wp-content\\\/uploads\\\/2026\\\/09\\\/FB_IMG_1788285193304.jpg\",\"@id\":\"https:\\\/\\\/stade28.net\\\/index.php\\\/mercato-malick-fofana-dans-le-viseur-de-crystal-palace-en-premier-league\\\/#mainImage\",\"width\":1536,\"height\":1024},\"primaryImageOfPage\":{\"@id\":\"https:\\\/\\\/stade28.net\\\/index.php\\\/mercato-malick-fofana-dans-le-viseur-de-crystal-palace-en-premier-league\\\/#mainImage\"},\"datePublished\":\"2026-09-01T19:57:08+02:00\",\"dateModified\":\"2026-09-01T19:57:08+02:00\"},{\"@type\":\"WebSite\",\"@id\":\"https:\\\/\\\/stade28.net\\\/#website\",\"url\":\"https:\\\/\\\/stade28.net\\\/\",\"name\":\"Stade28.net\",\"description\":\"Le portail du sport guin\\u00e9en\",\"inLanguage\":\"fr-FR\",\"publisher\":{\"@id\":\"https:\\\/\\\/stade28.net\\\/#organization\"}}]}\n\t\t<\/script>\n\t\t<!-- All in One SEO -->\n\n","aioseo_head_json":{"title":"Mercato : Malick Fofana dans le viseur de Crystal Palace en Premier League - Stade28.net","description":"L\u2019ailier belgo-guin\u00e9en Malick Fofana, qui \u00e9volue actuellement \u00e0 l\u2019Olympique Lyonnais, serait dans le viseur de Crystal Palace, en Premier League anglaise. \u00c2g\u00e9 de 21 ans, Fofana r\u00e9alise un d\u00e9but de saison remarqu\u00e9 avec le club rhodanien. Il a disput\u00e9 six rencontres, toutes comp\u00e9titions confondues, entre la Ligue 1 et les qualifications pour la Ligue des","canonical_url":"https:\/\/stade28.net\/index.php\/mercato-malick-fofana-dans-le-viseur-de-crystal-palace-en-premier-league\/","robots":"max-image-preview:large","keywords":"","webmasterTools":{"miscellaneous":""},"schema":{"@context":"https:\/\/schema.org","@graph":[{"@type":"BlogPosting","@id":"https:\/\/stade28.net\/index.php\/mercato-malick-fofana-dans-le-viseur-de-crystal-palace-en-premier-league\/#blogposting","name":"Mercato : Malick Fofana dans le viseur de Crystal Palace en Premier League - Stade28.net","headline":"Mercato : Malick Fofana dans le viseur de Crystal Palace en Premier League","author":{"@id":"https:\/\/stade28.net\/index.php\/author\/youlamarif\/#author"},"publisher":{"@id":"https:\/\/stade28.net\/#organization"},"image":{"@type":"ImageObject","url":"https:\/\/stade28.net\/wp-content\/uploads\/2026\/09\/FB_IMG_1788285193304.jpg","width":1536,"height":1024},"datePublished":"2026-09-01T19:57:08+02:00","dateModified":"2026-09-01T19:57:08+02:00","inLanguage":"fr-FR","mainEntityOfPage":{"@id":"https:\/\/stade28.net\/index.php\/mercato-malick-fofana-dans-le-viseur-de-crystal-palace-en-premier-league\/#webpage"},"isPartOf":{"@id":"https:\/\/stade28.net\/index.php\/mercato-malick-fofana-dans-le-viseur-de-crystal-palace-en-premier-league\/#webpage"},"articleSection":"news"},{"@type":"BreadcrumbList","@id":"https:\/\/stade28.net\/index.php\/mercato-malick-fofana-dans-le-viseur-de-crystal-palace-en-premier-league\/#breadcrumblist","itemListElement":[{"@type":"ListItem","@id":"https:\/\/stade28.net#listItem","position":1,"name":"Domicile","item":"https:\/\/stade28.net","nextItem":{"@type":"ListItem","@id":"https:\/\/stade28.net\/index.php\/category\/news\/#listItem","name":"news"}},{"@type":"ListItem","@id":"https:\/\/stade28.net\/index.php\/category\/news\/#listItem","position":2,"name":"news","item":"https:\/\/stade28.net\/index.php\/category\/news\/","nextItem":{"@type":"ListItem","@id":"https:\/\/stade28.net\/index.php\/mercato-malick-fofana-dans-le-viseur-de-crystal-palace-en-premier-league\/#listItem","name":"Mercato : Malick Fofana dans le viseur de Crystal Palace en Premier League"},"previousItem":{"@type":"ListItem","@id":"https:\/\/stade28.net#listItem","name":"Domicile"}},{"@type":"ListItem","@id":"https:\/\/stade28.net\/index.php\/mercato-malick-fofana-dans-le-viseur-de-crystal-palace-en-premier-league\/#listItem","position":3,"name":"Mercato : Malick Fofana dans le viseur de Crystal Palace en Premier League","previousItem":{"@type":"ListItem","@id":"https:\/\/stade28.net\/index.php\/category\/news\/#listItem","name":"news"}}]},{"@type":"Organization","@id":"https:\/\/stade28.net\/#organization","name":"Stade28.net","description":"Le portail du sport guin\u00e9en","url":"https:\/\/stade28.net\/"},{"@type":"Person","@id":"https:\/\/stade28.net\/index.php\/author\/youlamarif\/#author","url":"https:\/\/stade28.net\/index.php\/author\/youlamarif\/","name":"Directeur de Publication"},{"@type":"WebPage","@id":"https:\/\/stade28.net\/index.php\/mercato-malick-fofana-dans-le-viseur-de-crystal-palace-en-premier-league\/#webpage","url":"https:\/\/stade28.net\/index.php\/mercato-malick-fofana-dans-le-viseur-de-crystal-palace-en-premier-league\/","name":"Mercato : Malick Fofana dans le viseur de Crystal Palace en Premier League - Stade28.net","description":"L\u2019ailier belgo-guin\u00e9en Malick Fofana, qui \u00e9volue actuellement \u00e0 l\u2019Olympique Lyonnais, serait dans le viseur de Crystal Palace, en Premier League anglaise. \u00c2g\u00e9 de 21 ans, Fofana r\u00e9alise un d\u00e9but de saison remarqu\u00e9 avec le club rhodanien. Il a disput\u00e9 six rencontres, toutes comp\u00e9titions confondues, entre la Ligue 1 et les qualifications pour la Ligue des","inLanguage":"fr-FR","isPartOf":{"@id":"https:\/\/stade28.net\/#website"},"breadcrumb":{"@id":"https:\/\/stade28.net\/index.php\/mercato-malick-fofana-dans-le-viseur-de-crystal-palace-en-premier-league\/#breadcrumblist"},"author":{"@id":"https:\/\/stade28.net\/index.php\/author\/youlamarif\/#author"},"creator":{"@id":"https:\/\/stade28.net\/index.php\/author\/youlamarif\/#author"},"image":{"@type":"ImageObject","url":"https:\/\/stade28.net\/wp-content\/uploads\/2026\/09\/FB_IMG_1788285193304.jpg","@id":"https:\/\/stade28.net\/index.php\/mercato-malick-fofana-dans-le-viseur-de-crystal-palace-en-premier-league\/#mainImage","width":1536,"height":1024},"primaryImageOfPage":{"@id":"https:\/\/stade28.net\/index.php\/mercato-malick-fofana-dans-le-viseur-de-crystal-palace-en-premier-league\/#mainImage"},"datePublished":"2026-09-01T19:57:08+02:00","dateModified":"2026-09-01T19:57:08+02:00"},{"@type":"WebSite","@id":"https:\/\/stade28.net\/#website","url":"https:\/\/stade28.net\/","name":"Stade28.net","description":"Le portail du sport guin\u00e9en","inLanguage":"fr-FR","publisher":{"@id":"https:\/\/stade28.net\/#organization"}}]},"og:locale":"fr_FR","og:site_name":"Stade28.net - Le portail du sport guin\u00e9en","og:type":"article","og:title":"Mercato : Malick Fofana dans le viseur de Crystal Palace en Premier League - Stade28.net","og:description":"L\u2019ailier belgo-guin\u00e9en Malick Fofana, qui \u00e9volue actuellement \u00e0 l\u2019Olympique Lyonnais, serait dans le viseur de Crystal Palace, en Premier League anglaise. \u00c2g\u00e9 de 21 ans, Fofana r\u00e9alise un d\u00e9but de saison remarqu\u00e9 avec le club rhodanien. Il a disput\u00e9 six rencontres, toutes comp\u00e9titions confondues, entre la Ligue 1 et les qualifications pour la Ligue des","og:url":"https:\/\/stade28.net\/index.php\/mercato-malick-fofana-dans-le-viseur-de-crystal-palace-en-premier-league\/","article:published_time":"2026-09-01T17:57:08+00:00","article:modified_time":"2026-09-01T17:57:08+00:00","twitter:card":"summary_large_image","twitter:title":"Mercato : Malick Fofana dans le viseur de Crystal Palace en Premier League - Stade28.net","twitter:description":"L\u2019ailier belgo-guin\u00e9en Malick Fofana, qui \u00e9volue actuellement \u00e0 l\u2019Olympique Lyonnais, serait dans le viseur de Crystal Palace, en Premier League anglaise. \u00c2g\u00e9 de 21 ans, Fofana r\u00e9alise un d\u00e9but de saison remarqu\u00e9 avec le club rhodanien. Il a disput\u00e9 six rencontres, toutes comp\u00e9titions confondues, entre la Ligue 1 et les qualifications pour la Ligue des"},"aioseo_meta_data":{"post_id":"5551","title":null,"description":null,"keywords":null,"keyphrases":{"focus":{"keyphrase":"","score":0,"analysis":{"keyphraseInTitle":{"score":0,"maxScore":9,"error":1}}},"additional":[]},"primary_term":null,"canonical_url":null,"og_title":null,"og_description":null,"og_object_type":"default","og_image_type":"default","og_image_url":null,"og_image_width":null,"og_image_height":null,"og_image_custom_url":null,"og_image_custom_fields":null,"og_video":"","og_custom_url":null,"og_article_section":null,"og_article_tags":null,"twitter_use_og":false,"twitter_card":"default","twitter_image_type":"default","twitter_image_url":null,"twitter_image_custom_url":null,"twitter_image_custom_fields":null,"twitter_title":null,"twitter_description":null,"schema":{"blockGraphs":[],"customGraphs":[],"default":{"data":{"Article":[],"Course":[],"Dataset":[],"FAQPage":[],"Movie":[],"Person":[],"Product":[],"ProductReview":[],"Car":[],"Recipe":[],"Service":[],"SoftwareApplication":[],"WebPage":[]},"graphName":"BlogPosting","isEnabled":true},"graphs":[]},"schema_type":"default","schema_type_options":null,"pillar_content":false,"robots_default":true,"robots_noindex":false,"robots_noarchive":false,"robots_nosnippet":false,"robots_nofollow":false,"robots_noimageindex":false,"robots_noodp":false,"robots_notranslate":false,"robots_max_snippet":"-1","robots_max_videopreview":"-1","robots_max_imagepreview":"large","priority":null,"frequency":"default","local_seo":null,"breadcrumb_settings":null,"limit_modified_date":false,"ai":{"faqs":[],"keyPoints":[],"schemas":[],"titles":[],"descriptions":[],"socialPosts":{"email":{"subject":"","preview":"","content":""},"linkedin":[],"twitter":[],"facebook":[],"instagram":[]}},"created":"2026-09-01 17:57:08","updated":"2026-09-01 17:57:08","seo_analyzer_scan_date":null,"focus_keyword":null,"additional_keywords":null,"truseo_locale":null},"aioseo_breadcrumb":"<div class=\"aioseo-breadcrumbs\"><span class=\"aioseo-breadcrumb\">\n\t\t\t<a href=\"https:\/\/stade28.net\" title=\"Domicile\">Domicile<\/a>\n\t\t<\/span><span class=\"aioseo-breadcrumb-separator\">&raquo;<\/span><span class=\"aioseo-breadcrumb\">\n\t\t\t<a href=\"https:\/\/stade28.net\/index.php\/category\/news\/\" title=\"news\">news<\/a>\n\t\t<\/span><span class=\"aioseo-breadcrumb-separator\">&raquo;<\/span><span class=\"aioseo-breadcrumb\">\n\t\t\tMercato : Malick Fofana dans le viseur de Crystal Palace en Premier League\n\t\t<\/span><\/div>","aioseo_breadcrumb_json":[{"label":"Domicile","link":"https:\/\/stade28.net"},{"label":"news","link":"https:\/\/stade28.net\/index.php\/category\/news\/"},{"label":"Mercato : Malick Fofana dans le viseur de Crystal Palace en Premier League","link":"https:\/\/stade28.net\/index.php\/mercato-malick-fofana-dans-le-viseur-de-crystal-palace-en-premier-league\/"}],"_links":{"self":[{"href":"https:\/\/stade28.net\/index.php\/wp-json\/wp\/v2\/posts\/5551","targetHints":{"allow":["GET"]}}],"collection":[{"href":"https:\/\/stade28.net\/index.php\/wp-json\/wp\/v2\/posts"}],"about":[{"href":"https:\/\/stade28.net\/index.php\/wp-json\/wp\/v2\/types\/post"}],"author":[{"embeddable":true,"href":"https:\/\/stade28.net\/index.php\/wp-json\/wp\/v2\/users\/2"}],"replies":[{"embeddable":true,"href":"https:\/\/stade28.net\/index.php\/wp-json\/wp\/v2\/comments?post=5551"}],"version-history":[{"count":0,"href":"https:\/\/stade28.net\/index.php\/wp-json\/wp\/v2\/posts\/5551\/revisions"}],"wp:featuredmedia":[{"embeddable":true,"href":"https:\/\/stade28.net\/index.php\/wp-json\/wp\/v2\/media\/5552"}],"wp:attachment":[{"href":"https:\/\/stade28.net\/index.php\/wp-json\/wp\/v2\/media?parent=5551"}],"wp:term":[{"taxonomy":"category","embeddable":true,"href":"https:\/\/stade28.net\/index.php\/wp-json\/wp\/v2\/categories?post=5551"},{"taxonomy":"post_tag","embeddable":true,"href":"https:\/\/stade28.net\/index.php\/wp-json\/wp\/v2\/tags?post=5551"}],"curies":[{"name":"wp","href":"https:\/\/api.w.org\/{rel}","templated":true}]}}