{"id":5546,"date":"2026-09-01T19:49:08","date_gmt":"2026-09-01T17:49:08","guid":{"rendered":"https:\/\/stade28.net\/?p=5546"},"modified":"2026-09-01T19:52:48","modified_gmt":"2026-09-01T17:52:48","slug":"mercato-naby-keita-dans-le-viseur-du-sabah-fc-en-azerbaidjan","status":"publish","type":"post","link":"https:\/\/stade28.net\/index.php\/mercato-naby-keita-dans-le-viseur-du-sabah-fc-en-azerbaidjan\/","title":{"rendered":"Mercato : Naby Keita dans le viseur du Sabah FC en Azerba\u00efdjan"},"content":{"rendered":"<p>Le milieu de terrain guin\u00e9en Naby Keita suscite l\u2019int\u00e9r\u00eat du Sabah FC, club bas\u00e9 \u00e0 Bakou, en Azerba\u00efdjan. L\u2019international guin\u00e9en, qui \u00e9volue actuellement au Ferencv\u00e1ros, pourrait ainsi faire l\u2019objet d\u2019une offensive du club azerba\u00efdjanais.<\/p>\n<p>Selon \u0130dman.Biz, citant le m\u00e9dia hongrois \u00d6lt\u00f6z\u0151n T\u00fal, le joueur de 31 ans serait apparu sur les radars du Sabah FC, qui se pr\u00e9pare \u00e0 disputer pour la premi\u00e8re fois la phase de groupes de la Ligue des champions de l\u2019UEFA.<\/p>\n<p>\u00c0 ce stade, il s\u2019agit toutefois d\u2019un int\u00e9r\u00eat et non d\u2019un accord concret. Aucune information fiable ne permet pour l\u2019instant d\u2019affirmer qu\u2019une n\u00e9gociation ait abouti ou qu\u2019un transfert ait \u00e9t\u00e9 conclu entre les diff\u00e9rentes parties.<\/p>\n<p>Naby Keita est devenu un joueur permanent de Ferencv\u00e1ros en janvier 2026, apr\u00e8s avoir \u00e9volu\u00e9 auparavant sous les couleurs du club hongrois dans le cadre d\u2019un pr\u00eat en provenance du Werder Br\u00eame.<\/p>\n<p>Reste d\u00e9sormais \u00e0 savoir si cet int\u00e9r\u00eat du Sabah FC se transformera en une v\u00e9ritable proposition pour l\u2019ancien joueur de Liverpool.<\/p>\n<p><strong>Idrissa Sompar\u00e9 <\/strong><\/p>\n","protected":false},"excerpt":{"rendered":"<p>Le milieu de terrain guin\u00e9en Naby Keita suscite l\u2019int\u00e9r\u00eat du Sabah FC, club bas\u00e9 \u00e0 Bakou, en Azerba\u00efdjan. L\u2019international guin\u00e9en, qui \u00e9volue actuellement au Ferencv\u00e1ros, pourrait ainsi faire l\u2019objet d\u2019une offensive du club azerba\u00efdjanais. Selon \u0130dman.Biz, citant le m\u00e9dia hongrois \u00d6lt\u00f6z\u0151n T\u00fal, le joueur de 31 ans serait apparu sur les radars du Sabah FC, [&hellip;]<\/p>\n","protected":false},"author":2,"featured_media":5547,"comment_status":"closed","ping_status":"closed","sticky":false,"template":"","format":"standard","meta":{"footnotes":""},"categories":[2],"tags":[],"class_list":["post-5546","post","type-post","status-publish","format-standard","has-post-thumbnail","category-news"],"aioseo_notices":[],"aioseo_head":"\n\t\t<!-- All in One SEO 5.0.1.1 - aioseo.com -->\n\t<meta name=\"description\" content=\"Le milieu de terrain guin\u00e9en Naby Keita suscite l\u2019int\u00e9r\u00eat du Sabah FC, club bas\u00e9 \u00e0 Bakou, en Azerba\u00efdjan. L\u2019international guin\u00e9en, qui \u00e9volue actuellement au Ferencv\u00e1ros, pourrait ainsi faire l\u2019objet d\u2019une offensive du club azerba\u00efdjanais. Selon \u0130dman.Biz, citant le m\u00e9dia hongrois \u00d6lt\u00f6z\u0151n T\u00fal, le joueur de 31 ans serait apparu sur les radars du Sabah FC,\" \/>\n\t<meta name=\"robots\" content=\"max-image-preview:large\" \/>\n\t<meta name=\"author\" content=\"Directeur de Publication\"\/>\n\t<link rel=\"canonical\" href=\"https:\/\/stade28.net\/index.php\/mercato-naby-keita-dans-le-viseur-du-sabah-fc-en-azerbaidjan\/\" \/>\n\t<meta name=\"generator\" content=\"All in One SEO (AIOSEO) 5.0.1.1\" \/>\n\t\t<meta property=\"og:locale\" content=\"fr_FR\" \/>\n\t\t<meta property=\"og:site_name\" content=\"Stade28.net - Le portail du sport guin\u00e9en\" \/>\n\t\t<meta property=\"og:type\" content=\"article\" \/>\n\t\t<meta property=\"og:title\" content=\"Mercato : Naby Keita dans le viseur du Sabah FC en Azerba\u00efdjan - Stade28.net\" \/>\n\t\t<meta property=\"og:description\" content=\"Le milieu de terrain guin\u00e9en Naby Keita suscite l\u2019int\u00e9r\u00eat du Sabah FC, club bas\u00e9 \u00e0 Bakou, en Azerba\u00efdjan. L\u2019international guin\u00e9en, qui \u00e9volue actuellement au Ferencv\u00e1ros, pourrait ainsi faire l\u2019objet d\u2019une offensive du club azerba\u00efdjanais. Selon \u0130dman.Biz, citant le m\u00e9dia hongrois \u00d6lt\u00f6z\u0151n T\u00fal, le joueur de 31 ans serait apparu sur les radars du Sabah FC,\" \/>\n\t\t<meta property=\"og:url\" content=\"https:\/\/stade28.net\/index.php\/mercato-naby-keita-dans-le-viseur-du-sabah-fc-en-azerbaidjan\/\" \/>\n\t\t<meta property=\"article:published_time\" content=\"2026-09-01T17:49:08+00:00\" \/>\n\t\t<meta property=\"article:modified_time\" content=\"2026-09-01T17:52:48+00:00\" \/>\n\t\t<meta name=\"twitter:card\" content=\"summary_large_image\" \/>\n\t\t<meta name=\"twitter:title\" content=\"Mercato : Naby Keita dans le viseur du Sabah FC en Azerba\u00efdjan - Stade28.net\" \/>\n\t\t<meta name=\"twitter:description\" content=\"Le milieu de terrain guin\u00e9en Naby Keita suscite l\u2019int\u00e9r\u00eat du Sabah FC, club bas\u00e9 \u00e0 Bakou, en Azerba\u00efdjan. L\u2019international guin\u00e9en, qui \u00e9volue actuellement au Ferencv\u00e1ros, pourrait ainsi faire l\u2019objet d\u2019une offensive du club azerba\u00efdjanais. Selon \u0130dman.Biz, citant le m\u00e9dia hongrois \u00d6lt\u00f6z\u0151n T\u00fal, le joueur de 31 ans serait apparu sur les radars du Sabah FC,\" \/>\n\t\t<script type=\"application\/ld+json\" class=\"aioseo-schema\">\n\t\t\t{\"@context\":\"https:\\\/\\\/schema.org\",\"@graph\":[{\"@type\":\"BlogPosting\",\"@id\":\"https:\\\/\\\/stade28.net\\\/index.php\\\/mercato-naby-keita-dans-le-viseur-du-sabah-fc-en-azerbaidjan\\\/#blogposting\",\"name\":\"Mercato : Naby Keita dans le viseur du Sabah FC en Azerba\\u00efdjan - Stade28.net\",\"headline\":\"Mercato : Naby Keita dans le viseur du Sabah FC en Azerba\\u00efdjan\",\"author\":{\"@id\":\"https:\\\/\\\/stade28.net\\\/index.php\\\/author\\\/youlamarif\\\/#author\"},\"publisher\":{\"@id\":\"https:\\\/\\\/stade28.net\\\/#organization\"},\"image\":{\"@type\":\"ImageObject\",\"url\":\"https:\\\/\\\/stade28.net\\\/wp-content\\\/uploads\\\/2026\\\/09\\\/FB_IMG_1788284717852.jpg\",\"width\":1350,\"height\":900},\"datePublished\":\"2026-09-01T19:49:08+02:00\",\"dateModified\":\"2026-09-01T19:52:48+02:00\",\"inLanguage\":\"fr-FR\",\"mainEntityOfPage\":{\"@id\":\"https:\\\/\\\/stade28.net\\\/index.php\\\/mercato-naby-keita-dans-le-viseur-du-sabah-fc-en-azerbaidjan\\\/#webpage\"},\"isPartOf\":{\"@id\":\"https:\\\/\\\/stade28.net\\\/index.php\\\/mercato-naby-keita-dans-le-viseur-du-sabah-fc-en-azerbaidjan\\\/#webpage\"},\"articleSection\":\"news\"},{\"@type\":\"BreadcrumbList\",\"@id\":\"https:\\\/\\\/stade28.net\\\/index.php\\\/mercato-naby-keita-dans-le-viseur-du-sabah-fc-en-azerbaidjan\\\/#breadcrumblist\",\"itemListElement\":[{\"@type\":\"ListItem\",\"@id\":\"https:\\\/\\\/stade28.net#listItem\",\"position\":1,\"name\":\"Domicile\",\"item\":\"https:\\\/\\\/stade28.net\",\"nextItem\":{\"@type\":\"ListItem\",\"@id\":\"https:\\\/\\\/stade28.net\\\/index.php\\\/category\\\/news\\\/#listItem\",\"name\":\"news\"}},{\"@type\":\"ListItem\",\"@id\":\"https:\\\/\\\/stade28.net\\\/index.php\\\/category\\\/news\\\/#listItem\",\"position\":2,\"name\":\"news\",\"item\":\"https:\\\/\\\/stade28.net\\\/index.php\\\/category\\\/news\\\/\",\"nextItem\":{\"@type\":\"ListItem\",\"@id\":\"https:\\\/\\\/stade28.net\\\/index.php\\\/mercato-naby-keita-dans-le-viseur-du-sabah-fc-en-azerbaidjan\\\/#listItem\",\"name\":\"Mercato : Naby Keita dans le viseur du Sabah FC en Azerba\\u00efdjan\"},\"previousItem\":{\"@type\":\"ListItem\",\"@id\":\"https:\\\/\\\/stade28.net#listItem\",\"name\":\"Domicile\"}},{\"@type\":\"ListItem\",\"@id\":\"https:\\\/\\\/stade28.net\\\/index.php\\\/mercato-naby-keita-dans-le-viseur-du-sabah-fc-en-azerbaidjan\\\/#listItem\",\"position\":3,\"name\":\"Mercato : Naby Keita dans le viseur du Sabah FC en Azerba\\u00efdjan\",\"previousItem\":{\"@type\":\"ListItem\",\"@id\":\"https:\\\/\\\/stade28.net\\\/index.php\\\/category\\\/news\\\/#listItem\",\"name\":\"news\"}}]},{\"@type\":\"Organization\",\"@id\":\"https:\\\/\\\/stade28.net\\\/#organization\",\"name\":\"Stade28.net\",\"description\":\"Le portail du sport guin\\u00e9en\",\"url\":\"https:\\\/\\\/stade28.net\\\/\"},{\"@type\":\"Person\",\"@id\":\"https:\\\/\\\/stade28.net\\\/index.php\\\/author\\\/youlamarif\\\/#author\",\"url\":\"https:\\\/\\\/stade28.net\\\/index.php\\\/author\\\/youlamarif\\\/\",\"name\":\"Directeur de Publication\"},{\"@type\":\"WebPage\",\"@id\":\"https:\\\/\\\/stade28.net\\\/index.php\\\/mercato-naby-keita-dans-le-viseur-du-sabah-fc-en-azerbaidjan\\\/#webpage\",\"url\":\"https:\\\/\\\/stade28.net\\\/index.php\\\/mercato-naby-keita-dans-le-viseur-du-sabah-fc-en-azerbaidjan\\\/\",\"name\":\"Mercato : Naby Keita dans le viseur du Sabah FC en Azerba\\u00efdjan - Stade28.net\",\"description\":\"Le milieu de terrain guin\\u00e9en Naby Keita suscite l\\u2019int\\u00e9r\\u00eat du Sabah FC, club bas\\u00e9 \\u00e0 Bakou, en Azerba\\u00efdjan. L\\u2019international guin\\u00e9en, qui \\u00e9volue actuellement au Ferencv\\u00e1ros, pourrait ainsi faire l\\u2019objet d\\u2019une offensive du club azerba\\u00efdjanais. Selon \\u0130dman.Biz, citant le m\\u00e9dia hongrois \\u00d6lt\\u00f6z\\u0151n T\\u00fal, le joueur de 31 ans serait apparu sur les radars du Sabah FC,\",\"inLanguage\":\"fr-FR\",\"isPartOf\":{\"@id\":\"https:\\\/\\\/stade28.net\\\/#website\"},\"breadcrumb\":{\"@id\":\"https:\\\/\\\/stade28.net\\\/index.php\\\/mercato-naby-keita-dans-le-viseur-du-sabah-fc-en-azerbaidjan\\\/#breadcrumblist\"},\"author\":{\"@id\":\"https:\\\/\\\/stade28.net\\\/index.php\\\/author\\\/youlamarif\\\/#author\"},\"creator\":{\"@id\":\"https:\\\/\\\/stade28.net\\\/index.php\\\/author\\\/youlamarif\\\/#author\"},\"image\":{\"@type\":\"ImageObject\",\"url\":\"https:\\\/\\\/stade28.net\\\/wp-content\\\/uploads\\\/2026\\\/09\\\/FB_IMG_1788284717852.jpg\",\"@id\":\"https:\\\/\\\/stade28.net\\\/index.php\\\/mercato-naby-keita-dans-le-viseur-du-sabah-fc-en-azerbaidjan\\\/#mainImage\",\"width\":1350,\"height\":900},\"primaryImageOfPage\":{\"@id\":\"https:\\\/\\\/stade28.net\\\/index.php\\\/mercato-naby-keita-dans-le-viseur-du-sabah-fc-en-azerbaidjan\\\/#mainImage\"},\"datePublished\":\"2026-09-01T19:49:08+02:00\",\"dateModified\":\"2026-09-01T19:52:48+02:00\"},{\"@type\":\"WebSite\",\"@id\":\"https:\\\/\\\/stade28.net\\\/#website\",\"url\":\"https:\\\/\\\/stade28.net\\\/\",\"name\":\"Stade28.net\",\"description\":\"Le portail du sport guin\\u00e9en\",\"inLanguage\":\"fr-FR\",\"publisher\":{\"@id\":\"https:\\\/\\\/stade28.net\\\/#organization\"}}]}\n\t\t<\/script>\n\t\t<!-- All in One SEO -->\n\n","aioseo_head_json":{"title":"Mercato : Naby Keita dans le viseur du Sabah FC en Azerba\u00efdjan - Stade28.net","description":"Le milieu de terrain guin\u00e9en Naby Keita suscite l\u2019int\u00e9r\u00eat du Sabah FC, club bas\u00e9 \u00e0 Bakou, en Azerba\u00efdjan. L\u2019international guin\u00e9en, qui \u00e9volue actuellement au Ferencv\u00e1ros, pourrait ainsi faire l\u2019objet d\u2019une offensive du club azerba\u00efdjanais. Selon \u0130dman.Biz, citant le m\u00e9dia hongrois \u00d6lt\u00f6z\u0151n T\u00fal, le joueur de 31 ans serait apparu sur les radars du Sabah FC,","canonical_url":"https:\/\/stade28.net\/index.php\/mercato-naby-keita-dans-le-viseur-du-sabah-fc-en-azerbaidjan\/","robots":"max-image-preview:large","keywords":"","webmasterTools":{"miscellaneous":""},"schema":{"@context":"https:\/\/schema.org","@graph":[{"@type":"BlogPosting","@id":"https:\/\/stade28.net\/index.php\/mercato-naby-keita-dans-le-viseur-du-sabah-fc-en-azerbaidjan\/#blogposting","name":"Mercato : Naby Keita dans le viseur du Sabah FC en Azerba\u00efdjan - Stade28.net","headline":"Mercato : Naby Keita dans le viseur du Sabah FC en Azerba\u00efdjan","author":{"@id":"https:\/\/stade28.net\/index.php\/author\/youlamarif\/#author"},"publisher":{"@id":"https:\/\/stade28.net\/#organization"},"image":{"@type":"ImageObject","url":"https:\/\/stade28.net\/wp-content\/uploads\/2026\/09\/FB_IMG_1788284717852.jpg","width":1350,"height":900},"datePublished":"2026-09-01T19:49:08+02:00","dateModified":"2026-09-01T19:52:48+02:00","inLanguage":"fr-FR","mainEntityOfPage":{"@id":"https:\/\/stade28.net\/index.php\/mercato-naby-keita-dans-le-viseur-du-sabah-fc-en-azerbaidjan\/#webpage"},"isPartOf":{"@id":"https:\/\/stade28.net\/index.php\/mercato-naby-keita-dans-le-viseur-du-sabah-fc-en-azerbaidjan\/#webpage"},"articleSection":"news"},{"@type":"BreadcrumbList","@id":"https:\/\/stade28.net\/index.php\/mercato-naby-keita-dans-le-viseur-du-sabah-fc-en-azerbaidjan\/#breadcrumblist","itemListElement":[{"@type":"ListItem","@id":"https:\/\/stade28.net#listItem","position":1,"name":"Domicile","item":"https:\/\/stade28.net","nextItem":{"@type":"ListItem","@id":"https:\/\/stade28.net\/index.php\/category\/news\/#listItem","name":"news"}},{"@type":"ListItem","@id":"https:\/\/stade28.net\/index.php\/category\/news\/#listItem","position":2,"name":"news","item":"https:\/\/stade28.net\/index.php\/category\/news\/","nextItem":{"@type":"ListItem","@id":"https:\/\/stade28.net\/index.php\/mercato-naby-keita-dans-le-viseur-du-sabah-fc-en-azerbaidjan\/#listItem","name":"Mercato : Naby Keita dans le viseur du Sabah FC en Azerba\u00efdjan"},"previousItem":{"@type":"ListItem","@id":"https:\/\/stade28.net#listItem","name":"Domicile"}},{"@type":"ListItem","@id":"https:\/\/stade28.net\/index.php\/mercato-naby-keita-dans-le-viseur-du-sabah-fc-en-azerbaidjan\/#listItem","position":3,"name":"Mercato : Naby Keita dans le viseur du Sabah FC en Azerba\u00efdjan","previousItem":{"@type":"ListItem","@id":"https:\/\/stade28.net\/index.php\/category\/news\/#listItem","name":"news"}}]},{"@type":"Organization","@id":"https:\/\/stade28.net\/#organization","name":"Stade28.net","description":"Le portail du sport guin\u00e9en","url":"https:\/\/stade28.net\/"},{"@type":"Person","@id":"https:\/\/stade28.net\/index.php\/author\/youlamarif\/#author","url":"https:\/\/stade28.net\/index.php\/author\/youlamarif\/","name":"Directeur de Publication"},{"@type":"WebPage","@id":"https:\/\/stade28.net\/index.php\/mercato-naby-keita-dans-le-viseur-du-sabah-fc-en-azerbaidjan\/#webpage","url":"https:\/\/stade28.net\/index.php\/mercato-naby-keita-dans-le-viseur-du-sabah-fc-en-azerbaidjan\/","name":"Mercato : Naby Keita dans le viseur du Sabah FC en Azerba\u00efdjan - Stade28.net","description":"Le milieu de terrain guin\u00e9en Naby Keita suscite l\u2019int\u00e9r\u00eat du Sabah FC, club bas\u00e9 \u00e0 Bakou, en Azerba\u00efdjan. L\u2019international guin\u00e9en, qui \u00e9volue actuellement au Ferencv\u00e1ros, pourrait ainsi faire l\u2019objet d\u2019une offensive du club azerba\u00efdjanais. Selon \u0130dman.Biz, citant le m\u00e9dia hongrois \u00d6lt\u00f6z\u0151n T\u00fal, le joueur de 31 ans serait apparu sur les radars du Sabah FC,","inLanguage":"fr-FR","isPartOf":{"@id":"https:\/\/stade28.net\/#website"},"breadcrumb":{"@id":"https:\/\/stade28.net\/index.php\/mercato-naby-keita-dans-le-viseur-du-sabah-fc-en-azerbaidjan\/#breadcrumblist"},"author":{"@id":"https:\/\/stade28.net\/index.php\/author\/youlamarif\/#author"},"creator":{"@id":"https:\/\/stade28.net\/index.php\/author\/youlamarif\/#author"},"image":{"@type":"ImageObject","url":"https:\/\/stade28.net\/wp-content\/uploads\/2026\/09\/FB_IMG_1788284717852.jpg","@id":"https:\/\/stade28.net\/index.php\/mercato-naby-keita-dans-le-viseur-du-sabah-fc-en-azerbaidjan\/#mainImage","width":1350,"height":900},"primaryImageOfPage":{"@id":"https:\/\/stade28.net\/index.php\/mercato-naby-keita-dans-le-viseur-du-sabah-fc-en-azerbaidjan\/#mainImage"},"datePublished":"2026-09-01T19:49:08+02:00","dateModified":"2026-09-01T19:52:48+02:00"},{"@type":"WebSite","@id":"https:\/\/stade28.net\/#website","url":"https:\/\/stade28.net\/","name":"Stade28.net","description":"Le portail du sport guin\u00e9en","inLanguage":"fr-FR","publisher":{"@id":"https:\/\/stade28.net\/#organization"}}]},"og:locale":"fr_FR","og:site_name":"Stade28.net - Le portail du sport guin\u00e9en","og:type":"article","og:title":"Mercato : Naby Keita dans le viseur du Sabah FC en Azerba\u00efdjan - Stade28.net","og:description":"Le milieu de terrain guin\u00e9en Naby Keita suscite l\u2019int\u00e9r\u00eat du Sabah FC, club bas\u00e9 \u00e0 Bakou, en Azerba\u00efdjan. L\u2019international guin\u00e9en, qui \u00e9volue actuellement au Ferencv\u00e1ros, pourrait ainsi faire l\u2019objet d\u2019une offensive du club azerba\u00efdjanais. Selon \u0130dman.Biz, citant le m\u00e9dia hongrois \u00d6lt\u00f6z\u0151n T\u00fal, le joueur de 31 ans serait apparu sur les radars du Sabah FC,","og:url":"https:\/\/stade28.net\/index.php\/mercato-naby-keita-dans-le-viseur-du-sabah-fc-en-azerbaidjan\/","article:published_time":"2026-09-01T17:49:08+00:00","article:modified_time":"2026-09-01T17:52:48+00:00","twitter:card":"summary_large_image","twitter:title":"Mercato : Naby Keita dans le viseur du Sabah FC en Azerba\u00efdjan - Stade28.net","twitter:description":"Le milieu de terrain guin\u00e9en Naby Keita suscite l\u2019int\u00e9r\u00eat du Sabah FC, club bas\u00e9 \u00e0 Bakou, en Azerba\u00efdjan. L\u2019international guin\u00e9en, qui \u00e9volue actuellement au Ferencv\u00e1ros, pourrait ainsi faire l\u2019objet d\u2019une offensive du club azerba\u00efdjanais. Selon \u0130dman.Biz, citant le m\u00e9dia hongrois \u00d6lt\u00f6z\u0151n T\u00fal, le joueur de 31 ans serait apparu sur les radars du Sabah FC,"},"aioseo_meta_data":{"post_id":"5546","title":null,"description":null,"keywords":null,"keyphrases":{"focus":{"keyphrase":"","score":0,"analysis":{"keyphraseInTitle":{"score":0,"maxScore":9,"error":1}}},"additional":[]},"primary_term":null,"canonical_url":null,"og_title":null,"og_description":null,"og_object_type":"default","og_image_type":"default","og_image_url":null,"og_image_width":null,"og_image_height":null,"og_image_custom_url":null,"og_image_custom_fields":null,"og_video":"","og_custom_url":null,"og_article_section":null,"og_article_tags":null,"twitter_use_og":false,"twitter_card":"default","twitter_image_type":"default","twitter_image_url":null,"twitter_image_custom_url":null,"twitter_image_custom_fields":null,"twitter_title":null,"twitter_description":null,"schema":{"blockGraphs":[],"customGraphs":[],"default":{"data":{"Article":[],"Course":[],"Dataset":[],"FAQPage":[],"Movie":[],"Person":[],"Product":[],"ProductReview":[],"Car":[],"Recipe":[],"Service":[],"SoftwareApplication":[],"WebPage":[]},"graphName":"BlogPosting","isEnabled":true},"graphs":[]},"schema_type":"default","schema_type_options":null,"pillar_content":false,"robots_default":true,"robots_noindex":false,"robots_noarchive":false,"robots_nosnippet":false,"robots_nofollow":false,"robots_noimageindex":false,"robots_noodp":false,"robots_notranslate":false,"robots_max_snippet":"-1","robots_max_videopreview":"-1","robots_max_imagepreview":"large","priority":null,"frequency":"default","local_seo":null,"breadcrumb_settings":null,"limit_modified_date":false,"ai":{"faqs":[],"keyPoints":[],"schemas":[],"titles":[],"descriptions":[],"socialPosts":{"email":{"subject":"","preview":"","content":""},"linkedin":[],"twitter":[],"facebook":[],"instagram":[]}},"created":"2026-09-01 17:49:08","updated":"2026-09-01 17:52:48","seo_analyzer_scan_date":null,"focus_keyword":null,"additional_keywords":null,"truseo_locale":null},"aioseo_breadcrumb":"<div class=\"aioseo-breadcrumbs\"><span class=\"aioseo-breadcrumb\">\n\t\t\t<a href=\"https:\/\/stade28.net\" title=\"Domicile\">Domicile<\/a>\n\t\t<\/span><span class=\"aioseo-breadcrumb-separator\">&raquo;<\/span><span class=\"aioseo-breadcrumb\">\n\t\t\t<a href=\"https:\/\/stade28.net\/index.php\/category\/news\/\" title=\"news\">news<\/a>\n\t\t<\/span><span class=\"aioseo-breadcrumb-separator\">&raquo;<\/span><span class=\"aioseo-breadcrumb\">\n\t\t\tMercato : Naby Keita dans le viseur du Sabah FC en Azerba\u00efdjan\n\t\t<\/span><\/div>","aioseo_breadcrumb_json":[{"label":"Domicile","link":"https:\/\/stade28.net"},{"label":"news","link":"https:\/\/stade28.net\/index.php\/category\/news\/"},{"label":"Mercato : Naby Keita dans le viseur du Sabah FC en Azerba\u00efdjan","link":"https:\/\/stade28.net\/index.php\/mercato-naby-keita-dans-le-viseur-du-sabah-fc-en-azerbaidjan\/"}],"_links":{"self":[{"href":"https:\/\/stade28.net\/index.php\/wp-json\/wp\/v2\/posts\/5546","targetHints":{"allow":["GET"]}}],"collection":[{"href":"https:\/\/stade28.net\/index.php\/wp-json\/wp\/v2\/posts"}],"about":[{"href":"https:\/\/stade28.net\/index.php\/wp-json\/wp\/v2\/types\/post"}],"author":[{"embeddable":true,"href":"https:\/\/stade28.net\/index.php\/wp-json\/wp\/v2\/users\/2"}],"replies":[{"embeddable":true,"href":"https:\/\/stade28.net\/index.php\/wp-json\/wp\/v2\/comments?post=5546"}],"version-history":[{"count":0,"href":"https:\/\/stade28.net\/index.php\/wp-json\/wp\/v2\/posts\/5546\/revisions"}],"wp:featuredmedia":[{"embeddable":true,"href":"https:\/\/stade28.net\/index.php\/wp-json\/wp\/v2\/media\/5547"}],"wp:attachment":[{"href":"https:\/\/stade28.net\/index.php\/wp-json\/wp\/v2\/media?parent=5546"}],"wp:term":[{"taxonomy":"category","embeddable":true,"href":"https:\/\/stade28.net\/index.php\/wp-json\/wp\/v2\/categories?post=5546"},{"taxonomy":"post_tag","embeddable":true,"href":"https:\/\/stade28.net\/index.php\/wp-json\/wp\/v2\/tags?post=5546"}],"curies":[{"name":"wp","href":"https:\/\/api.w.org\/{rel}","templated":true}]}}