{"id":5533,"date":"2026-08-31T00:30:11","date_gmt":"2026-08-30T22:30:11","guid":{"rendered":"https:\/\/stade28.net\/?p=5533"},"modified":"2026-08-31T00:30:11","modified_gmt":"2026-08-30T22:30:11","slug":"mercato-malick-fofana-recale-hull-city-arsenal-se-positionne","status":"publish","type":"post","link":"https:\/\/stade28.net\/index.php\/mercato-malick-fofana-recale-hull-city-arsenal-se-positionne\/","title":{"rendered":"Mercato : Malick Fofana recale Hull City, Arsenal se positionne"},"content":{"rendered":"<p>Malick Fofana continue d\u2019attirer les convoitises en Angleterre. L\u2019ailier de l\u2019Olympique Lyonnais aurait repouss\u00e9 une offre de Hull City, tout juste promu en Premier League, alors que plusieurs clubs anglais suivent attentivement sa situation.<\/p>\n<p>D\u2019apr\u00e8s les informations de Foot Mercato, Hull City aurait transmis une proposition pour recruter l\u2019international belge de 21 ans. Une offre que le joueur aurait finalement d\u00e9clin\u00e9e, privil\u00e9giant un projet sportif plus ambitieux et davantage en phase avec ses objectifs.<\/p>\n<p><strong>Arsenal \u00e0 l\u2019aff\u00fbt<\/strong><\/p>\n<p>Le refus de Fofana ne devrait pas mettre fin aux discussions autour de son avenir. Plusieurs formations anglaises surveillent le dossier, dont Sunderland.<\/p>\n<p>Mais c\u2019est surtout Arsenal qui pourrait rapidement passer \u00e0 l\u2019offensive. Les Gunners seraient attentifs \u00e0 la situation de l\u2019ailier lyonnais et pourraient se positionner dans les prochaines semaines.<\/p>\n<p>Sous contrat avec l\u2019OL, Malick Fofana appara\u00eet ainsi comme l\u2019un des joueurs lyonnais les plus courtis\u00e9s du moment. Reste d\u00e9sormais \u00e0 savoir quel club saura convaincre le jeune Belge de poursuivre sa progression en Premier League.<\/p>\n<p><strong>Idrissa Sompar\u00e9\u00a0<\/strong><\/p>\n<p>&nbsp;<\/p>\n","protected":false},"excerpt":{"rendered":"<p>Malick Fofana continue d\u2019attirer les convoitises en Angleterre. L\u2019ailier de l\u2019Olympique Lyonnais aurait repouss\u00e9 une offre de Hull City, tout juste promu en Premier League, alors que plusieurs clubs anglais suivent attentivement sa situation. D\u2019apr\u00e8s les informations de Foot Mercato, Hull City aurait transmis une proposition pour recruter l\u2019international belge de 21 ans. Une offre [&hellip;]<\/p>\n","protected":false},"author":2,"featured_media":5535,"comment_status":"closed","ping_status":"closed","sticky":false,"template":"","format":"standard","meta":{"footnotes":""},"categories":[2],"tags":[],"class_list":["post-5533","post","type-post","status-publish","format-standard","has-post-thumbnail","category-news"],"aioseo_notices":[],"aioseo_head":"\n\t\t<!-- All in One SEO 5.0.1.1 - aioseo.com -->\n\t<meta name=\"description\" content=\"Malick Fofana continue d\u2019attirer les convoitises en Angleterre. L\u2019ailier de l\u2019Olympique Lyonnais aurait repouss\u00e9 une offre de Hull City, tout juste promu en Premier League, alors que plusieurs clubs anglais suivent attentivement sa situation. D\u2019apr\u00e8s les informations de Foot Mercato, Hull City aurait transmis une proposition pour recruter l\u2019international belge de 21 ans. Une offre\" \/>\n\t<meta name=\"robots\" content=\"max-image-preview:large\" \/>\n\t<meta name=\"author\" content=\"Directeur de Publication\"\/>\n\t<link rel=\"canonical\" href=\"https:\/\/stade28.net\/index.php\/mercato-malick-fofana-recale-hull-city-arsenal-se-positionne\/\" \/>\n\t<meta name=\"generator\" content=\"All in One SEO (AIOSEO) 5.0.1.1\" \/>\n\t\t<meta property=\"og:locale\" content=\"fr_FR\" \/>\n\t\t<meta property=\"og:site_name\" content=\"Stade28.net - Le portail du sport guin\u00e9en\" \/>\n\t\t<meta property=\"og:type\" content=\"article\" \/>\n\t\t<meta property=\"og:title\" content=\"Mercato : Malick Fofana recale Hull City, Arsenal se positionne - Stade28.net\" \/>\n\t\t<meta property=\"og:description\" content=\"Malick Fofana continue d\u2019attirer les convoitises en Angleterre. L\u2019ailier de l\u2019Olympique Lyonnais aurait repouss\u00e9 une offre de Hull City, tout juste promu en Premier League, alors que plusieurs clubs anglais suivent attentivement sa situation. D\u2019apr\u00e8s les informations de Foot Mercato, Hull City aurait transmis une proposition pour recruter l\u2019international belge de 21 ans. Une offre\" \/>\n\t\t<meta property=\"og:url\" content=\"https:\/\/stade28.net\/index.php\/mercato-malick-fofana-recale-hull-city-arsenal-se-positionne\/\" \/>\n\t\t<meta property=\"article:published_time\" content=\"2026-08-30T22:30:11+00:00\" \/>\n\t\t<meta property=\"article:modified_time\" content=\"2026-08-30T22:30:11+00:00\" \/>\n\t\t<meta name=\"twitter:card\" content=\"summary_large_image\" \/>\n\t\t<meta name=\"twitter:title\" content=\"Mercato : Malick Fofana recale Hull City, Arsenal se positionne - Stade28.net\" \/>\n\t\t<meta name=\"twitter:description\" content=\"Malick Fofana continue d\u2019attirer les convoitises en Angleterre. L\u2019ailier de l\u2019Olympique Lyonnais aurait repouss\u00e9 une offre de Hull City, tout juste promu en Premier League, alors que plusieurs clubs anglais suivent attentivement sa situation. D\u2019apr\u00e8s les informations de Foot Mercato, Hull City aurait transmis une proposition pour recruter l\u2019international belge de 21 ans. Une offre\" \/>\n\t\t<script type=\"application\/ld+json\" class=\"aioseo-schema\">\n\t\t\t{\"@context\":\"https:\\\/\\\/schema.org\",\"@graph\":[{\"@type\":\"BlogPosting\",\"@id\":\"https:\\\/\\\/stade28.net\\\/index.php\\\/mercato-malick-fofana-recale-hull-city-arsenal-se-positionne\\\/#blogposting\",\"name\":\"Mercato : Malick Fofana recale Hull City, Arsenal se positionne - Stade28.net\",\"headline\":\"Mercato : Malick Fofana recale Hull City, Arsenal se positionne\",\"author\":{\"@id\":\"https:\\\/\\\/stade28.net\\\/index.php\\\/author\\\/youlamarif\\\/#author\"},\"publisher\":{\"@id\":\"https:\\\/\\\/stade28.net\\\/#organization\"},\"image\":{\"@type\":\"ImageObject\",\"url\":\"https:\\\/\\\/stade28.net\\\/wp-content\\\/uploads\\\/2026\\\/08\\\/FB_IMG_1788128544954-1.jpg\",\"width\":1200,\"height\":675},\"datePublished\":\"2026-08-31T00:30:11+02:00\",\"dateModified\":\"2026-08-31T00:30:11+02:00\",\"inLanguage\":\"fr-FR\",\"mainEntityOfPage\":{\"@id\":\"https:\\\/\\\/stade28.net\\\/index.php\\\/mercato-malick-fofana-recale-hull-city-arsenal-se-positionne\\\/#webpage\"},\"isPartOf\":{\"@id\":\"https:\\\/\\\/stade28.net\\\/index.php\\\/mercato-malick-fofana-recale-hull-city-arsenal-se-positionne\\\/#webpage\"},\"articleSection\":\"news\"},{\"@type\":\"BreadcrumbList\",\"@id\":\"https:\\\/\\\/stade28.net\\\/index.php\\\/mercato-malick-fofana-recale-hull-city-arsenal-se-positionne\\\/#breadcrumblist\",\"itemListElement\":[{\"@type\":\"ListItem\",\"@id\":\"https:\\\/\\\/stade28.net#listItem\",\"position\":1,\"name\":\"Domicile\",\"item\":\"https:\\\/\\\/stade28.net\",\"nextItem\":{\"@type\":\"ListItem\",\"@id\":\"https:\\\/\\\/stade28.net\\\/index.php\\\/category\\\/news\\\/#listItem\",\"name\":\"news\"}},{\"@type\":\"ListItem\",\"@id\":\"https:\\\/\\\/stade28.net\\\/index.php\\\/category\\\/news\\\/#listItem\",\"position\":2,\"name\":\"news\",\"item\":\"https:\\\/\\\/stade28.net\\\/index.php\\\/category\\\/news\\\/\",\"nextItem\":{\"@type\":\"ListItem\",\"@id\":\"https:\\\/\\\/stade28.net\\\/index.php\\\/mercato-malick-fofana-recale-hull-city-arsenal-se-positionne\\\/#listItem\",\"name\":\"Mercato : Malick Fofana recale Hull City, Arsenal se positionne\"},\"previousItem\":{\"@type\":\"ListItem\",\"@id\":\"https:\\\/\\\/stade28.net#listItem\",\"name\":\"Domicile\"}},{\"@type\":\"ListItem\",\"@id\":\"https:\\\/\\\/stade28.net\\\/index.php\\\/mercato-malick-fofana-recale-hull-city-arsenal-se-positionne\\\/#listItem\",\"position\":3,\"name\":\"Mercato : Malick Fofana recale Hull City, Arsenal se positionne\",\"previousItem\":{\"@type\":\"ListItem\",\"@id\":\"https:\\\/\\\/stade28.net\\\/index.php\\\/category\\\/news\\\/#listItem\",\"name\":\"news\"}}]},{\"@type\":\"Organization\",\"@id\":\"https:\\\/\\\/stade28.net\\\/#organization\",\"name\":\"Stade28.net\",\"description\":\"Le portail du sport guin\\u00e9en\",\"url\":\"https:\\\/\\\/stade28.net\\\/\"},{\"@type\":\"Person\",\"@id\":\"https:\\\/\\\/stade28.net\\\/index.php\\\/author\\\/youlamarif\\\/#author\",\"url\":\"https:\\\/\\\/stade28.net\\\/index.php\\\/author\\\/youlamarif\\\/\",\"name\":\"Directeur de Publication\"},{\"@type\":\"WebPage\",\"@id\":\"https:\\\/\\\/stade28.net\\\/index.php\\\/mercato-malick-fofana-recale-hull-city-arsenal-se-positionne\\\/#webpage\",\"url\":\"https:\\\/\\\/stade28.net\\\/index.php\\\/mercato-malick-fofana-recale-hull-city-arsenal-se-positionne\\\/\",\"name\":\"Mercato : Malick Fofana recale Hull City, Arsenal se positionne - Stade28.net\",\"description\":\"Malick Fofana continue d\\u2019attirer les convoitises en Angleterre. L\\u2019ailier de l\\u2019Olympique Lyonnais aurait repouss\\u00e9 une offre de Hull City, tout juste promu en Premier League, alors que plusieurs clubs anglais suivent attentivement sa situation. D\\u2019apr\\u00e8s les informations de Foot Mercato, Hull City aurait transmis une proposition pour recruter l\\u2019international belge de 21 ans. Une offre\",\"inLanguage\":\"fr-FR\",\"isPartOf\":{\"@id\":\"https:\\\/\\\/stade28.net\\\/#website\"},\"breadcrumb\":{\"@id\":\"https:\\\/\\\/stade28.net\\\/index.php\\\/mercato-malick-fofana-recale-hull-city-arsenal-se-positionne\\\/#breadcrumblist\"},\"author\":{\"@id\":\"https:\\\/\\\/stade28.net\\\/index.php\\\/author\\\/youlamarif\\\/#author\"},\"creator\":{\"@id\":\"https:\\\/\\\/stade28.net\\\/index.php\\\/author\\\/youlamarif\\\/#author\"},\"image\":{\"@type\":\"ImageObject\",\"url\":\"https:\\\/\\\/stade28.net\\\/wp-content\\\/uploads\\\/2026\\\/08\\\/FB_IMG_1788128544954-1.jpg\",\"@id\":\"https:\\\/\\\/stade28.net\\\/index.php\\\/mercato-malick-fofana-recale-hull-city-arsenal-se-positionne\\\/#mainImage\",\"width\":1200,\"height\":675},\"primaryImageOfPage\":{\"@id\":\"https:\\\/\\\/stade28.net\\\/index.php\\\/mercato-malick-fofana-recale-hull-city-arsenal-se-positionne\\\/#mainImage\"},\"datePublished\":\"2026-08-31T00:30:11+02:00\",\"dateModified\":\"2026-08-31T00:30:11+02:00\"},{\"@type\":\"WebSite\",\"@id\":\"https:\\\/\\\/stade28.net\\\/#website\",\"url\":\"https:\\\/\\\/stade28.net\\\/\",\"name\":\"Stade28.net\",\"description\":\"Le portail du sport guin\\u00e9en\",\"inLanguage\":\"fr-FR\",\"publisher\":{\"@id\":\"https:\\\/\\\/stade28.net\\\/#organization\"}}]}\n\t\t<\/script>\n\t\t<!-- All in One SEO -->\n\n","aioseo_head_json":{"title":"Mercato : Malick Fofana recale Hull City, Arsenal se positionne - Stade28.net","description":"Malick Fofana continue d\u2019attirer les convoitises en Angleterre. L\u2019ailier de l\u2019Olympique Lyonnais aurait repouss\u00e9 une offre de Hull City, tout juste promu en Premier League, alors que plusieurs clubs anglais suivent attentivement sa situation. D\u2019apr\u00e8s les informations de Foot Mercato, Hull City aurait transmis une proposition pour recruter l\u2019international belge de 21 ans. Une offre","canonical_url":"https:\/\/stade28.net\/index.php\/mercato-malick-fofana-recale-hull-city-arsenal-se-positionne\/","robots":"max-image-preview:large","keywords":"","webmasterTools":{"miscellaneous":""},"schema":{"@context":"https:\/\/schema.org","@graph":[{"@type":"BlogPosting","@id":"https:\/\/stade28.net\/index.php\/mercato-malick-fofana-recale-hull-city-arsenal-se-positionne\/#blogposting","name":"Mercato : Malick Fofana recale Hull City, Arsenal se positionne - Stade28.net","headline":"Mercato : Malick Fofana recale Hull City, Arsenal se positionne","author":{"@id":"https:\/\/stade28.net\/index.php\/author\/youlamarif\/#author"},"publisher":{"@id":"https:\/\/stade28.net\/#organization"},"image":{"@type":"ImageObject","url":"https:\/\/stade28.net\/wp-content\/uploads\/2026\/08\/FB_IMG_1788128544954-1.jpg","width":1200,"height":675},"datePublished":"2026-08-31T00:30:11+02:00","dateModified":"2026-08-31T00:30:11+02:00","inLanguage":"fr-FR","mainEntityOfPage":{"@id":"https:\/\/stade28.net\/index.php\/mercato-malick-fofana-recale-hull-city-arsenal-se-positionne\/#webpage"},"isPartOf":{"@id":"https:\/\/stade28.net\/index.php\/mercato-malick-fofana-recale-hull-city-arsenal-se-positionne\/#webpage"},"articleSection":"news"},{"@type":"BreadcrumbList","@id":"https:\/\/stade28.net\/index.php\/mercato-malick-fofana-recale-hull-city-arsenal-se-positionne\/#breadcrumblist","itemListElement":[{"@type":"ListItem","@id":"https:\/\/stade28.net#listItem","position":1,"name":"Domicile","item":"https:\/\/stade28.net","nextItem":{"@type":"ListItem","@id":"https:\/\/stade28.net\/index.php\/category\/news\/#listItem","name":"news"}},{"@type":"ListItem","@id":"https:\/\/stade28.net\/index.php\/category\/news\/#listItem","position":2,"name":"news","item":"https:\/\/stade28.net\/index.php\/category\/news\/","nextItem":{"@type":"ListItem","@id":"https:\/\/stade28.net\/index.php\/mercato-malick-fofana-recale-hull-city-arsenal-se-positionne\/#listItem","name":"Mercato : Malick Fofana recale Hull City, Arsenal se positionne"},"previousItem":{"@type":"ListItem","@id":"https:\/\/stade28.net#listItem","name":"Domicile"}},{"@type":"ListItem","@id":"https:\/\/stade28.net\/index.php\/mercato-malick-fofana-recale-hull-city-arsenal-se-positionne\/#listItem","position":3,"name":"Mercato : Malick Fofana recale Hull City, Arsenal se positionne","previousItem":{"@type":"ListItem","@id":"https:\/\/stade28.net\/index.php\/category\/news\/#listItem","name":"news"}}]},{"@type":"Organization","@id":"https:\/\/stade28.net\/#organization","name":"Stade28.net","description":"Le portail du sport guin\u00e9en","url":"https:\/\/stade28.net\/"},{"@type":"Person","@id":"https:\/\/stade28.net\/index.php\/author\/youlamarif\/#author","url":"https:\/\/stade28.net\/index.php\/author\/youlamarif\/","name":"Directeur de Publication"},{"@type":"WebPage","@id":"https:\/\/stade28.net\/index.php\/mercato-malick-fofana-recale-hull-city-arsenal-se-positionne\/#webpage","url":"https:\/\/stade28.net\/index.php\/mercato-malick-fofana-recale-hull-city-arsenal-se-positionne\/","name":"Mercato : Malick Fofana recale Hull City, Arsenal se positionne - Stade28.net","description":"Malick Fofana continue d\u2019attirer les convoitises en Angleterre. L\u2019ailier de l\u2019Olympique Lyonnais aurait repouss\u00e9 une offre de Hull City, tout juste promu en Premier League, alors que plusieurs clubs anglais suivent attentivement sa situation. D\u2019apr\u00e8s les informations de Foot Mercato, Hull City aurait transmis une proposition pour recruter l\u2019international belge de 21 ans. Une offre","inLanguage":"fr-FR","isPartOf":{"@id":"https:\/\/stade28.net\/#website"},"breadcrumb":{"@id":"https:\/\/stade28.net\/index.php\/mercato-malick-fofana-recale-hull-city-arsenal-se-positionne\/#breadcrumblist"},"author":{"@id":"https:\/\/stade28.net\/index.php\/author\/youlamarif\/#author"},"creator":{"@id":"https:\/\/stade28.net\/index.php\/author\/youlamarif\/#author"},"image":{"@type":"ImageObject","url":"https:\/\/stade28.net\/wp-content\/uploads\/2026\/08\/FB_IMG_1788128544954-1.jpg","@id":"https:\/\/stade28.net\/index.php\/mercato-malick-fofana-recale-hull-city-arsenal-se-positionne\/#mainImage","width":1200,"height":675},"primaryImageOfPage":{"@id":"https:\/\/stade28.net\/index.php\/mercato-malick-fofana-recale-hull-city-arsenal-se-positionne\/#mainImage"},"datePublished":"2026-08-31T00:30:11+02:00","dateModified":"2026-08-31T00:30:11+02:00"},{"@type":"WebSite","@id":"https:\/\/stade28.net\/#website","url":"https:\/\/stade28.net\/","name":"Stade28.net","description":"Le portail du sport guin\u00e9en","inLanguage":"fr-FR","publisher":{"@id":"https:\/\/stade28.net\/#organization"}}]},"og:locale":"fr_FR","og:site_name":"Stade28.net - Le portail du sport guin\u00e9en","og:type":"article","og:title":"Mercato : Malick Fofana recale Hull City, Arsenal se positionne - Stade28.net","og:description":"Malick Fofana continue d\u2019attirer les convoitises en Angleterre. L\u2019ailier de l\u2019Olympique Lyonnais aurait repouss\u00e9 une offre de Hull City, tout juste promu en Premier League, alors que plusieurs clubs anglais suivent attentivement sa situation. D\u2019apr\u00e8s les informations de Foot Mercato, Hull City aurait transmis une proposition pour recruter l\u2019international belge de 21 ans. Une offre","og:url":"https:\/\/stade28.net\/index.php\/mercato-malick-fofana-recale-hull-city-arsenal-se-positionne\/","article:published_time":"2026-08-30T22:30:11+00:00","article:modified_time":"2026-08-30T22:30:11+00:00","twitter:card":"summary_large_image","twitter:title":"Mercato : Malick Fofana recale Hull City, Arsenal se positionne - Stade28.net","twitter:description":"Malick Fofana continue d\u2019attirer les convoitises en Angleterre. L\u2019ailier de l\u2019Olympique Lyonnais aurait repouss\u00e9 une offre de Hull City, tout juste promu en Premier League, alors que plusieurs clubs anglais suivent attentivement sa situation. D\u2019apr\u00e8s les informations de Foot Mercato, Hull City aurait transmis une proposition pour recruter l\u2019international belge de 21 ans. Une offre"},"aioseo_meta_data":{"post_id":"5533","title":null,"description":null,"keywords":null,"keyphrases":{"focus":{"keyphrase":"","score":0,"analysis":{"keyphraseInTitle":{"score":0,"maxScore":9,"error":1}}},"additional":[]},"primary_term":null,"canonical_url":null,"og_title":null,"og_description":null,"og_object_type":"default","og_image_type":"default","og_image_url":null,"og_image_width":null,"og_image_height":null,"og_image_custom_url":null,"og_image_custom_fields":null,"og_video":"","og_custom_url":null,"og_article_section":null,"og_article_tags":null,"twitter_use_og":false,"twitter_card":"default","twitter_image_type":"default","twitter_image_url":null,"twitter_image_custom_url":null,"twitter_image_custom_fields":null,"twitter_title":null,"twitter_description":null,"schema":{"blockGraphs":[],"customGraphs":[],"default":{"data":{"Article":[],"Course":[],"Dataset":[],"FAQPage":[],"Movie":[],"Person":[],"Product":[],"ProductReview":[],"Car":[],"Recipe":[],"Service":[],"SoftwareApplication":[],"WebPage":[]},"graphName":"BlogPosting","isEnabled":true},"graphs":[]},"schema_type":"default","schema_type_options":null,"pillar_content":false,"robots_default":true,"robots_noindex":false,"robots_noarchive":false,"robots_nosnippet":false,"robots_nofollow":false,"robots_noimageindex":false,"robots_noodp":false,"robots_notranslate":false,"robots_max_snippet":"-1","robots_max_videopreview":"-1","robots_max_imagepreview":"large","priority":null,"frequency":"default","local_seo":null,"breadcrumb_settings":null,"limit_modified_date":false,"ai":{"faqs":[],"keyPoints":[],"schemas":[],"titles":[],"descriptions":[],"socialPosts":{"email":{"subject":"","preview":"","content":""},"linkedin":[],"twitter":[],"facebook":[],"instagram":[]}},"created":"2026-08-30 22:30:11","updated":"2026-08-30 22:30:16","seo_analyzer_scan_date":null,"focus_keyword":null,"additional_keywords":null,"truseo_locale":null},"aioseo_breadcrumb":"<div class=\"aioseo-breadcrumbs\"><span class=\"aioseo-breadcrumb\">\n\t\t\t<a href=\"https:\/\/stade28.net\" title=\"Domicile\">Domicile<\/a>\n\t\t<\/span><span class=\"aioseo-breadcrumb-separator\">&raquo;<\/span><span class=\"aioseo-breadcrumb\">\n\t\t\t<a href=\"https:\/\/stade28.net\/index.php\/category\/news\/\" title=\"news\">news<\/a>\n\t\t<\/span><span class=\"aioseo-breadcrumb-separator\">&raquo;<\/span><span class=\"aioseo-breadcrumb\">\n\t\t\tMercato : Malick Fofana recale Hull City, Arsenal se positionne\n\t\t<\/span><\/div>","aioseo_breadcrumb_json":[{"label":"Domicile","link":"https:\/\/stade28.net"},{"label":"news","link":"https:\/\/stade28.net\/index.php\/category\/news\/"},{"label":"Mercato : Malick Fofana recale Hull City, Arsenal se positionne","link":"https:\/\/stade28.net\/index.php\/mercato-malick-fofana-recale-hull-city-arsenal-se-positionne\/"}],"_links":{"self":[{"href":"https:\/\/stade28.net\/index.php\/wp-json\/wp\/v2\/posts\/5533","targetHints":{"allow":["GET"]}}],"collection":[{"href":"https:\/\/stade28.net\/index.php\/wp-json\/wp\/v2\/posts"}],"about":[{"href":"https:\/\/stade28.net\/index.php\/wp-json\/wp\/v2\/types\/post"}],"author":[{"embeddable":true,"href":"https:\/\/stade28.net\/index.php\/wp-json\/wp\/v2\/users\/2"}],"replies":[{"embeddable":true,"href":"https:\/\/stade28.net\/index.php\/wp-json\/wp\/v2\/comments?post=5533"}],"version-history":[{"count":1,"href":"https:\/\/stade28.net\/index.php\/wp-json\/wp\/v2\/posts\/5533\/revisions"}],"predecessor-version":[{"id":5536,"href":"https:\/\/stade28.net\/index.php\/wp-json\/wp\/v2\/posts\/5533\/revisions\/5536"}],"wp:featuredmedia":[{"embeddable":true,"href":"https:\/\/stade28.net\/index.php\/wp-json\/wp\/v2\/media\/5535"}],"wp:attachment":[{"href":"https:\/\/stade28.net\/index.php\/wp-json\/wp\/v2\/media?parent=5533"}],"wp:term":[{"taxonomy":"category","embeddable":true,"href":"https:\/\/stade28.net\/index.php\/wp-json\/wp\/v2\/categories?post=5533"},{"taxonomy":"post_tag","embeddable":true,"href":"https:\/\/stade28.net\/index.php\/wp-json\/wp\/v2\/tags?post=5533"}],"curies":[{"name":"wp","href":"https:\/\/api.w.org\/{rel}","templated":true}]}}