{"id":4805,"date":"2026-04-25T21:04:26","date_gmt":"2026-04-25T19:04:26","guid":{"rendered":"https:\/\/stade28.net\/?p=4805"},"modified":"2026-04-25T21:04:26","modified_gmt":"2026-04-25T19:04:26","slug":"cyclisme-guineen-la-presidente-hadja-aminata-mara-a-abidjan-pour-le-congres-de-la-cac","status":"publish","type":"post","link":"https:\/\/stade28.net\/index.php\/cyclisme-guineen-la-presidente-hadja-aminata-mara-a-abidjan-pour-le-congres-de-la-cac\/","title":{"rendered":"Cyclisme guin\u00e9en : La pr\u00e9sidente Hadja Aminata Mara \u00e0 Abidjan\u00a0 pour le congr\u00e8s de la CAC !"},"content":{"rendered":"<div dir=\"auto\">Abidjan, capitale \u00e9conomique de la C\u00f4te d\u2019Ivoire accueille les 25 et 26 avril 2026, le centre n\u00e9vralgique du cyclisme africain \u00e0 l\u2019occasion du congr\u00e8s de la Conf\u00e9d\u00e9ration Africaine de Cyclisme (CAC). Cet \u00e9v\u00e9nement majeur\u00a0 qui r\u00e9unira les acteurs cl\u00e9s de la discipline sur le continent, ainsi que des repr\u00e9sentants de l\u2019instance mondiale a connu la pr\u00e9sence de notre compatriote, Hadja Aminata Mara , pr\u00e9sidente de la F\u00e9d\u00e9ration Guin\u00e9enne de Cyclisme. Sa participation \u00e0 ce rendez-vous continental illustre parfaitement l\u2019importance qu&rsquo;elle porte \u00e0 ce rassemblement et \u00e0 l\u2019int\u00e9r\u00eat croissant du d\u00e9veloppement du cyclisme sur le continent africain.<\/div>\n<div dir=\"auto\"><\/div>\n<div dir=\"auto\">En outre le pr\u00e9sident de la F\u00e9d\u00e9ration Ivoirienne de Cyclisme (FIC), le Dr Allah-Kouam\u00e9, cet \u00e9v\u00e9nement d\u2019envergure tenu sur le territoire ivoirien et qui va r\u00e9unir les acteurs du cyclisme africain autour des questions li\u00e9es \u00e0 la gouvernance et au d\u00e9veloppement de la discipline sur le continent, conna\u00eetra la pr\u00e9sence de David Lappartient, pr\u00e9sident de l\u2019Union Cycliste Internationale.<\/div>\n<div dir=\"auto\"><\/div>\n<div dir=\"auto\">En marge de cette rencontre, un congr\u00e8s extraordinaire de la CAC pour l&rsquo;\u00e9lection du pr\u00e9sident\u00a0 d\u2019honneur est pr\u00e9vu ce dimanche\u00a0 26 avril 2026, suivi d&rsquo;une r\u00e9union du comit\u00e9 directeur de l&rsquo;instance\u00a0 pour voter la d\u00e9localisation du si\u00e8ge de l\u2019instance Africaine\u00a0 du cyclisme de Caire ( Egypte ) \u00e0 Abidjan en C\u00f4te d\u2019Ivoire . Les \u00e9changes porteront \u00e9galement sur les priorit\u00e9s strat\u00e9giques du cyclisme africain et la coordination entre les f\u00e9d\u00e9rations membres.<\/div>\n<div dir=\"auto\"><img loading=\"lazy\" decoding=\"async\" class=\"alignnone size-medium wp-image-4807\" src=\"https:\/\/stade28.net\/wp-content\/uploads\/2026\/04\/inbound4653950064249338190-300x225.jpg\" alt=\"\" width=\"300\" height=\"225\" srcset=\"https:\/\/stade28.net\/wp-content\/uploads\/2026\/04\/inbound4653950064249338190-300x225.jpg 300w, https:\/\/stade28.net\/wp-content\/uploads\/2026\/04\/inbound4653950064249338190-1024x768.jpg 1024w, https:\/\/stade28.net\/wp-content\/uploads\/2026\/04\/inbound4653950064249338190-768x576.jpg 768w, https:\/\/stade28.net\/wp-content\/uploads\/2026\/04\/inbound4653950064249338190-1536x1152.jpg 1536w, https:\/\/stade28.net\/wp-content\/uploads\/2026\/04\/inbound4653950064249338190-560x420.jpg 560w, https:\/\/stade28.net\/wp-content\/uploads\/2026\/04\/inbound4653950064249338190-80x60.jpg 80w, https:\/\/stade28.net\/wp-content\/uploads\/2026\/04\/inbound4653950064249338190-150x113.jpg 150w, https:\/\/stade28.net\/wp-content\/uploads\/2026\/04\/inbound4653950064249338190-696x522.jpg 696w, https:\/\/stade28.net\/wp-content\/uploads\/2026\/04\/inbound4653950064249338190-1068x801.jpg 1068w, https:\/\/stade28.net\/wp-content\/uploads\/2026\/04\/inbound4653950064249338190-265x198.jpg 265w, https:\/\/stade28.net\/wp-content\/uploads\/2026\/04\/inbound4653950064249338190-610x458.jpg 610w, https:\/\/stade28.net\/wp-content\/uploads\/2026\/04\/inbound4653950064249338190.jpg 1600w\" sizes=\"auto, (max-width: 300px) 100vw, 300px\" \/><\/div>\n<div dir=\"auto\">Notons que cette rencontre strat\u00e9gique dont participe la patronne du cyclisme guin\u00e9en\u00a0 , Hadja Aminata Mara\u00a0 permettra \u00e9galement d\u2019aborder les enjeux majeurs du cyclisme africain, notamment le d\u00e9veloppement des infrastructures, la formation des athl\u00e8tes et le renforcement de la coop\u00e9ration entre f\u00e9d\u00e9rations nationales. Bon s\u00e9jour \u00e0 elle!<\/div>\n<div dir=\"auto\"><\/div>\n<div dir=\"auto\"><strong>R\u00e9daction<\/strong><\/div>\n<div dir=\"auto\"><\/div>\n","protected":false},"excerpt":{"rendered":"<p>Abidjan, capitale \u00e9conomique de la C\u00f4te d\u2019Ivoire accueille les 25 et 26 avril 2026, le centre n\u00e9vralgique du cyclisme africain \u00e0 l\u2019occasion du congr\u00e8s de la Conf\u00e9d\u00e9ration Africaine de Cyclisme (CAC). Cet \u00e9v\u00e9nement majeur\u00a0 qui r\u00e9unira les acteurs cl\u00e9s de la discipline sur le continent, ainsi que des repr\u00e9sentants de l\u2019instance mondiale a connu la [&hellip;]<\/p>\n","protected":false},"author":2,"featured_media":4806,"comment_status":"closed","ping_status":"closed","sticky":false,"template":"","format":"standard","meta":{"footnotes":""},"categories":[2],"tags":[],"class_list":{"0":"post-4805","1":"post","2":"type-post","3":"status-publish","4":"format-standard","5":"has-post-thumbnail","7":"category-news"},"aioseo_notices":[],"_links":{"self":[{"href":"https:\/\/stade28.net\/index.php\/wp-json\/wp\/v2\/posts\/4805","targetHints":{"allow":["GET"]}}],"collection":[{"href":"https:\/\/stade28.net\/index.php\/wp-json\/wp\/v2\/posts"}],"about":[{"href":"https:\/\/stade28.net\/index.php\/wp-json\/wp\/v2\/types\/post"}],"author":[{"embeddable":true,"href":"https:\/\/stade28.net\/index.php\/wp-json\/wp\/v2\/users\/2"}],"replies":[{"embeddable":true,"href":"https:\/\/stade28.net\/index.php\/wp-json\/wp\/v2\/comments?post=4805"}],"version-history":[{"count":1,"href":"https:\/\/stade28.net\/index.php\/wp-json\/wp\/v2\/posts\/4805\/revisions"}],"predecessor-version":[{"id":4808,"href":"https:\/\/stade28.net\/index.php\/wp-json\/wp\/v2\/posts\/4805\/revisions\/4808"}],"wp:featuredmedia":[{"embeddable":true,"href":"https:\/\/stade28.net\/index.php\/wp-json\/wp\/v2\/media\/4806"}],"wp:attachment":[{"href":"https:\/\/stade28.net\/index.php\/wp-json\/wp\/v2\/media?parent=4805"}],"wp:term":[{"taxonomy":"category","embeddable":true,"href":"https:\/\/stade28.net\/index.php\/wp-json\/wp\/v2\/categories?post=4805"},{"taxonomy":"post_tag","embeddable":true,"href":"https:\/\/stade28.net\/index.php\/wp-json\/wp\/v2\/tags?post=4805"}],"curies":[{"name":"wp","href":"https:\/\/api.w.org\/{rel}","templated":true}]}}