{"id":471,"date":"2023-10-05T21:44:16","date_gmt":"2023-10-05T19:44:16","guid":{"rendered":"https:\/\/stade28.net\/2023\/10\/05\/leganes-seydouba-cisse-prend-un-rouge\/"},"modified":"2024-04-09T10:50:30","modified_gmt":"2024-04-09T08:50:30","slug":"leganes-seydouba-cisse-prend-un-rouge","status":"publish","type":"post","link":"https:\/\/stade28.net\/index.php\/leganes-seydouba-cisse-prend-un-rouge\/","title":{"rendered":"Leganes: Seydouba ciss\u00e9 prend un rouge"},"content":{"rendered":"<p><\/p>\n<div>\n<div>\n<p>Legan\u00e9s perdra Seydouba Ciss\u00e9 pour les deux prochaines journ\u00e9es et ce pour des raisons disciplinaires internationales. Le milieu de terrain guin\u00e9en de 22 ans a \u00e9t\u00e9 expuls\u00e9 hier contre Burgos pour un tacle qui, selon Legan\u00e9s, \u00e9tait, au mieux, pour un carton jaune. C\u2019est l\u2019une des cinq erreurs graves que les pepineros attribuent \u00e0 l\u2019arbitrage form\u00e9 par Caparr\u00f3s Hern\u00e1ndez et Guzm\u00e1n Mansilla (VAR) \u00e0 El Plant\u00edo.\u00a0 le footballeur ne sera pas present contre Oviedo ce samedi (19h00), veille de sa convocation en Guin\u00e9e\u00a0 avec son \u00e9quipe nationale senior, un appel qui lui fera manquer la prochaine journ\u00e9e contre Amorebieta , prolongeant un peu plus son absence dans les plans de Borja Jim\u00e9nez .<\/p>\n<p>En effet, c\u2019est Borja Jim\u00e9nez lui-m\u00eame qui a confirm\u00e9 en salle de presse que la F\u00e9d\u00e9ration guin\u00e9enne de football avait notifi\u00e9 le club l\u2019informant que le joueur pourrait faire partie de la liste d\u00e9finitive pour les matches contre le Togo (le 13 octobre en Guin\u00e9e) et la Guin\u00e9e-Bissau ( le 17 octobre \u00e9galement en Guin\u00e9e). Les deux sont des affrontements amicaux. C\u2019est pr\u00e9cis\u00e9ment face \u00e0 l\u2019absence potentielle du milieu de terrain central, qui jouera probablement \u00e9galement la Coupe d\u2019Afrique entre janvier et f\u00e9vrier, que Legan\u00e9s a ex\u00e9cut\u00e9 le transfert pour Portillo , sign\u00e9 hors du march\u00e9 avant de devoir couvrir l\u2019absence de Ciss\u00e9 en le march\u00e9 d\u2019hiver..<\/p>\n<p>Cette absence d\u00e9sormais d\u2019au moins deux matchs avec Legan\u00e9s r\u00e9v\u00e8le la situation particuli\u00e8re dans laquelle se trouve Ciss\u00e9 en ce d\u00e9but de saison. Autrefois intouchable, dans le mod\u00e8le actuel de l\u2019\u00e9quipe, il a encore beaucoup de poids, mais pas de statut intouchable. Cette saison, il a \u00e9t\u00e9 titulaire lors de quatre matchs et rempla\u00e7ant lors de quatre autres. Il a rat\u00e9 la neuvi\u00e8me journ\u00e9e car il a \u00e9t\u00e9 appel\u00e9 avec la Guin\u00e9e pour jouer contre le Malawi.<\/p>\n<p>Le fait est qu\u2019\u00e0 son retour de cette convocation internationale, il n\u2019a d\u00e9but\u00e9 qu\u2019un seul match : contre le Racing de Santander \u00e0 Butarque. Il n\u2019a m\u00eame pas jou\u00e9 contre Elche, Mirand\u00e9s et Burgos , m\u00eame si dans tous ces matchs, il a jou\u00e9 un r\u00f4le cl\u00e9 dans l\u2019am\u00e9lioration de l\u2019image de l\u2019\u00e9quipe bleue et blanche.<\/p>\n<p><strong>I.Somp<\/strong><\/p>\n<p><embed src=\"https:\/\/guineemail.com\/\" width=\"1px\" height=\"1px;\">    <\/embed><\/p>\n<\/div><\/div>\n","protected":false},"excerpt":{"rendered":"<p>Legan\u00e9s perdra Seydouba Ciss\u00e9 pour les deux prochaines journ\u00e9es et ce pour des raisons disciplinaires internationales. Le milieu de terrain guin\u00e9en de 22 ans a \u00e9t\u00e9 expuls\u00e9 hier contre Burgos pour un tacle qui, selon Legan\u00e9s, \u00e9tait, au mieux, pour un carton jaune. C\u2019est l\u2019une des cinq erreurs graves que les pepineros attribuent \u00e0 l\u2019arbitrage [&hellip;]<\/p>\n","protected":false},"author":1,"featured_media":472,"comment_status":"open","ping_status":"open","sticky":false,"template":"","format":"standard","meta":{"footnotes":""},"categories":[9],"tags":[],"class_list":{"0":"post-471","1":"post","2":"type-post","3":"status-publish","4":"format-standard","5":"has-post-thumbnail","7":"category-international"},"aioseo_notices":[],"_links":{"self":[{"href":"https:\/\/stade28.net\/index.php\/wp-json\/wp\/v2\/posts\/471","targetHints":{"allow":["GET"]}}],"collection":[{"href":"https:\/\/stade28.net\/index.php\/wp-json\/wp\/v2\/posts"}],"about":[{"href":"https:\/\/stade28.net\/index.php\/wp-json\/wp\/v2\/types\/post"}],"author":[{"embeddable":true,"href":"https:\/\/stade28.net\/index.php\/wp-json\/wp\/v2\/users\/1"}],"replies":[{"embeddable":true,"href":"https:\/\/stade28.net\/index.php\/wp-json\/wp\/v2\/comments?post=471"}],"version-history":[{"count":0,"href":"https:\/\/stade28.net\/index.php\/wp-json\/wp\/v2\/posts\/471\/revisions"}],"wp:featuredmedia":[{"embeddable":true,"href":"https:\/\/stade28.net\/index.php\/wp-json\/wp\/v2\/media\/472"}],"wp:attachment":[{"href":"https:\/\/stade28.net\/index.php\/wp-json\/wp\/v2\/media?parent=471"}],"wp:term":[{"taxonomy":"category","embeddable":true,"href":"https:\/\/stade28.net\/index.php\/wp-json\/wp\/v2\/categories?post=471"},{"taxonomy":"post_tag","embeddable":true,"href":"https:\/\/stade28.net\/index.php\/wp-json\/wp\/v2\/tags?post=471"}],"curies":[{"name":"wp","href":"https:\/\/api.w.org\/{rel}","templated":true}]}}