{"id":4703,"date":"2026-03-11T16:35:23","date_gmt":"2026-03-11T15:35:23","guid":{"rendered":"https:\/\/stade28.net\/?p=4703"},"modified":"2026-03-11T16:35:23","modified_gmt":"2026-03-11T15:35:23","slug":"crise-a-la-feguifoot-le-comite-executif-se-desolidarise-de-la-plainte-de-sory-doumbouya-et-attend-lenquete-de-la-commission-dethique","status":"publish","type":"post","link":"https:\/\/stade28.net\/index.php\/crise-a-la-feguifoot-le-comite-executif-se-desolidarise-de-la-plainte-de-sory-doumbouya-et-attend-lenquete-de-la-commission-dethique\/","title":{"rendered":"Crise \u00e0 la F\u00e9guifoot : Le comit\u00e9 ex\u00e9cutif se d\u00e9solidarise de la plainte de Sory Doumbouya et attend l\u2019enqu\u00eate de la commission d\u2019\u00e9thique !"},"content":{"rendered":"<p>Le climat reste toujours tendu au sein de la F\u00e9d\u00e9ration guin\u00e9enne de football! R\u00e9uni ce mardi 10 mars 2026, le comit\u00e9 ex\u00e9cutif de la F\u00e9d\u00e9ration guin\u00e9enne de football a examin\u00e9 les actualit\u00e9s br\u00fblantes qui secouent actuellement l\u2019instance.<\/p>\n<p>Neuf membres dont un par vid\u00e9o-conf\u00e9rence ont pris part \u00e0 cette rencontre. Les discussions ont principalement port\u00e9 sur la plainte d\u00e9pos\u00e9e par le pr\u00e9sident int\u00e9rimaire Sory Doumbouya contre le pr\u00e9sident de Kaloum FC, Mamadouba Blaise Camara \u00e0 la Direction de la Police Judiciaire (DPJ).<\/p>\n<p>Face \u00e0 cette initiative, les membres pr\u00e9sents du comex ont donn\u00e9 leur position. Ils se sont d\u00e9solidaris\u00e9s de cette d\u00e9marche, estimant qu\u2019elle constitue une nouvelle violation des statuts de la F\u00e9guifoot, notamment en r\u00e9f\u00e9rence \u00e0 l\u2019article 16 relatif aux obligations des membres, point f), ainsi qu\u2019\u00e0 l\u2019article 66 portant sur l\u2019arbitrage, alin\u00e9as 1, 2 et 3.<\/p>\n<p>Dans la foul\u00e9e, ils ont demand\u00e9 au secr\u00e9taire g\u00e9n\u00e9ral de l\u2019institution, Ibrahima Barry dit \u201cBlasco\u201d, de r\u00e9pondre officiellement aux diff\u00e9rents clubs ayant exprim\u00e9 leur indignation en pr\u00e9cisant dans le message que le comit\u00e9 ex\u00e9cutif d\u00e9sapprouve totalement la plainte d\u00e9pos\u00e9e par le pr\u00e9sident de la f\u00e9d\u00e9ration contre un dirigeant de club.<\/p>\n<p>Dans la m\u00eame lanc\u00e9e, les membres pr\u00e9sents \u00e0 l\u2019unanimit\u00e9 ont pris position sur l\u2019attitude \u00e0 adopter concernant les \u00e9ventuelles sanctions \u00e0 l\u2019encontre de Sory Doumbouya. Ils ont toutefois convenu d\u2019attendre l\u2019ouverture d\u2019une enqu\u00eate formelle par la commission d\u2019\u00e9thique avant toute d\u00e9cision officielle. Une attente qui alimente d\u00e9j\u00e0 les sp\u00e9culations dans le milieu du football guin\u00e9en. certains observateurs estiment que les jours du pr\u00e9sident de la F\u00e9guifoot \u00e0 la t\u00eate de l\u2019instance seraient compt\u00e9s.<\/p>\n<p>Selon des sources dignes de foi, la commission d\u2019\u00e9thique devrait initialement se r\u00e9unir le vendredi dernier, mais en vain. Selon des informations, cette commission d\u2019\u00e9thique devrait toutefois se r\u00e9unir dans le courant de cette semaine afin d\u2019ouvrir une enqu\u00eate sur l\u2019affaire de l\u2019audio qui fait grand bruit dans la cit\u00e9.<\/p>\n<p>Pour rappel, dans cet enregistrement, Sory Doumbouya a reconnu devant le comit\u00e9 ex\u00e9cutif avoir \u00e9chang\u00e9 au t\u00e9l\u00e9phone avec le joueur Mamady Kall\u00e9, ancien soci\u00e9taire de la RCCK et actuellement joueur du Milo FC. Le pr\u00e9sident de la F\u00e9guifoot a cependant tent\u00e9 de convaincre ses coll\u00e8gues que cet audio aurait \u00e9t\u00e9 utilis\u00e9 de mani\u00e8re d\u00e9tourn\u00e9e afin de lui causer un pr\u00e9judice.<\/p>\n<p>Alors que de nouvelles r\u00e9v\u00e9lations continuent d\u2019\u00e9merger, notamment avec les t\u00e9moignages cl\u00e9s d\u2019un ancien entra\u00eeneur de la Ligue 1 Guicopres, tous les regards sont d\u00e9sormais tourn\u00e9s vers la commission d\u2019\u00e9thique. Son enqu\u00eate pourrait bien marquer un tournant d\u00e9cisif dans l\u2019une des crises institutionnelles les plus sensibles que traverse actuellement le football guin\u00e9en.<\/p>\n<p><strong>Banguspremier<\/strong><\/p>\n","protected":false},"excerpt":{"rendered":"<p>Le climat reste toujours tendu au sein de la F\u00e9d\u00e9ration guin\u00e9enne de football! R\u00e9uni ce mardi 10 mars 2026, le comit\u00e9 ex\u00e9cutif de la F\u00e9d\u00e9ration guin\u00e9enne de football a examin\u00e9 les actualit\u00e9s br\u00fblantes qui secouent actuellement l\u2019instance. Neuf membres dont un par vid\u00e9o-conf\u00e9rence ont pris part \u00e0 cette rencontre. Les discussions ont principalement port\u00e9 sur [&hellip;]<\/p>\n","protected":false},"author":2,"featured_media":4704,"comment_status":"closed","ping_status":"closed","sticky":false,"template":"","format":"standard","meta":{"footnotes":""},"categories":[2],"tags":[],"class_list":{"0":"post-4703","1":"post","2":"type-post","3":"status-publish","4":"format-standard","5":"has-post-thumbnail","7":"category-news"},"aioseo_notices":[],"_links":{"self":[{"href":"https:\/\/stade28.net\/index.php\/wp-json\/wp\/v2\/posts\/4703","targetHints":{"allow":["GET"]}}],"collection":[{"href":"https:\/\/stade28.net\/index.php\/wp-json\/wp\/v2\/posts"}],"about":[{"href":"https:\/\/stade28.net\/index.php\/wp-json\/wp\/v2\/types\/post"}],"author":[{"embeddable":true,"href":"https:\/\/stade28.net\/index.php\/wp-json\/wp\/v2\/users\/2"}],"replies":[{"embeddable":true,"href":"https:\/\/stade28.net\/index.php\/wp-json\/wp\/v2\/comments?post=4703"}],"version-history":[{"count":0,"href":"https:\/\/stade28.net\/index.php\/wp-json\/wp\/v2\/posts\/4703\/revisions"}],"wp:featuredmedia":[{"embeddable":true,"href":"https:\/\/stade28.net\/index.php\/wp-json\/wp\/v2\/media\/4704"}],"wp:attachment":[{"href":"https:\/\/stade28.net\/index.php\/wp-json\/wp\/v2\/media?parent=4703"}],"wp:term":[{"taxonomy":"category","embeddable":true,"href":"https:\/\/stade28.net\/index.php\/wp-json\/wp\/v2\/categories?post=4703"},{"taxonomy":"post_tag","embeddable":true,"href":"https:\/\/stade28.net\/index.php\/wp-json\/wp\/v2\/tags?post=4703"}],"curies":[{"name":"wp","href":"https:\/\/api.w.org\/{rel}","templated":true}]}}