{"id":468,"date":"2023-10-06T20:20:55","date_gmt":"2023-10-06T18:20:55","guid":{"rendered":"https:\/\/stade28.net\/2023\/10\/06\/mandela-keita-fils-de-malbanga-convoque-avec-la-belgique\/"},"modified":"2024-04-09T10:46:26","modified_gmt":"2024-04-09T08:46:26","slug":"mandela-keita-fils-de-malbanga-convoque-avec-la-belgique","status":"publish","type":"post","link":"https:\/\/stade28.net\/index.php\/mandela-keita-fils-de-malbanga-convoque-avec-la-belgique\/","title":{"rendered":"Mandela keita fils de Malbanga convoqu\u00e9 avec la Belgique"},"content":{"rendered":"<p><\/p>\n<div>\n<div dir=\"auto\">\n<p>Le Louvaniste de 21 ansMandela keita fils du regret\u00e9 Malbanga est le nouveau visage de la s\u00e9lection des Diables effectu\u00e9e par Domenico Tedesco. Cet athl\u00e9tique milieu d\u00e9fensif a grill\u00e9 la priorit\u00e9 \u00e0 son co\u00e9quipier, Arthur Vermeeren.. Alors qu\u2019en septembre, Domenico Tedesco avait innov\u00e9 en s\u00e9lectionnant Hugo Siquet, il a, cette fois, coch\u00e9 le nom de Mandela Keita. Alors qu\u2019on s\u2019attendait potentiellement \u00e0 voir les noms d\u2019Hugo De Cuyper, de Zinho Vanheusden ou d\u2019Arthur Vermeeren, c\u2019est finalement le jeune m\u00e9dian anversois (21 ans) qui go\u00fbtera \u00e0 sa premi\u00e8re cape .<\/p>\n<\/div><\/div>\n","protected":false},"excerpt":{"rendered":"<p>Le Louvaniste de 21 ansMandela keita fils du regret\u00e9 Malbanga est le nouveau visage de la s\u00e9lection des Diables effectu\u00e9e par Domenico Tedesco. Cet athl\u00e9tique milieu d\u00e9fensif a grill\u00e9 la priorit\u00e9 \u00e0 son co\u00e9quipier, Arthur Vermeeren.. Alors qu\u2019en septembre, Domenico Tedesco avait innov\u00e9 en s\u00e9lectionnant Hugo Siquet, il a, cette fois, coch\u00e9 le nom de [&hellip;]<\/p>\n","protected":false},"author":1,"featured_media":469,"comment_status":"open","ping_status":"open","sticky":false,"template":"","format":"standard","meta":{"footnotes":""},"categories":[9],"tags":[],"class_list":{"0":"post-468","1":"post","2":"type-post","3":"status-publish","4":"format-standard","5":"has-post-thumbnail","7":"category-international"},"aioseo_notices":[],"_links":{"self":[{"href":"https:\/\/stade28.net\/index.php\/wp-json\/wp\/v2\/posts\/468","targetHints":{"allow":["GET"]}}],"collection":[{"href":"https:\/\/stade28.net\/index.php\/wp-json\/wp\/v2\/posts"}],"about":[{"href":"https:\/\/stade28.net\/index.php\/wp-json\/wp\/v2\/types\/post"}],"author":[{"embeddable":true,"href":"https:\/\/stade28.net\/index.php\/wp-json\/wp\/v2\/users\/1"}],"replies":[{"embeddable":true,"href":"https:\/\/stade28.net\/index.php\/wp-json\/wp\/v2\/comments?post=468"}],"version-history":[{"count":0,"href":"https:\/\/stade28.net\/index.php\/wp-json\/wp\/v2\/posts\/468\/revisions"}],"wp:featuredmedia":[{"embeddable":true,"href":"https:\/\/stade28.net\/index.php\/wp-json\/wp\/v2\/media\/469"}],"wp:attachment":[{"href":"https:\/\/stade28.net\/index.php\/wp-json\/wp\/v2\/media?parent=468"}],"wp:term":[{"taxonomy":"category","embeddable":true,"href":"https:\/\/stade28.net\/index.php\/wp-json\/wp\/v2\/categories?post=468"},{"taxonomy":"post_tag","embeddable":true,"href":"https:\/\/stade28.net\/index.php\/wp-json\/wp\/v2\/tags?post=468"}],"curies":[{"name":"wp","href":"https:\/\/api.w.org\/{rel}","templated":true}]}}