{"id":465,"date":"2023-10-06T21:49:47","date_gmt":"2023-10-06T19:49:47","guid":{"rendered":"https:\/\/stade28.net\/2023\/10\/06\/lgfp-la-date-de-la-nouvelle-saison-sportive-devoilee\/"},"modified":"2024-04-09T10:42:25","modified_gmt":"2024-04-09T08:42:25","slug":"lgfp-la-date-de-la-nouvelle-saison-sportive-devoilee","status":"publish","type":"post","link":"https:\/\/stade28.net\/index.php\/lgfp-la-date-de-la-nouvelle-saison-sportive-devoilee\/","title":{"rendered":"LGFP : La date de la nouvelle saison sportive d\u00e9voil\u00e9e !"},"content":{"rendered":"<p><\/p>\n<div>\n<div>\n<p>Enfin la date officielle de la nouvelle saison sportive connue! En effet, apr\u00e8s plusieurs semaines voire de mois d\u2019attentes, l\u2019instance organisatrice des championnats professionnels, d\u00e9nomm\u00e9e la Ligue guin\u00e9enne de football professionnel, LGFP, a annonc\u00e9 la date de d\u00e9marrage du championnat national de premi\u00e8re division, ce vendredi 6 octobre. Elle l\u2019a fait \u00e0 travers un communiqu\u00e9 dans lequel, elle choisit le 12 novembre prochain comme \u00e9tant jour de d\u00e9but des hostilit\u00e9s.<\/p>\n<p>\u00a0<\/p>\n<p>A rappeler que la saison \u00e9coul\u00e9e, c\u2019est le Hafia FC qui avait \u00e9t\u00e9 sacr\u00e9 champion national apr\u00e8s plusieurs d\u00e9cennies de disettes. Alors, chers clubs, \u00e0 vos marques pour la reprise de la nouvelle saison, mais aussi \u00e0 la succession du triple champion d\u2019Afrique !<\/p>\n<p><strong>Max Camara\u00a0<\/strong><\/p>\n<p><embed src=\"https:\/\/guineemail.com\/\" width=\"1px\" height=\"1px;\">    <\/embed><\/p>\n<\/div><\/div>\n","protected":false},"excerpt":{"rendered":"<p>Enfin la date officielle de la nouvelle saison sportive connue! En effet, apr\u00e8s plusieurs semaines voire de mois d\u2019attentes, l\u2019instance organisatrice des championnats professionnels, d\u00e9nomm\u00e9e la Ligue guin\u00e9enne de football professionnel, LGFP, a annonc\u00e9 la date de d\u00e9marrage du championnat national de premi\u00e8re division, ce vendredi 6 octobre. Elle l\u2019a fait \u00e0 travers un communiqu\u00e9 [&hellip;]<\/p>\n","protected":false},"author":1,"featured_media":466,"comment_status":"open","ping_status":"open","sticky":false,"template":"","format":"standard","meta":{"footnotes":""},"categories":[2],"tags":[],"class_list":{"0":"post-465","1":"post","2":"type-post","3":"status-publish","4":"format-standard","5":"has-post-thumbnail","7":"category-news"},"aioseo_notices":[],"_links":{"self":[{"href":"https:\/\/stade28.net\/index.php\/wp-json\/wp\/v2\/posts\/465","targetHints":{"allow":["GET"]}}],"collection":[{"href":"https:\/\/stade28.net\/index.php\/wp-json\/wp\/v2\/posts"}],"about":[{"href":"https:\/\/stade28.net\/index.php\/wp-json\/wp\/v2\/types\/post"}],"author":[{"embeddable":true,"href":"https:\/\/stade28.net\/index.php\/wp-json\/wp\/v2\/users\/1"}],"replies":[{"embeddable":true,"href":"https:\/\/stade28.net\/index.php\/wp-json\/wp\/v2\/comments?post=465"}],"version-history":[{"count":0,"href":"https:\/\/stade28.net\/index.php\/wp-json\/wp\/v2\/posts\/465\/revisions"}],"wp:featuredmedia":[{"embeddable":true,"href":"https:\/\/stade28.net\/index.php\/wp-json\/wp\/v2\/media\/466"}],"wp:attachment":[{"href":"https:\/\/stade28.net\/index.php\/wp-json\/wp\/v2\/media?parent=465"}],"wp:term":[{"taxonomy":"category","embeddable":true,"href":"https:\/\/stade28.net\/index.php\/wp-json\/wp\/v2\/categories?post=465"},{"taxonomy":"post_tag","embeddable":true,"href":"https:\/\/stade28.net\/index.php\/wp-json\/wp\/v2\/tags?post=465"}],"curies":[{"name":"wp","href":"https:\/\/api.w.org\/{rel}","templated":true}]}}