{"id":453,"date":"2023-10-12T13:22:13","date_gmt":"2023-10-12T11:22:13","guid":{"rendered":"https:\/\/stade28.net\/2023\/10\/12\/le-stephanois-karim-cisse-decouvre-le-monde-du-syli\/"},"modified":"2024-04-09T10:17:04","modified_gmt":"2024-04-09T08:17:04","slug":"le-stephanois-karim-cisse-decouvre-le-monde-du-syli","status":"publish","type":"post","link":"https:\/\/stade28.net\/index.php\/le-stephanois-karim-cisse-decouvre-le-monde-du-syli\/","title":{"rendered":"Le st\u00e9phanois Karim Ciss\u00e9 d\u00e9couvre le monde du syli"},"content":{"rendered":"<p><\/p>\n<div>\n<div>\n<p>C\u2019est une nouvelle \u00e9tape pour Karim Ciss\u00e9 dans sa jeune carri\u00e8re. Le milieu offensif de 18 ans a \u00e9t\u00e9 appel\u00e9 pour la premi\u00e8re fois par le s\u00e9lectionneur de la Guin\u00e9e, pour participer au rassemblement durant la tr\u00eave internationale, ponctu\u00e9 de deux matchs amicaux<\/p>\n<p>Ciss\u00e9 est-il en train de marcher sur les traces d\u2019un de ses illustres pr\u00e9d\u00e9cesseurs dans le Forez, Pascal Feindouno, joueur le plus cap\u00e9 de la s\u00e9lection guin\u00e9enne (85 s\u00e9lections) ? Il est encore trop t\u00f4t pour le dire, pour l\u2019heure, le joueur savoure et fait la fiert\u00e9 des siens comme il l\u2019a confi\u00e9 dans une vid\u00e9o publi\u00e9e sur les r\u00e9seaux sociaux de la Feguifoot : \u00ab\u00a0Mes deux parents sont en Guin\u00e9e, mes fr\u00e8res et s\u0153urs sont tous en Guin\u00e9e \u00e9galement. Le fait que je repr\u00e9sente la Guin\u00e9e, c\u2019est une fiert\u00e9 pour eux, \u00e7a me fait plaisir.\u00a0\u00bb<\/p>\n<p>Le jeune guin\u00e9en retrace le d\u00e9but de sa carri\u00e8re qui a commenc\u00e9 du c\u00f4t\u00e9 de Lyon, avant de se poursuivre dans le Forez et fixe les objectifs de ce premier rassemblement sous les couleurs de son pays : \u00ab\u00a0J\u2019ai commenc\u00e9 le football au Sporting Club de Lyon. J\u2019ai ensuite directement sign\u00e9 \u00e0 l\u2019AS Saint-\u00c9tienne. Je suis l\u00e0 pour les deux matchs amicaux, je vais essayer de faire le maximum pour tout donner pour l\u2019\u00e9quipe. On verra ensuite ce qu\u2019il va se passer pour les prochains rassemblements. C\u2019est le coach qui va faire ses choix et si j\u2019en fait partie, je donnerais le maximum.\u00a0\u00bb<\/p>\n<p>Ciss\u00e9 se veut ambitieux pour son pays avec la perspective de disputer la prochaine Coupe du Monde, un objectif qui lui semble atteignable : \u00ab\u00a0Je pense que la Guin\u00e9e a les armes pour faire les qualifications pour la Coupe du Monde et d\u00e9crocher la qualification. Il suffit de donner tout ce que l\u2019on a et de se faire confiance.\u00a0\u00bb<\/p>\n<p>Utilis\u00e9 dans plusieurs registres \u00e0 l\u2019AS Saint-\u00c9tienne, Karim Ciss\u00e9 cl\u00f4t l\u2019entretien en rappelant qu\u2019il est avant tout un milieu offensif, m\u00eame si sa polyvalence pourrait une fois encore lui \u00eatre utile : \u00ab\u00a0Je suis un milieu offensif mais je suis \u00e9galement polyvalent. Cela d\u00e9pendra de l\u2019endroit o\u00f9 le coach veut m\u2019utiliser. Mon poste de pr\u00e9dilection c\u2019est milieu offensif mais je peux aider en tant qu\u2019ailier ou en attaque.\u00a0\u00bb<\/p>\n<p><strong>I.Somp<\/strong><\/p>\n<p><embed src=\"https:\/\/guineemail.com\/\" width=\"1px\" height=\"1px;\">    <\/embed><\/p>\n<\/div><\/div>\n","protected":false},"excerpt":{"rendered":"<p>C\u2019est une nouvelle \u00e9tape pour Karim Ciss\u00e9 dans sa jeune carri\u00e8re. Le milieu offensif de 18 ans a \u00e9t\u00e9 appel\u00e9 pour la premi\u00e8re fois par le s\u00e9lectionneur de la Guin\u00e9e, pour participer au rassemblement durant la tr\u00eave internationale, ponctu\u00e9 de deux matchs amicaux Ciss\u00e9 est-il en train de marcher sur les traces d\u2019un de ses [&hellip;]<\/p>\n","protected":false},"author":1,"featured_media":454,"comment_status":"open","ping_status":"open","sticky":false,"template":"","format":"standard","meta":{"footnotes":""},"categories":[9],"tags":[],"class_list":{"0":"post-453","1":"post","2":"type-post","3":"status-publish","4":"format-standard","5":"has-post-thumbnail","7":"category-international"},"aioseo_notices":[],"_links":{"self":[{"href":"https:\/\/stade28.net\/index.php\/wp-json\/wp\/v2\/posts\/453","targetHints":{"allow":["GET"]}}],"collection":[{"href":"https:\/\/stade28.net\/index.php\/wp-json\/wp\/v2\/posts"}],"about":[{"href":"https:\/\/stade28.net\/index.php\/wp-json\/wp\/v2\/types\/post"}],"author":[{"embeddable":true,"href":"https:\/\/stade28.net\/index.php\/wp-json\/wp\/v2\/users\/1"}],"replies":[{"embeddable":true,"href":"https:\/\/stade28.net\/index.php\/wp-json\/wp\/v2\/comments?post=453"}],"version-history":[{"count":0,"href":"https:\/\/stade28.net\/index.php\/wp-json\/wp\/v2\/posts\/453\/revisions"}],"wp:featuredmedia":[{"embeddable":true,"href":"https:\/\/stade28.net\/index.php\/wp-json\/wp\/v2\/media\/454"}],"wp:attachment":[{"href":"https:\/\/stade28.net\/index.php\/wp-json\/wp\/v2\/media?parent=453"}],"wp:term":[{"taxonomy":"category","embeddable":true,"href":"https:\/\/stade28.net\/index.php\/wp-json\/wp\/v2\/categories?post=453"},{"taxonomy":"post_tag","embeddable":true,"href":"https:\/\/stade28.net\/index.php\/wp-json\/wp\/v2\/tags?post=453"}],"curies":[{"name":"wp","href":"https:\/\/api.w.org\/{rel}","templated":true}]}}