{"id":4455,"date":"2026-01-28T12:14:11","date_gmt":"2026-01-28T11:14:11","guid":{"rendered":"https:\/\/stade28.net\/?p=4455"},"modified":"2026-01-28T12:14:11","modified_gmt":"2026-01-28T11:14:11","slug":"gangan-fc-banfa-diaby-limoge-son-vice-president-et-linterdit-dexercer-toutes-fonctions-au-sein-du-club","status":"publish","type":"post","link":"https:\/\/stade28.net\/index.php\/gangan-fc-banfa-diaby-limoge-son-vice-president-et-linterdit-dexercer-toutes-fonctions-au-sein-du-club\/","title":{"rendered":"Gangan FC : Banfa Diaby limog\u00e9 son Vice-Pr\u00e9sident et l\u2019interdit d&rsquo;exercer, toutes fonctions au sein du club ."},"content":{"rendered":"<p>Le pr\u00e9sident du Gangan FC de Kindia , Elhadj Banfa Diaby a limog\u00e9 ce mercredi 27 janvier 2026 , M . ousmane Bangoura , Vice-Pr\u00e9sident de cette \u00e9quipe, annonce le communiqu\u00e9 du club.<\/p>\n<p>\u00ab Monsieur-Ousmane BANGOURA, Vice-Pr\u00e9sident de Gangan FC est limog\u00e9 de son post\u00e9 et est interdit d&rsquo;exercer, toutes fonctions de Gangan FC de Kindia. \u00bb, indique le communiqu\u00e9.<\/p>\n<p>Selon le m\u00eame communiqu\u00e9, cette d\u00e9cision a ete prise pour un Gangan FC plus performants et comp\u00e9titif dans le championnat national de football.<\/p>\n<p><strong>Ci-dessous la copie de la d\u00e9cision\u00a0<\/strong><\/p>\n<p><img loading=\"lazy\" decoding=\"async\" class=\"alignnone size-medium wp-image-4457\" src=\"https:\/\/stade28.net\/wp-content\/uploads\/2026\/01\/inbound2237106574785543618-213x300.jpg\" alt=\"\" width=\"213\" height=\"300\" srcset=\"https:\/\/stade28.net\/wp-content\/uploads\/2026\/01\/inbound2237106574785543618-213x300.jpg 213w, https:\/\/stade28.net\/wp-content\/uploads\/2026\/01\/inbound2237106574785543618-298x420.jpg 298w, https:\/\/stade28.net\/wp-content\/uploads\/2026\/01\/inbound2237106574785543618-150x211.jpg 150w, https:\/\/stade28.net\/wp-content\/uploads\/2026\/01\/inbound2237106574785543618-300x422.jpg 300w, https:\/\/stade28.net\/wp-content\/uploads\/2026\/01\/inbound2237106574785543618-610x859.jpg 610w, https:\/\/stade28.net\/wp-content\/uploads\/2026\/01\/inbound2237106574785543618.jpg 632w\" sizes=\"auto, (max-width: 213px) 100vw, 213px\" \/><\/p>\n","protected":false},"excerpt":{"rendered":"<p>Le pr\u00e9sident du Gangan FC de Kindia , Elhadj Banfa Diaby a limog\u00e9 ce mercredi 27 janvier 2026 , M . ousmane Bangoura , Vice-Pr\u00e9sident de cette \u00e9quipe, annonce le communiqu\u00e9 du club. \u00ab Monsieur-Ousmane BANGOURA, Vice-Pr\u00e9sident de Gangan FC est limog\u00e9 de son post\u00e9 et est interdit d&rsquo;exercer, toutes fonctions de Gangan FC de [&hellip;]<\/p>\n","protected":false},"author":2,"featured_media":4456,"comment_status":"closed","ping_status":"closed","sticky":false,"template":"","format":"standard","meta":{"footnotes":""},"categories":[2],"tags":[],"class_list":{"0":"post-4455","1":"post","2":"type-post","3":"status-publish","4":"format-standard","5":"has-post-thumbnail","7":"category-news"},"aioseo_notices":[],"_links":{"self":[{"href":"https:\/\/stade28.net\/index.php\/wp-json\/wp\/v2\/posts\/4455","targetHints":{"allow":["GET"]}}],"collection":[{"href":"https:\/\/stade28.net\/index.php\/wp-json\/wp\/v2\/posts"}],"about":[{"href":"https:\/\/stade28.net\/index.php\/wp-json\/wp\/v2\/types\/post"}],"author":[{"embeddable":true,"href":"https:\/\/stade28.net\/index.php\/wp-json\/wp\/v2\/users\/2"}],"replies":[{"embeddable":true,"href":"https:\/\/stade28.net\/index.php\/wp-json\/wp\/v2\/comments?post=4455"}],"version-history":[{"count":0,"href":"https:\/\/stade28.net\/index.php\/wp-json\/wp\/v2\/posts\/4455\/revisions"}],"wp:featuredmedia":[{"embeddable":true,"href":"https:\/\/stade28.net\/index.php\/wp-json\/wp\/v2\/media\/4456"}],"wp:attachment":[{"href":"https:\/\/stade28.net\/index.php\/wp-json\/wp\/v2\/media?parent=4455"}],"wp:term":[{"taxonomy":"category","embeddable":true,"href":"https:\/\/stade28.net\/index.php\/wp-json\/wp\/v2\/categories?post=4455"},{"taxonomy":"post_tag","embeddable":true,"href":"https:\/\/stade28.net\/index.php\/wp-json\/wp\/v2\/tags?post=4455"}],"curies":[{"name":"wp","href":"https:\/\/api.w.org\/{rel}","templated":true}]}}