{"id":428,"date":"2023-10-25T15:34:45","date_gmt":"2023-10-25T13:34:45","guid":{"rendered":"https:\/\/stade28.net\/2023\/10\/25\/mohamed-ali-je-ne-crains-pas-haaland\/"},"modified":"2024-04-09T09:02:24","modified_gmt":"2024-04-09T07:02:24","slug":"mohamed-ali-je-ne-crains-pas-haaland","status":"publish","type":"post","link":"https:\/\/stade28.net\/index.php\/mohamed-ali-je-ne-crains-pas-haaland\/","title":{"rendered":"Mohamed Ali: \u00ab Je ne crains pas Haaland \u00bb"},"content":{"rendered":"<p><\/p>\n<div>\n<div>\n<p>Ce mercredi, Mohamed Ali Camara sera directement oppos\u00e9 \u00e0 Erling Haaland, l\u2019ogre norv\u00e9gien de Manchester City qui n\u2019a pas encore trouv\u00e9 le chemin des filets en Ligue des champions cette saison. Une affiche XXL pour Mohamed Ali Camara. Ce mercredi 25 octobre (19heures), en Ligue des champions, le d\u00e9fenseur central des Young Boys va affronter Manchester City. Il sera directement oppos\u00e9 \u00e0 Erling Haaland, l\u2019ogre norv\u00e9gien qui n\u2019a pas encore trouv\u00e9 le chemin des filets dans la comp\u00e9tition cette saison. D\u00e9barqu\u00e9 en Suisse en 2018, apr\u00e8s une pige d\u2019un an en Isra\u00ebl, l\u2019international guin\u00e9en de 26 ans (20 s\u00e9lections) s\u2019est impos\u00e9 comme l\u2019un des relais importants de son \u00e9quipe. Au cours de cet entretien, il a declare ne pas craindre Haaland \u00ab Il n\u2019y a pas de secret pour le contrer \u00bb : le capitaine de Berne, Mohamed Ali Camara, ne craint pas Haaland<br \/>Le d\u00e9fenseur des Young Boys a jou\u00e9 une saison en Isra\u00ebl avant de rallier la Suisse, en 2018. Il se confie au Parisien-Aujourd\u2019hui en France avant le match de Ligue des champions contre Manchester City.<\/p>\n<p><strong>I.Somp<\/strong><\/p>\n<p><embed src=\"https:\/\/guineemail.com\/\" width=\"1px\" height=\"1px;\">    <\/embed><\/p>\n<\/div><\/div>\n","protected":false},"excerpt":{"rendered":"<p>Ce mercredi, Mohamed Ali Camara sera directement oppos\u00e9 \u00e0 Erling Haaland, l\u2019ogre norv\u00e9gien de Manchester City qui n\u2019a pas encore trouv\u00e9 le chemin des filets en Ligue des champions cette saison. Une affiche XXL pour Mohamed Ali Camara. Ce mercredi 25 octobre (19heures), en Ligue des champions, le d\u00e9fenseur central des Young Boys va affronter [&hellip;]<\/p>\n","protected":false},"author":1,"featured_media":429,"comment_status":"open","ping_status":"open","sticky":false,"template":"","format":"standard","meta":{"footnotes":""},"categories":[9],"tags":[],"class_list":{"0":"post-428","1":"post","2":"type-post","3":"status-publish","4":"format-standard","5":"has-post-thumbnail","7":"category-international"},"aioseo_notices":[],"_links":{"self":[{"href":"https:\/\/stade28.net\/index.php\/wp-json\/wp\/v2\/posts\/428","targetHints":{"allow":["GET"]}}],"collection":[{"href":"https:\/\/stade28.net\/index.php\/wp-json\/wp\/v2\/posts"}],"about":[{"href":"https:\/\/stade28.net\/index.php\/wp-json\/wp\/v2\/types\/post"}],"author":[{"embeddable":true,"href":"https:\/\/stade28.net\/index.php\/wp-json\/wp\/v2\/users\/1"}],"replies":[{"embeddable":true,"href":"https:\/\/stade28.net\/index.php\/wp-json\/wp\/v2\/comments?post=428"}],"version-history":[{"count":0,"href":"https:\/\/stade28.net\/index.php\/wp-json\/wp\/v2\/posts\/428\/revisions"}],"wp:featuredmedia":[{"embeddable":true,"href":"https:\/\/stade28.net\/index.php\/wp-json\/wp\/v2\/media\/429"}],"wp:attachment":[{"href":"https:\/\/stade28.net\/index.php\/wp-json\/wp\/v2\/media?parent=428"}],"wp:term":[{"taxonomy":"category","embeddable":true,"href":"https:\/\/stade28.net\/index.php\/wp-json\/wp\/v2\/categories?post=428"},{"taxonomy":"post_tag","embeddable":true,"href":"https:\/\/stade28.net\/index.php\/wp-json\/wp\/v2\/tags?post=428"}],"curies":[{"name":"wp","href":"https:\/\/api.w.org\/{rel}","templated":true}]}}