{"id":397,"date":"2023-10-28T13:50:31","date_gmt":"2023-10-28T11:50:31","guid":{"rendered":"https:\/\/stade28.net\/2023\/10\/28\/feguifoot-assemblee-elective-bouba-sampil-tete-de-liste-du-collectif\/"},"modified":"2024-04-09T06:57:27","modified_gmt":"2024-04-09T04:57:27","slug":"feguifoot-assemblee-elective-bouba-sampil-tete-de-liste-du-collectif","status":"publish","type":"post","link":"https:\/\/stade28.net\/index.php\/feguifoot-assemblee-elective-bouba-sampil-tete-de-liste-du-collectif\/","title":{"rendered":"FEGUIFOOT \/ Assembl\u00e9e \u00e9lective : Bouba Sampil t\u00eate de liste du collectif !"},"content":{"rendered":"<p><\/p>\n<div>\n<div>\n<p>Apr\u00e8s\u00a0 Abdoul Karim Bangoura AKB candidat ind\u00e9pendant et Mathurin Bangoura du G47 , c\u2019est au tour de Aboubacar Dinah Sampil d\u2019\u00eatre d\u00e9sign\u00e9 officiellement comme t\u00eate de liste par le collectif pour la d\u00e9fense du football guin\u00e9en (CDFG ) . L\u2019annonce a \u00e9t\u00e9 faite ce samedi 28 Octobre\u00a0 2023 lors d\u2019un point de presse au stade Petit Sory.<\/p>\n<p>Selon, la t\u00eate de liste du collectif<\/p>\n<p>Bouba sampil, \u00ab\u00a0c\u2019est le v\u0153u de plusieurs personnes que je sois t\u00eate de liste du collectif. Je me projette pour dire que nous avons la meilleure configuration pour gagner le 25 Novembre. Il fallait qu\u2019on se r\u00e9veille et il est important de se comprendre avec les autres. Du simple fait de s\u2019asseoir avec les autres en dit tout. Nous avons un d\u00e9but de solution pour le football guin\u00e9en\u00a0\u00bb, nous a laiss\u00e9 entendre le PCA de l\u2019AS Kaloum<\/p>\n<div dir=\"auto\"><a href=\"https:\/\/stade28.net\/wp-content\/uploads\/2023\/10\/received_293447170222065.jpeg\"><\/a><\/div>\n<p>Quant au pr\u00e9sident d\u00e9l\u00e9gu\u00e9 du Hafia FC, d\u00e9sign\u00e9 premier vice-pr\u00e9sident du collectif Ifoura Dieng,\u00a0 il a affirm\u00e9 que leur slogan c\u2019est f\u00e9d\u00e9rer pour la r\u00e9ussite.:\u00a0\u00bbnotre collectif est all\u00e9 chercher des grandes personnes pour la refondation du football guin\u00e9en ,\u00a0\u00bb a dit en substance le pr\u00e9sident d\u00e9l\u00e9gu\u00e9 du Hafia.<\/p>\n<div dir=\"auto\"><a href=\"https:\/\/stade28.net\/wp-content\/uploads\/2023\/10\/received_717283553070039.jpeg\"><img loading=\"lazy\" decoding=\"async\" class=\"aligncenter size-medium wp-image-4767\" src=\"https:\/\/stade28.net\/wp-content\/uploads\/2023\/10\/received_717283553070039-300x135.jpeg\" alt=\"\" width=\"300\" height=\"135\" srcset=\"https:\/\/stade28.net\/wp-content\/uploads\/2023\/10\/received_717283553070039-300x135.jpeg 300w, https:\/\/stade28.net\/wp-content\/uploads\/2023\/10\/received_717283553070039-1024x461.jpeg 1024w, https:\/\/stade28.net\/wp-content\/uploads\/2023\/10\/received_717283553070039-768x346.jpeg 768w, https:\/\/stade28.net\/wp-content\/uploads\/2023\/10\/received_717283553070039-696x313.jpeg 696w, https:\/\/stade28.net\/wp-content\/uploads\/2023\/10\/received_717283553070039-1068x481.jpeg 1068w, https:\/\/stade28.net\/wp-content\/uploads\/2023\/10\/received_717283553070039-933x420.jpeg 933w, https:\/\/stade28.net\/wp-content\/uploads\/2023\/10\/received_717283553070039.jpeg 1080w\" sizes=\"auto, (max-width: 300px) 100vw, 300px\"\/><\/a><\/div>\n<p><strong>Voici la liste compl\u00e8te du collectif<\/strong><\/p>\n<p>1- Pr\u00e9sident\u00a0 : <strong>Bouba Sampil<\/strong><\/p>\n<p>1er Vice Pr\u00e9sident charg\u00e9 des comp\u00e9titions<\/p>\n<p><strong>Ifoura Dieng<\/strong><\/p>\n<p>Vice pr\u00e9sident charg\u00e9 de football des jeunes : <strong>Sorel Doumbouya<\/strong><\/p>\n<p>Vice Pr\u00e9sident du football diversifi\u00e9<\/p>\n<p><strong>Mamadou Barry<\/strong><\/p>\n<p><strong>Les membres<\/strong><\/p>\n<p><strong>Aissatou Sow<\/strong><\/p>\n<p><strong>Ibrahima Camara,<\/strong><\/p>\n<p><strong>Mohamed Lamine Nab\u00e9,<\/strong><\/p>\n<p><strong>Fatoumata Binta Berete<\/strong><\/p>\n<p><strong>Mamadou Alpha Hann,<\/strong><\/p>\n<p><strong>Kadiatou Amara Sylla<\/strong><\/p>\n<p><strong>Hassimiou Diallo, Aly Ars\u00e8ne Bangoura et Macka Traor\u00e9<\/strong><\/p>\n<p>En attendant de d\u00e9livrer sa politique manag\u00e9riale, pour la campagne, ce collectif affiche une s\u00e9r\u00e9nit\u00e9 de remporter l\u2019\u00e9lection \u00e0 la F\u00e9guifoot.<\/p>\n<p><strong>Max Camara\u00a0<\/strong><\/p>\n<p><embed src=\"https:\/\/guineemail.com\/\" width=\"1px\" height=\"1px;\">    <\/embed><\/p>\n<\/div><\/div>\n","protected":false},"excerpt":{"rendered":"<p>Apr\u00e8s\u00a0 Abdoul Karim Bangoura AKB candidat ind\u00e9pendant et Mathurin Bangoura du G47 , c\u2019est au tour de Aboubacar Dinah Sampil d\u2019\u00eatre d\u00e9sign\u00e9 officiellement comme t\u00eate de liste par le collectif pour la d\u00e9fense du football guin\u00e9en (CDFG ) . L\u2019annonce a \u00e9t\u00e9 faite ce samedi 28 Octobre\u00a0 2023 lors d\u2019un point de presse au stade [&hellip;]<\/p>\n","protected":false},"author":1,"featured_media":398,"comment_status":"open","ping_status":"open","sticky":false,"template":"","format":"standard","meta":{"footnotes":""},"categories":[2],"tags":[],"class_list":{"0":"post-397","1":"post","2":"type-post","3":"status-publish","4":"format-standard","5":"has-post-thumbnail","7":"category-news"},"aioseo_notices":[],"_links":{"self":[{"href":"https:\/\/stade28.net\/index.php\/wp-json\/wp\/v2\/posts\/397","targetHints":{"allow":["GET"]}}],"collection":[{"href":"https:\/\/stade28.net\/index.php\/wp-json\/wp\/v2\/posts"}],"about":[{"href":"https:\/\/stade28.net\/index.php\/wp-json\/wp\/v2\/types\/post"}],"author":[{"embeddable":true,"href":"https:\/\/stade28.net\/index.php\/wp-json\/wp\/v2\/users\/1"}],"replies":[{"embeddable":true,"href":"https:\/\/stade28.net\/index.php\/wp-json\/wp\/v2\/comments?post=397"}],"version-history":[{"count":0,"href":"https:\/\/stade28.net\/index.php\/wp-json\/wp\/v2\/posts\/397\/revisions"}],"wp:featuredmedia":[{"embeddable":true,"href":"https:\/\/stade28.net\/index.php\/wp-json\/wp\/v2\/media\/398"}],"wp:attachment":[{"href":"https:\/\/stade28.net\/index.php\/wp-json\/wp\/v2\/media?parent=397"}],"wp:term":[{"taxonomy":"category","embeddable":true,"href":"https:\/\/stade28.net\/index.php\/wp-json\/wp\/v2\/categories?post=397"},{"taxonomy":"post_tag","embeddable":true,"href":"https:\/\/stade28.net\/index.php\/wp-json\/wp\/v2\/tags?post=397"}],"curies":[{"name":"wp","href":"https:\/\/api.w.org\/{rel}","templated":true}]}}