{"id":391,"date":"2023-10-29T00:17:36","date_gmt":"2023-10-28T22:17:36","guid":{"rendered":"https:\/\/stade28.net\/2023\/10\/29\/course-a-la-feguifoot-akb-et-cie-devoilent-le-contenu-de-leur-programme\/"},"modified":"2024-04-09T06:49:55","modified_gmt":"2024-04-09T04:49:55","slug":"course-a-la-feguifoot-akb-et-cie-devoilent-le-contenu-de-leur-programme","status":"publish","type":"post","link":"https:\/\/stade28.net\/index.php\/course-a-la-feguifoot-akb-et-cie-devoilent-le-contenu-de-leur-programme\/","title":{"rendered":"Course \u00e0 la F\u00e9guifoot: AKB et Cie d\u00e9voilent le contenu de leur programme !"},"content":{"rendered":"<p><\/p>\n<div>\n<p>72 heures apr\u00e8s le d\u00e9p\u00f4t de sa candidature \u00e0 la f\u00e9d\u00e9ration guin\u00e9enne de football, le candidat des footballeurs Abdoul Karim Bangoura \u00ab\u00a0AKB\u00a0\u00bb, a conf\u00e9r\u00e9 avec\u00a0 la presse, ce samedi \u00e0 son domicile, \u00e0 Kobaya. Objectif? Eclairer la lanterne des uns et des autres sur sa candidature. Pour l\u2019occasion, l\u2019ex-footballeur du Syli a tenu un discours mobilisateur tout en invitant les membres statutaires \u00e0 adh\u00e9rer \u00e0 son projet: \u00a0\u00bb ce moment est crucial pour notre football car il s\u2019agit de d\u00e9lib\u00e9rer entre les projets concurrents qui vous seront propos\u00e9s sur l\u2019avenir de notre football. En gros, il s\u2019agit de porter notre projet, l\u2019expliquer et\u00a0 partager la vision que nous ambitionnons pour le d\u00e9veloppement de notre football. Je propose en effet \u00e0 travers le projet que je porte les moyens innovants et une ambition de r\u00e9novation de notre football.<\/p>\n<p>Je suis t\u00eate de liste d\u2019une \u00e9quipe de candidats d\u00e9cid\u00e9s \u00e0 redonner au football guin\u00e9en, la grandeur, la place et le prestige qu\u2019il m\u00e9rite sur l\u2019\u00e9chiquier Continental et national.<\/p>\n<p>Nous nous engageons, mon \u00e9quipe et moi, \u00e0 mettre toutes nos exp\u00e9riences et notre \u00e9nergie au service exclusif de la Renaissance du football guin\u00e9en.<\/p>\n<p>Le d\u00e9fi:<\/p>\n<p>\u00a0-Ameliorer notre gouvernance,<\/p>\n<p>\u2013 renforcer les capacit\u00e9s des acteurs de notre corporation,<\/p>\n<p>\u2013 d\u00e9velopper le football \u00e0 la base et le football f\u00e9minin,<\/p>\n<p>\u2013 promouvoir et soutenir le d\u00e9veloppement des infrastructures sportives de qualit\u00e9s dans notre pays<\/p>\n<p>\u2013 franchir le cap de la professionnalisation afin que nos jeunes footballeurs puissent vivre de leur art \u00ab\u00a0, a t-il expliqu\u00e9.<\/p>\n<p>\u00c0 la question de savoir s\u2019il avait\u00a0 \u00e9t\u00e9 consult\u00e9 par d\u2019autres candidats pour un consensus, il a r\u00e9pondu:\u00a0\u00a0\u00bb En football, il n\u2019y a pas de consensus, nous ne sommes pas en politique , le football, c\u2019est le droit au but, le consensus ne d\u00e9veloppe pas le football. Je suis all\u00e9 voir Mathurin, Antonio Souar\u00e9, je suis fier et honor\u00e9 pour \u00e7a. J\u2019ai propos\u00e9 \u00e0 Mathurin d\u2019\u00eatre mon premier vice-pr\u00e9sident\u00a0\u00bb<\/p>\n<p><strong>Voici la liste des membres de ce groupe qui a pour t\u00eate de liste Abdoul Karim Bangoura:<\/strong><\/p>\n<p><strong>Pr\u00e9sident: Abdoul Karim Bangoura\u00a0<\/strong><\/p>\n<p><strong>1er Vice pr\u00e9sident : Boubacar Sow<\/strong><\/p>\n<p><strong>2\u00e8me vice-pr\u00e9sident : Gnoumass\u00e9 Daff\u00e9,\u00a0<\/strong><\/p>\n<p><strong>3 \u00e8me vice-pr\u00e9sident\u00a0 : Malick Tidiane Tour\u00e9 ,<\/strong><\/p>\n<p>\u00a0 \u00a0 \u00a0 \u00a0 \u00a0 \u00a0 \u00a0 \u00a0 \u00a0<strong>Membres<\/strong> :<\/p>\n<p><strong>4-Souleymane Oular\u00e9 <\/strong><\/p>\n<p><strong>5-Ansoumane Baffoe Camara<\/strong><\/p>\n<p><strong>6-Tiany Tour\u00e9<\/strong><\/p>\n<p><strong>7-Souleymane Elma Tamboura<\/strong><\/p>\n<p><strong>8-S\u00e9kou Oumar Pendessa, <\/strong><\/p>\n<p><strong>9-Morlaye Soumah\u00a0 <\/strong><\/p>\n<p><strong>10-Souleymane Soumanko\u00ef kaba<\/strong><\/p>\n<p><strong>11-Mariame camara<\/strong><\/p>\n<p><strong>12-Hawa Bintinia Soumah<\/strong><\/p>\n<p><strong>Mohamed max Camara\u00a0<\/strong><\/p>\n<p><embed src=\"https:\/\/guineemail.com\/\" width=\"1px\" height=\"1px;\">    <\/embed><\/p>\n<\/div>\n","protected":false},"excerpt":{"rendered":"<p>72 heures apr\u00e8s le d\u00e9p\u00f4t de sa candidature \u00e0 la f\u00e9d\u00e9ration guin\u00e9enne de football, le candidat des footballeurs Abdoul Karim Bangoura \u00ab\u00a0AKB\u00a0\u00bb, a conf\u00e9r\u00e9 avec\u00a0 la presse, ce samedi \u00e0 son domicile, \u00e0 Kobaya. Objectif? Eclairer la lanterne des uns et des autres sur sa candidature. Pour l\u2019occasion, l\u2019ex-footballeur du Syli a tenu un discours [&hellip;]<\/p>\n","protected":false},"author":1,"featured_media":392,"comment_status":"open","ping_status":"open","sticky":false,"template":"","format":"standard","meta":{"footnotes":""},"categories":[2],"tags":[],"class_list":{"0":"post-391","1":"post","2":"type-post","3":"status-publish","4":"format-standard","5":"has-post-thumbnail","7":"category-news"},"aioseo_notices":[],"_links":{"self":[{"href":"https:\/\/stade28.net\/index.php\/wp-json\/wp\/v2\/posts\/391","targetHints":{"allow":["GET"]}}],"collection":[{"href":"https:\/\/stade28.net\/index.php\/wp-json\/wp\/v2\/posts"}],"about":[{"href":"https:\/\/stade28.net\/index.php\/wp-json\/wp\/v2\/types\/post"}],"author":[{"embeddable":true,"href":"https:\/\/stade28.net\/index.php\/wp-json\/wp\/v2\/users\/1"}],"replies":[{"embeddable":true,"href":"https:\/\/stade28.net\/index.php\/wp-json\/wp\/v2\/comments?post=391"}],"version-history":[{"count":0,"href":"https:\/\/stade28.net\/index.php\/wp-json\/wp\/v2\/posts\/391\/revisions"}],"wp:featuredmedia":[{"embeddable":true,"href":"https:\/\/stade28.net\/index.php\/wp-json\/wp\/v2\/media\/392"}],"wp:attachment":[{"href":"https:\/\/stade28.net\/index.php\/wp-json\/wp\/v2\/media?parent=391"}],"wp:term":[{"taxonomy":"category","embeddable":true,"href":"https:\/\/stade28.net\/index.php\/wp-json\/wp\/v2\/categories?post=391"},{"taxonomy":"post_tag","embeddable":true,"href":"https:\/\/stade28.net\/index.php\/wp-json\/wp\/v2\/tags?post=391"}],"curies":[{"name":"wp","href":"https:\/\/api.w.org\/{rel}","templated":true}]}}