{"id":3614,"date":"2025-07-30T15:14:47","date_gmt":"2025-07-30T13:14:47","guid":{"rendered":"https:\/\/stade28.net\/?p=3614"},"modified":"2025-07-30T15:41:34","modified_gmt":"2025-07-30T13:41:34","slug":"mini-football-la-guinee-designee-pays-hote-de-la-coupe-dafrique-des-nations-2027","status":"publish","type":"post","link":"https:\/\/stade28.net\/index.php\/mini-football-la-guinee-designee-pays-hote-de-la-coupe-dafrique-des-nations-2027\/","title":{"rendered":"Mini-Football : la Guin\u00e9e d\u00e9sign\u00e9e pays h\u00f4te de la Coupe d\u2019Afrique des Nations 2027"},"content":{"rendered":"<div dir=\"auto\">Apr\u00e8s sa brillante participation \u00e0 la 4\u1d49 \u00e9dition de la Coupe d\u2019Afrique des Nations de mini-football, o\u00f9 son aventure s&rsquo;est limit\u00e9e\u00a0 en demi finale , la Guin\u00e9e a officiellement pos\u00e9 sa candidature pour accueillir l\u2019\u00e9dition 2027. Une ambition qui s&rsquo;est concr\u00e9tis\u00e9e ce mercredi 30 juillet 2025.<\/div>\n<div dir=\"auto\"><\/div>\n<div dir=\"auto\">En visite actuellement en Guin\u00e9e avec une forte d\u00e9l\u00e9gation, le pr\u00e9sident de la Conf\u00e9d\u00e9ration Africaine de Mini-Football, M. Achraf Ben Salha, a annonc\u00e9 la d\u00e9signation de la Guin\u00e9e comme pays h\u00f4te de la CAN 2027 de la discipline. Il \u00e9tait accompagn\u00e9 de la vice-pr\u00e9sidente de la Conf\u00e9d\u00e9ration, Mme Yeo Djelika,\u00a0 du secr\u00e9taire g\u00e9n\u00e9ral, M. Sami Bouzid ainsi que du pr\u00e9sident de la f\u00e9d\u00e9ration guin\u00e9enne de mini football,\u00a0 Goudoussy Diallo .<\/div>\n<div dir=\"auto\"><\/div>\n<div dir=\"auto\"><\/div>\n<div dir=\"auto\">Cette d\u00e9cision est motiv\u00e9e par les performances encourageantes du Syli national A de mini-football, mais aussi par la qualit\u00e9 des installations sportives visit\u00e9es par la d\u00e9l\u00e9gation continentale sous la houlette du ministre des sports Keamou Bogola Haba .<\/div>\n<div dir=\"auto\"><\/div>\n<div dir=\"auto\"><\/div>\n<div dir=\"auto\">Tr\u00e8s \u00e9mu, M. Achraf Ben Salha a salu\u00e9 la volont\u00e9 manifeste de la Guin\u00e9e de s\u2019impliquer davantage dans le d\u00e9veloppement de cette discipline :<\/div>\n<div dir=\"auto\"><img loading=\"lazy\" decoding=\"async\" class=\"alignnone size-medium wp-image-3616\" src=\"https:\/\/stade28.net\/wp-content\/uploads\/2025\/07\/Messenger_creation_907FF282-86F6-498D-B149-8D4EE1F9EC0D-300x171.jpg\" alt=\"\" width=\"300\" height=\"171\" srcset=\"https:\/\/stade28.net\/wp-content\/uploads\/2025\/07\/Messenger_creation_907FF282-86F6-498D-B149-8D4EE1F9EC0D-300x171.jpg 300w, https:\/\/stade28.net\/wp-content\/uploads\/2025\/07\/Messenger_creation_907FF282-86F6-498D-B149-8D4EE1F9EC0D-1024x583.jpg 1024w, https:\/\/stade28.net\/wp-content\/uploads\/2025\/07\/Messenger_creation_907FF282-86F6-498D-B149-8D4EE1F9EC0D-768x437.jpg 768w, https:\/\/stade28.net\/wp-content\/uploads\/2025\/07\/Messenger_creation_907FF282-86F6-498D-B149-8D4EE1F9EC0D-150x85.jpg 150w, https:\/\/stade28.net\/wp-content\/uploads\/2025\/07\/Messenger_creation_907FF282-86F6-498D-B149-8D4EE1F9EC0D-696x396.jpg 696w, https:\/\/stade28.net\/wp-content\/uploads\/2025\/07\/Messenger_creation_907FF282-86F6-498D-B149-8D4EE1F9EC0D-1068x608.jpg 1068w, https:\/\/stade28.net\/wp-content\/uploads\/2025\/07\/Messenger_creation_907FF282-86F6-498D-B149-8D4EE1F9EC0D-738x420.jpg 738w, https:\/\/stade28.net\/wp-content\/uploads\/2025\/07\/Messenger_creation_907FF282-86F6-498D-B149-8D4EE1F9EC0D-610x347.jpg 610w, https:\/\/stade28.net\/wp-content\/uploads\/2025\/07\/Messenger_creation_907FF282-86F6-498D-B149-8D4EE1F9EC0D.jpg 1265w\" sizes=\"auto, (max-width: 300px) 100vw, 300px\" \/><\/div>\n<div dir=\"auto\">\u00ab Nous sommes tr\u00e8s satisfaits. Je peux dire que la Guin\u00e9e va organiser la Coupe d\u2019Afrique 2027. Il ne reste que quelques formalit\u00e9s avec le comit\u00e9 ex\u00e9cutif de la Conf\u00e9d\u00e9ration, mais c\u2019est pratiquement act\u00e9. \u00bb<\/div>\n<div dir=\"auto\"><\/div>\n<div dir=\"auto\"><\/div>\n<div dir=\"auto\">Une nouvelle dynamique s\u2019ouvre ainsi pour le mini-football guin\u00e9en, qui s\u2019appr\u00eate \u00e0 accueillir pour la premi\u00e8re fois une comp\u00e9tition continentale majeure de cette envergure.<\/div>\n<div dir=\"auto\"><\/div>\n<div dir=\"auto\"><strong>Marif Youla\u00a0<\/strong><\/div>\n<div dir=\"auto\"><\/div>\n","protected":false},"excerpt":{"rendered":"<p>Apr\u00e8s sa brillante participation \u00e0 la 4\u1d49 \u00e9dition de la Coupe d\u2019Afrique des Nations de mini-football, o\u00f9 son aventure s&rsquo;est limit\u00e9e\u00a0 en demi finale , la Guin\u00e9e a officiellement pos\u00e9 sa candidature pour accueillir l\u2019\u00e9dition 2027. Une ambition qui s&rsquo;est concr\u00e9tis\u00e9e ce mercredi 30 juillet 2025. En visite actuellement en Guin\u00e9e avec une forte d\u00e9l\u00e9gation, [&hellip;]<\/p>\n","protected":false},"author":2,"featured_media":3615,"comment_status":"closed","ping_status":"closed","sticky":false,"template":"","format":"standard","meta":{"footnotes":""},"categories":[2],"tags":[],"class_list":{"0":"post-3614","1":"post","2":"type-post","3":"status-publish","4":"format-standard","5":"has-post-thumbnail","7":"category-news"},"aioseo_notices":[],"_links":{"self":[{"href":"https:\/\/stade28.net\/index.php\/wp-json\/wp\/v2\/posts\/3614","targetHints":{"allow":["GET"]}}],"collection":[{"href":"https:\/\/stade28.net\/index.php\/wp-json\/wp\/v2\/posts"}],"about":[{"href":"https:\/\/stade28.net\/index.php\/wp-json\/wp\/v2\/types\/post"}],"author":[{"embeddable":true,"href":"https:\/\/stade28.net\/index.php\/wp-json\/wp\/v2\/users\/2"}],"replies":[{"embeddable":true,"href":"https:\/\/stade28.net\/index.php\/wp-json\/wp\/v2\/comments?post=3614"}],"version-history":[{"count":0,"href":"https:\/\/stade28.net\/index.php\/wp-json\/wp\/v2\/posts\/3614\/revisions"}],"wp:featuredmedia":[{"embeddable":true,"href":"https:\/\/stade28.net\/index.php\/wp-json\/wp\/v2\/media\/3615"}],"wp:attachment":[{"href":"https:\/\/stade28.net\/index.php\/wp-json\/wp\/v2\/media?parent=3614"}],"wp:term":[{"taxonomy":"category","embeddable":true,"href":"https:\/\/stade28.net\/index.php\/wp-json\/wp\/v2\/categories?post=3614"},{"taxonomy":"post_tag","embeddable":true,"href":"https:\/\/stade28.net\/index.php\/wp-json\/wp\/v2\/tags?post=3614"}],"curies":[{"name":"wp","href":"https:\/\/api.w.org\/{rel}","templated":true}]}}