{"id":3609,"date":"2025-07-30T01:13:21","date_gmt":"2025-07-29T23:13:21","guid":{"rendered":"https:\/\/stade28.net\/?p=3609"},"modified":"2025-07-30T01:26:29","modified_gmt":"2025-07-29T23:26:29","slug":"guinee-keamou-bogola-haba-confirme-ministre-des-sports-par-decret-presidentiel","status":"publish","type":"post","link":"https:\/\/stade28.net\/index.php\/guinee-keamou-bogola-haba-confirme-ministre-des-sports-par-decret-presidentiel\/","title":{"rendered":"Guin\u00e9e : K\u00e9amou Bogola Haba confirm\u00e9 ministre des Sports par d\u00e9cret pr\u00e9sidentiel"},"content":{"rendered":"<div dir=\"auto\">\u00c0 travers une s\u00e9rie de d\u00e9crets lus au journal de 20h 30\u00a0 ce\u00a0 mardi 29 juillet 2025 sur la t\u00e9l\u00e9vision nationale, le pr\u00e9sident de la transition, le G\u00e9n\u00e9ral Mamadi Doumbouya, a renouvel\u00e9 sa confiance \u00e0 K\u00e9amou Bogola Haba, le confirmant au poste de ministre des Sports, d\u00e9sormais dissoci\u00e9 de celui de la Jeunesse.<\/div>\n<div dir=\"auto\"><\/div>\n<div dir=\"auto\"><\/div>\n<div dir=\"auto\">En poste depuis mars 2024 \u00e0 la t\u00eate du minist\u00e8re de la Jeunesse et des Sports \u00e0 l\u2019\u00e9poque un d\u00e9partement fusionn\u00e9, M. Haba devient ainsi le tout premier ministre exclusivement en charge des Sports sous l\u2019\u00e8re du G\u00e9n\u00e9ral Mamadi Doumbouya. Cette d\u00e9cision s\u2019inscrit dans le cadre du r\u00e9am\u00e9nagement de certains portefeuilles minist\u00e9riels.<\/div>\n<div dir=\"auto\"><\/div>\n<div dir=\"auto\"><\/div>\n<div dir=\"auto\">Parall\u00e8lement, le minist\u00e8re de la Jeunesse sera d\u00e9sormais dirig\u00e9 par Cellou Bald\u00e9, ancien d\u00e9put\u00e9, qui fait ainsi son entr\u00e9e dans le gouvernement en qualit\u00e9 de ministre de la R\u00e9publique.<\/div>\n<div dir=\"auto\"><\/div>\n<div dir=\"auto\"><\/div>\n<div dir=\"auto\">Le maintien de K\u00e9amou Bogola Haba \u00e0 la t\u00eate du d\u00e9partement des Sports est per\u00e7u comme un signe de continuit\u00e9 et de confiance, salu\u00e9 par de nombreux observateurs du sport guin\u00e9en. Ces derniers estiment que le ministre Haba saura relever les d\u00e9fis et poursuivre les r\u00e9formes engag\u00e9es, \u00e0 l\u2019image des actions pos\u00e9es lorsqu\u2019il g\u00e9rait le portefeuille conjoint Jeunesse et Sports.<\/div>\n<div dir=\"auto\"><\/div>\n<div dir=\"auto\"><strong>Marif Youla\u00a0<\/strong><\/div>\n","protected":false},"excerpt":{"rendered":"<p>\u00c0 travers une s\u00e9rie de d\u00e9crets lus au journal de 20h 30\u00a0 ce\u00a0 mardi 29 juillet 2025 sur la t\u00e9l\u00e9vision nationale, le pr\u00e9sident de la transition, le G\u00e9n\u00e9ral Mamadi Doumbouya, a renouvel\u00e9 sa confiance \u00e0 K\u00e9amou Bogola Haba, le confirmant au poste de ministre des Sports, d\u00e9sormais dissoci\u00e9 de celui de la Jeunesse. En poste [&hellip;]<\/p>\n","protected":false},"author":2,"featured_media":3613,"comment_status":"closed","ping_status":"closed","sticky":false,"template":"","format":"standard","meta":{"footnotes":""},"categories":[2],"tags":[],"class_list":{"0":"post-3609","1":"post","2":"type-post","3":"status-publish","4":"format-standard","5":"has-post-thumbnail","7":"category-news"},"aioseo_notices":[],"_links":{"self":[{"href":"https:\/\/stade28.net\/index.php\/wp-json\/wp\/v2\/posts\/3609","targetHints":{"allow":["GET"]}}],"collection":[{"href":"https:\/\/stade28.net\/index.php\/wp-json\/wp\/v2\/posts"}],"about":[{"href":"https:\/\/stade28.net\/index.php\/wp-json\/wp\/v2\/types\/post"}],"author":[{"embeddable":true,"href":"https:\/\/stade28.net\/index.php\/wp-json\/wp\/v2\/users\/2"}],"replies":[{"embeddable":true,"href":"https:\/\/stade28.net\/index.php\/wp-json\/wp\/v2\/comments?post=3609"}],"version-history":[{"count":0,"href":"https:\/\/stade28.net\/index.php\/wp-json\/wp\/v2\/posts\/3609\/revisions"}],"wp:featuredmedia":[{"embeddable":true,"href":"https:\/\/stade28.net\/index.php\/wp-json\/wp\/v2\/media\/3613"}],"wp:attachment":[{"href":"https:\/\/stade28.net\/index.php\/wp-json\/wp\/v2\/media?parent=3609"}],"wp:term":[{"taxonomy":"category","embeddable":true,"href":"https:\/\/stade28.net\/index.php\/wp-json\/wp\/v2\/categories?post=3609"},{"taxonomy":"post_tag","embeddable":true,"href":"https:\/\/stade28.net\/index.php\/wp-json\/wp\/v2\/tags?post=3609"}],"curies":[{"name":"wp","href":"https:\/\/api.w.org\/{rel}","templated":true}]}}