{"id":3591,"date":"2025-07-29T19:32:30","date_gmt":"2025-07-29T17:32:30","guid":{"rendered":"https:\/\/stade28.net\/?p=3591"},"modified":"2025-07-29T19:36:53","modified_gmt":"2025-07-29T17:36:53","slug":"ligue1-las-kaloum-officialise-le-transfert-dun-expatrie-camerounais","status":"publish","type":"post","link":"https:\/\/stade28.net\/index.php\/ligue1-las-kaloum-officialise-le-transfert-dun-expatrie-camerounais\/","title":{"rendered":"Ligue1 : l&rsquo;AS Kaloum officialise le transfert d&rsquo;un\u00a0 expatri\u00e9 camerounais!"},"content":{"rendered":"<div dir=\"auto\">Ligue1 : l\u00a0\u00bbAS Kaloum officialise le transfert d&rsquo;un\u00a0 expatri\u00e9 camerounais!<\/div>\n<div dir=\"auto\"><\/div>\n<div dir=\"auto\">L&rsquo;association sportive de Kaloum ( ASK ) continue \u00e0 renforcer son effectif en vue de la prochaine saison sportive\u00a0 . Le club de la presqu&rsquo;\u00eele de Kaloum a officialis\u00e9, ce mardi 29 juillet 2025 , le transfert d&rsquo;un nouveau joueur expatri\u00e9 au sein de son effectif.<\/div>\n<div dir=\"auto\"><\/div>\n<div dir=\"auto\">Selon l&rsquo;annonce faite sur sa page Facebook,\u00a0 \u00a0il s\u2019agit du portier international Camerounais A ,\u00a0 Haschou Kerrido, pass\u00e9 par le Stade Renard de Melong, s&rsquo;est\u00a0 engag\u00e9 pour trois ans\u00a0 avec le grand Gbin-Gbin. Has chou Kerrido\u00a0 est natif de Douala<\/div>\n<div dir=\"auto\">Pour rappel , l&rsquo; arriv\u00e9e de ce\u00a0 camerounais intervient juste apr\u00e8s\u00a0 les signatures d&rsquo;autres joueurs, mais cette fois-ci sur le plan local. Objectif, comme toujours,\u00a0 renforcer l&rsquo;\u00e9quipe et aller chercher ce qui lui manque depuis quelques ann\u00e9es, le titre de champion.<\/div>\n","protected":false},"excerpt":{"rendered":"<p>Ligue1 : l\u00a0\u00bbAS Kaloum officialise le transfert d&rsquo;un\u00a0 expatri\u00e9 camerounais! L&rsquo;association sportive de Kaloum ( ASK ) continue \u00e0 renforcer son effectif en vue de la prochaine saison sportive\u00a0 . Le club de la presqu&rsquo;\u00eele de Kaloum a officialis\u00e9, ce mardi 29 juillet 2025 , le transfert d&rsquo;un nouveau joueur expatri\u00e9 au sein de son [&hellip;]<\/p>\n","protected":false},"author":2,"featured_media":3592,"comment_status":"closed","ping_status":"closed","sticky":false,"template":"","format":"standard","meta":{"footnotes":""},"categories":[2],"tags":[],"class_list":{"0":"post-3591","1":"post","2":"type-post","3":"status-publish","4":"format-standard","5":"has-post-thumbnail","7":"category-news"},"aioseo_notices":[],"_links":{"self":[{"href":"https:\/\/stade28.net\/index.php\/wp-json\/wp\/v2\/posts\/3591","targetHints":{"allow":["GET"]}}],"collection":[{"href":"https:\/\/stade28.net\/index.php\/wp-json\/wp\/v2\/posts"}],"about":[{"href":"https:\/\/stade28.net\/index.php\/wp-json\/wp\/v2\/types\/post"}],"author":[{"embeddable":true,"href":"https:\/\/stade28.net\/index.php\/wp-json\/wp\/v2\/users\/2"}],"replies":[{"embeddable":true,"href":"https:\/\/stade28.net\/index.php\/wp-json\/wp\/v2\/comments?post=3591"}],"version-history":[{"count":0,"href":"https:\/\/stade28.net\/index.php\/wp-json\/wp\/v2\/posts\/3591\/revisions"}],"wp:featuredmedia":[{"embeddable":true,"href":"https:\/\/stade28.net\/index.php\/wp-json\/wp\/v2\/media\/3592"}],"wp:attachment":[{"href":"https:\/\/stade28.net\/index.php\/wp-json\/wp\/v2\/media?parent=3591"}],"wp:term":[{"taxonomy":"category","embeddable":true,"href":"https:\/\/stade28.net\/index.php\/wp-json\/wp\/v2\/categories?post=3591"},{"taxonomy":"post_tag","embeddable":true,"href":"https:\/\/stade28.net\/index.php\/wp-json\/wp\/v2\/tags?post=3591"}],"curies":[{"name":"wp","href":"https:\/\/api.w.org\/{rel}","templated":true}]}}