{"id":3587,"date":"2025-07-29T12:24:49","date_gmt":"2025-07-29T10:24:49","guid":{"rendered":"https:\/\/stade28.net\/?p=3587"},"modified":"2025-07-29T17:55:37","modified_gmt":"2025-07-29T15:55:37","slug":"chan-2025-delegation-federale-le-personnel-de-la-feguifoot-denonce-une-manigance-de-ladministration","status":"publish","type":"post","link":"https:\/\/stade28.net\/index.php\/chan-2025-delegation-federale-le-personnel-de-la-feguifoot-denonce-une-manigance-de-ladministration\/","title":{"rendered":"CHAN 2025 \u2013 D\u00e9l\u00e9gation f\u00e9d\u00e9rale : Le personnel de la Feguifoot d\u00e9nonce une manigance de l&rsquo;administration !"},"content":{"rendered":"<div dir=\"auto\">Alors que les remous autour de la tenue contest\u00e9e de l\u2019Assembl\u00e9e g\u00e9n\u00e9rale extraordinaire de la F\u00e9d\u00e9ration guin\u00e9enne de football (Feguifoot) sont encore frais, une nouvelle affaire vient troubler davantage le climat d\u00e9j\u00e0 tendu au sein de l\u2019instance dirigeante du football guin\u00e9en.<\/div>\n<div dir=\"auto\"><\/div>\n<div dir=\"auto\">\u00c0 quelques jours seulement du coup d&rsquo;envoi\u00a0 de la 8\u1d49 \u00e9dition du Championnat d\u2019Afrique des Nations (CHAN 2025),qui se tiendra dans trois pays d&rsquo;Afrique de l&rsquo;Est notamment la Tanzanie , l&rsquo;Ouganda et le Kenya , une vive contestation agite le personnel administratif de la Feguifoot. En cause : la d\u00e9signation des membres de la d\u00e9l\u00e9gation devant accompagner le Syli local, dont la liste serait, selon plusieurs sources internes, entach\u00e9e de favoritisme.<\/div>\n<div dir=\"auto\"><\/div>\n<div dir=\"auto\">D\u2019apr\u00e8s une source bien introduite au sein de la F\u00e9d\u00e9ration, l&rsquo;administration f\u00e9d\u00e9rale aurait transmis au minist\u00e8re de la Jeunesse et des Sports une liste de leurs proches \u00e0 l\u2019institution, \u00e9cartant volontairement certains employ\u00e9s d\u00e9sign\u00e9s officiellement par la Feguifoot.<\/div>\n<div dir=\"auto\"><\/div>\n<div dir=\"auto\">L\u2019objectif de cette man\u0153uvre serait, selon cette source, de favoriser des proches , afin de leur faire b\u00e9n\u00e9ficier de visas pour le d\u00e9placement en Ouganda.<\/div>\n<div dir=\"auto\"><\/div>\n<div dir=\"auto\">\u00ab Apr\u00e8s avoir accompli leur mission, il reviendront\u00a0 nous dire : nous avons\u00a0 bien envoy\u00e9 vos noms, mais le minist\u00e8re n\u2019a pas obtenu de visa pour vous. Une mani\u00e8re de se d\u00e9douaner, alors que nous savons que ce sont leurs\u00a0 prot\u00e9g\u00e9s qu\u2019ils veulent faire\u00a0 voyager \u00e0 notre place \u00bb, d\u00e9plore un employ\u00e9 sous couvert d\u2019anonymat.<\/div>\n<div dir=\"auto\"><\/div>\n<div dir=\"auto\">Cette pratique suscite un profond m\u00e9contentement au sein du personnel de la Feguifoot, qui y voit une \u00e9ni\u00e8me illustration du clanisme, du favoritisme et de l\u2019affairisme qui gangr\u00e8nent la gestion administrative de l\u2019institution. Certains accusent l&rsquo;administration de Feguifoot d\u2019instrumentaliser les missions officielles pour r\u00e9compenser leurs alli\u00e9s, au d\u00e9triment des agents m\u00e9ritants de la F\u00e9d\u00e9ration.<\/div>\n<div dir=\"auto\"><\/div>\n<div dir=\"auto\">Face \u00e0 cette situation, plusieurs voix appellent le Comit\u00e9 ex\u00e9cutif (Comex) \u00e0 tenir compte le droit de ses employ\u00e9s\u00a0 , en proc\u00e9dant \u00e0 une v\u00e9rification rigoureuse de la liste transmise au minist\u00e8re. Une d\u00e9marche jug\u00e9e indispensable pour garantir la transparence, l&rsquo;\u00e9quit\u00e9 et la cr\u00e9dibilit\u00e9 dans le traitement des dossiers officiels.<\/div>\n<div dir=\"auto\"><\/div>\n<div dir=\"auto\">Alors que la nouvelle \u00e9quipe dirigeante conduite par Sory Doumbouya peine toujours \u00e0 convaincre et relever\u00a0 le d\u00e9fi\u00a0 , cette nouvelle controverse enfonce son image dans le clou aupr\u00e8s des observateurs du football guin\u00e9en.<\/div>\n<div dir=\"auto\"><\/div>\n<div dir=\"auto\">Affaire \u00e0 suivre&#8230;<\/div>\n<div dir=\"auto\"><\/div>\n","protected":false},"excerpt":{"rendered":"<p>Alors que les remous autour de la tenue contest\u00e9e de l\u2019Assembl\u00e9e g\u00e9n\u00e9rale extraordinaire de la F\u00e9d\u00e9ration guin\u00e9enne de football (Feguifoot) sont encore frais, une nouvelle affaire vient troubler davantage le climat d\u00e9j\u00e0 tendu au sein de l\u2019instance dirigeante du football guin\u00e9en. \u00c0 quelques jours seulement du coup d&rsquo;envoi\u00a0 de la 8\u1d49 \u00e9dition du Championnat d\u2019Afrique [&hellip;]<\/p>\n","protected":false},"author":2,"featured_media":3588,"comment_status":"closed","ping_status":"closed","sticky":false,"template":"","format":"standard","meta":{"footnotes":""},"categories":[2],"tags":[],"class_list":{"0":"post-3587","1":"post","2":"type-post","3":"status-publish","4":"format-standard","5":"has-post-thumbnail","7":"category-news"},"aioseo_notices":[],"_links":{"self":[{"href":"https:\/\/stade28.net\/index.php\/wp-json\/wp\/v2\/posts\/3587","targetHints":{"allow":["GET"]}}],"collection":[{"href":"https:\/\/stade28.net\/index.php\/wp-json\/wp\/v2\/posts"}],"about":[{"href":"https:\/\/stade28.net\/index.php\/wp-json\/wp\/v2\/types\/post"}],"author":[{"embeddable":true,"href":"https:\/\/stade28.net\/index.php\/wp-json\/wp\/v2\/users\/2"}],"replies":[{"embeddable":true,"href":"https:\/\/stade28.net\/index.php\/wp-json\/wp\/v2\/comments?post=3587"}],"version-history":[{"count":0,"href":"https:\/\/stade28.net\/index.php\/wp-json\/wp\/v2\/posts\/3587\/revisions"}],"wp:featuredmedia":[{"embeddable":true,"href":"https:\/\/stade28.net\/index.php\/wp-json\/wp\/v2\/media\/3588"}],"wp:attachment":[{"href":"https:\/\/stade28.net\/index.php\/wp-json\/wp\/v2\/media?parent=3587"}],"wp:term":[{"taxonomy":"category","embeddable":true,"href":"https:\/\/stade28.net\/index.php\/wp-json\/wp\/v2\/categories?post=3587"},{"taxonomy":"post_tag","embeddable":true,"href":"https:\/\/stade28.net\/index.php\/wp-json\/wp\/v2\/tags?post=3587"}],"curies":[{"name":"wp","href":"https:\/\/api.w.org\/{rel}","templated":true}]}}