{"id":3555,"date":"2025-07-22T21:20:33","date_gmt":"2025-07-22T19:20:33","guid":{"rendered":"https:\/\/stade28.net\/?p=3555"},"modified":"2025-07-22T21:29:42","modified_gmt":"2025-07-22T19:29:42","slug":"feguifoot-mise-au-point-sur-la-pretendue-perte-au-tas-de-bouba-sampil","status":"publish","type":"post","link":"https:\/\/stade28.net\/index.php\/feguifoot-mise-au-point-sur-la-pretendue-perte-au-tas-de-bouba-sampil\/","title":{"rendered":"F\u00e9guifoot : Mise au point sur la pr\u00e9tendue \u00ab\u00a0perte au TAS \u00a0\u00bb de BOUBA SAMPIL !"},"content":{"rendered":"<p>Contrairement aux informations insens\u00e9es et non verifi\u00e9es qui circulent sur la toile pour dire Bouba Sampil a perdu au Tribunal Arbitral du Sport ( TAS ) contre le comex de la f\u00e9d\u00e9ration guin\u00e9enne de football , nous expliquons la v\u00e9racit\u00e9 de la situation contrairement \u00e0 certaines interpr\u00e9tations h\u00e2tives . Cette d\u00e9cision ne tranche pas le fond du litige opposant Bouba Sampil \u00e0 la FEGUIFOOT.<br \/>\nEn r\u00e9alit\u00e9, deux proc\u00e9dures diff\u00e9rentes sont actuellement en cours au TAS dans cette affaire complexe. Et il est essentiel de bien les distinguer.<\/p>\n<p><strong>Qu&rsquo;est-ce qui se passe ?<\/strong><\/p>\n<p>La d\u00e9cision rendue ce mardi par le Tribunal Arbitral du Sport (TAS), dans le cadre du litige entre Bouba Sampil et la F\u00e9d\u00e9ration Guin\u00e9enne de Football (FEGUIFOOT), concerne exclusivement une demande de mesures provisoires visant \u00e0 l\u2019ajournement de l\u2019Assembl\u00e9e G\u00e9n\u00e9rale Extraordinaire pr\u00e9vue ce jeudi.<\/p>\n<p>Le TAS a strictement limit\u00e9 son appr\u00e9ciation \u00e0 cette demande urgente et n\u2019a en aucun cas statu\u00e9 sur le fond du recours principal actuellement pendant devant lui.<\/p>\n<p>Pour plus de pr\u00e9cision , la question de la l\u00e9galit\u00e9 de r\u00e9vocation de monsieur Aboubacar Dinah Sampil , qui constitue le noyau central de la proc\u00e9dure au fond, n\u2019a pas \u00e9t\u00e9 soumise \u00e0 l\u2019appr\u00e9ciation du TAS dans ce cadre, pas m\u00eame \u00e0 titre prima facie.<\/p>\n<p>Notons que cette question juridique reste donc enti\u00e8rement ouverte et sera examin\u00e9e ult\u00e9rieurement dans le cadre de la proc\u00e9dure principale.<\/p>\n","protected":false},"excerpt":{"rendered":"<p>Contrairement aux informations insens\u00e9es et non verifi\u00e9es qui circulent sur la toile pour dire Bouba Sampil a perdu au Tribunal Arbitral du Sport ( TAS ) contre le comex de la f\u00e9d\u00e9ration guin\u00e9enne de football , nous expliquons la v\u00e9racit\u00e9 de la situation contrairement \u00e0 certaines interpr\u00e9tations h\u00e2tives . Cette d\u00e9cision ne tranche pas le [&hellip;]<\/p>\n","protected":false},"author":2,"featured_media":3558,"comment_status":"closed","ping_status":"closed","sticky":false,"template":"","format":"standard","meta":{"footnotes":""},"categories":[2],"tags":[],"class_list":{"0":"post-3555","1":"post","2":"type-post","3":"status-publish","4":"format-standard","5":"has-post-thumbnail","7":"category-news"},"aioseo_notices":[],"_links":{"self":[{"href":"https:\/\/stade28.net\/index.php\/wp-json\/wp\/v2\/posts\/3555","targetHints":{"allow":["GET"]}}],"collection":[{"href":"https:\/\/stade28.net\/index.php\/wp-json\/wp\/v2\/posts"}],"about":[{"href":"https:\/\/stade28.net\/index.php\/wp-json\/wp\/v2\/types\/post"}],"author":[{"embeddable":true,"href":"https:\/\/stade28.net\/index.php\/wp-json\/wp\/v2\/users\/2"}],"replies":[{"embeddable":true,"href":"https:\/\/stade28.net\/index.php\/wp-json\/wp\/v2\/comments?post=3555"}],"version-history":[{"count":0,"href":"https:\/\/stade28.net\/index.php\/wp-json\/wp\/v2\/posts\/3555\/revisions"}],"wp:featuredmedia":[{"embeddable":true,"href":"https:\/\/stade28.net\/index.php\/wp-json\/wp\/v2\/media\/3558"}],"wp:attachment":[{"href":"https:\/\/stade28.net\/index.php\/wp-json\/wp\/v2\/media?parent=3555"}],"wp:term":[{"taxonomy":"category","embeddable":true,"href":"https:\/\/stade28.net\/index.php\/wp-json\/wp\/v2\/categories?post=3555"},{"taxonomy":"post_tag","embeddable":true,"href":"https:\/\/stade28.net\/index.php\/wp-json\/wp\/v2\/tags?post=3555"}],"curies":[{"name":"wp","href":"https:\/\/api.w.org\/{rel}","templated":true}]}}