{"id":3543,"date":"2025-07-21T17:24:23","date_gmt":"2025-07-21T15:24:23","guid":{"rendered":"https:\/\/stade28.net\/?p=3543"},"modified":"2025-07-21T17:24:23","modified_gmt":"2025-07-21T15:24:23","slug":"tournoi-de-la-zone-2-de-basket-a-conakry-la-guinee-triomphe-en-series-filles-et-garcons-valide-son-ticket-pour-lafrobasket-u16","status":"publish","type":"post","link":"https:\/\/stade28.net\/index.php\/tournoi-de-la-zone-2-de-basket-a-conakry-la-guinee-triomphe-en-series-filles-et-garcons-valide-son-ticket-pour-lafrobasket-u16\/","title":{"rendered":"Tournoi de la Zone 2 de basket \u00e0 Conakry : La Guin\u00e9e triomphe en s\u00e9ries filles et gar\u00e7ons, valide son ticket pour l\u2019Afrobasket U16!"},"content":{"rendered":"<p>La Guin\u00e9e a brillamment cl\u00f4tur\u00e9 le tournoi de la Zone 2 de FIBA Afrique U16, organis\u00e9 \u00e0 Conakry .au palais des sports du stade 28 septembre, en s&rsquo;imposant dans toutes les deux cat\u00e9gories, notamment en s\u00e9ries masculines et f\u00e9minines . Ce double sacre permet aux \u00e9quipes nationales guin\u00e9ennes de d\u00e9crocher directement leur ticket de qualification pour la prochaine \u00e9dition de l\u2019Afrobasket U16, pr\u00e9vue du 2 au 14 septembre 2025 au Rwanda.<\/p>\n<p>Durant cette comp\u00e9tition sous-r\u00e9gionale, les jeunes basketteurs et basketteuses guin\u00e9ens ont d\u00e9montr\u00e9 tout leur talent, leur coh\u00e9sion et leur d\u00e9termination, en dominant leurs adversaires venus de plusieurs pays de la zone Ouest-africaine \u00e0 savoir la Mauritanie , la Gambie , la Guerra Leone et le S\u00e9negal . Ainsi ce triomphe t\u00e9moigne de l&rsquo;\u00e9volution continue du basketball guin\u00e9en au niveau des cat\u00e9gories inf\u00e9rieures .<\/p>\n<p>La f\u00e9d\u00e9ration guin\u00e9enne de basketball, \u00e0 travers son encadrement technique, peut se r\u00e9jouir de ce r\u00e9sultat qui refl\u00e8te le travail de fond r\u00e9alis\u00e9 ces derni\u00e8res ann\u00e9es, dont notamment depuis quelques mois seulement sous la houlette de la nouvelle \u00e9quipe f\u00e9d\u00e9rale pr\u00e9sid\u00e9e Babila Keita . Avec cette qualification, les regards sont d\u00e9sormais tourn\u00e9s vers le rendez-vous continental \u00e0 Kigali, o\u00f9 les \u00e9quipes guin\u00e9ennes tenteront de faire honneur \u00e0 leur pays sur la sc\u00e8ne africaine.<\/p>\n<p><strong>Ibrahima Limbita Camara\u00a0<\/strong><\/p>\n","protected":false},"excerpt":{"rendered":"<p>La Guin\u00e9e a brillamment cl\u00f4tur\u00e9 le tournoi de la Zone 2 de FIBA Afrique U16, organis\u00e9 \u00e0 Conakry .au palais des sports du stade 28 septembre, en s&rsquo;imposant dans toutes les deux cat\u00e9gories, notamment en s\u00e9ries masculines et f\u00e9minines . Ce double sacre permet aux \u00e9quipes nationales guin\u00e9ennes de d\u00e9crocher directement leur ticket de qualification [&hellip;]<\/p>\n","protected":false},"author":2,"featured_media":3544,"comment_status":"closed","ping_status":"closed","sticky":false,"template":"","format":"standard","meta":{"footnotes":""},"categories":[2],"tags":[],"class_list":{"0":"post-3543","1":"post","2":"type-post","3":"status-publish","4":"format-standard","5":"has-post-thumbnail","7":"category-news"},"aioseo_notices":[],"_links":{"self":[{"href":"https:\/\/stade28.net\/index.php\/wp-json\/wp\/v2\/posts\/3543","targetHints":{"allow":["GET"]}}],"collection":[{"href":"https:\/\/stade28.net\/index.php\/wp-json\/wp\/v2\/posts"}],"about":[{"href":"https:\/\/stade28.net\/index.php\/wp-json\/wp\/v2\/types\/post"}],"author":[{"embeddable":true,"href":"https:\/\/stade28.net\/index.php\/wp-json\/wp\/v2\/users\/2"}],"replies":[{"embeddable":true,"href":"https:\/\/stade28.net\/index.php\/wp-json\/wp\/v2\/comments?post=3543"}],"version-history":[{"count":0,"href":"https:\/\/stade28.net\/index.php\/wp-json\/wp\/v2\/posts\/3543\/revisions"}],"wp:featuredmedia":[{"embeddable":true,"href":"https:\/\/stade28.net\/index.php\/wp-json\/wp\/v2\/media\/3544"}],"wp:attachment":[{"href":"https:\/\/stade28.net\/index.php\/wp-json\/wp\/v2\/media?parent=3543"}],"wp:term":[{"taxonomy":"category","embeddable":true,"href":"https:\/\/stade28.net\/index.php\/wp-json\/wp\/v2\/categories?post=3543"},{"taxonomy":"post_tag","embeddable":true,"href":"https:\/\/stade28.net\/index.php\/wp-json\/wp\/v2\/tags?post=3543"}],"curies":[{"name":"wp","href":"https:\/\/api.w.org\/{rel}","templated":true}]}}