{"id":3536,"date":"2025-07-19T20:49:55","date_gmt":"2025-07-19T18:49:55","guid":{"rendered":"https:\/\/stade28.net\/?p=3536"},"modified":"2025-07-19T20:49:55","modified_gmt":"2025-07-19T18:49:55","slug":"signature-de-convention-de-cooperation-entre-le-ministere-de-la-jeunesse-et-des-sports-et-la-fao","status":"publish","type":"post","link":"https:\/\/stade28.net\/index.php\/signature-de-convention-de-cooperation-entre-le-ministere-de-la-jeunesse-et-des-sports-et-la-fao\/","title":{"rendered":"SIGNATURE DE CONVENTION DE COOPERATION ENTRE LE MINIST\u00c8RE DE LA JEUNESSE ET DES SPORTS ET LA FAO"},"content":{"rendered":"<p>Le Ministre de la Jeunesse et des Sports a sign\u00e9 une convention de cooperation ce vendredi 18 juillet 2025 avec le Repr\u00e9sentant pays du Programme des Nations Unies pour l&rsquo;Agriculture.<br \/>\nCette signature a eu lieu en pr\u00e9sence de Monsieur le Secr\u00e9taire G\u00e9n\u00e9ral, plusieurs cadres notamment ceux de la Direction Nationale de l&#8217;emploi et de l&rsquo;auto-emploi des jeunes, de Monsieur le Repr\u00e9sentant pays de la FAO, du Repr\u00e9sentant pays Adjoint du PNUD,du Secr\u00e9taire G\u00e9n\u00e9ral de la Chambre de l&rsquo;Agriculture et de plusieurs Organisations \u00e9voluant dans le domaine agricole.<br \/>\nL&rsquo;objectif de cette convention est d&rsquo;am\u00e9liorer la productivit\u00e9 agricole et le revenu des producteurs \u00e0 travers une professionnalisation du conseil agricole, contribuant ainsi \u00e0 la s\u00e9curit\u00e9 alimentaire et au d\u00e9veloppement \u00e9conomique et social.<br \/>\nIl sera pilot\u00e9 dans trois r\u00e9gions: Conakry, Kindia et Mamou. Le projet aura une dur\u00e9e de vie de deux (2 ) ans.<br \/>\nApr\u00e8s la pr\u00e9sentation du projet par Monsieur Youssouf Saran Donzo, Directeur National Adjoint de l&#8217;emploi et de l&rsquo;auto-emploi des jeunes,Monsieur le Ministre K\u00e9amou Bogola HABA a remerci\u00e9 la direction et les partenaires pour avoir compris que l&rsquo;Agriculture est l&rsquo;un des moyens d&rsquo;absorber le stock de jeunes dont il a la charge d&rsquo;inserer notamment sur le plan socio-professionnel.<\/p>\n<p><strong>Source : MJS\u00a0<\/strong><\/p>\n","protected":false},"excerpt":{"rendered":"<p>Le Ministre de la Jeunesse et des Sports a sign\u00e9 une convention de cooperation ce vendredi 18 juillet 2025 avec le Repr\u00e9sentant pays du Programme des Nations Unies pour l&rsquo;Agriculture. Cette signature a eu lieu en pr\u00e9sence de Monsieur le Secr\u00e9taire G\u00e9n\u00e9ral, plusieurs cadres notamment ceux de la Direction Nationale de l&#8217;emploi et de l&rsquo;auto-emploi [&hellip;]<\/p>\n","protected":false},"author":2,"featured_media":3537,"comment_status":"closed","ping_status":"closed","sticky":false,"template":"","format":"standard","meta":{"footnotes":""},"categories":[2],"tags":[],"class_list":{"0":"post-3536","1":"post","2":"type-post","3":"status-publish","4":"format-standard","5":"has-post-thumbnail","7":"category-news"},"aioseo_notices":[],"_links":{"self":[{"href":"https:\/\/stade28.net\/index.php\/wp-json\/wp\/v2\/posts\/3536","targetHints":{"allow":["GET"]}}],"collection":[{"href":"https:\/\/stade28.net\/index.php\/wp-json\/wp\/v2\/posts"}],"about":[{"href":"https:\/\/stade28.net\/index.php\/wp-json\/wp\/v2\/types\/post"}],"author":[{"embeddable":true,"href":"https:\/\/stade28.net\/index.php\/wp-json\/wp\/v2\/users\/2"}],"replies":[{"embeddable":true,"href":"https:\/\/stade28.net\/index.php\/wp-json\/wp\/v2\/comments?post=3536"}],"version-history":[{"count":0,"href":"https:\/\/stade28.net\/index.php\/wp-json\/wp\/v2\/posts\/3536\/revisions"}],"wp:featuredmedia":[{"embeddable":true,"href":"https:\/\/stade28.net\/index.php\/wp-json\/wp\/v2\/media\/3537"}],"wp:attachment":[{"href":"https:\/\/stade28.net\/index.php\/wp-json\/wp\/v2\/media?parent=3536"}],"wp:term":[{"taxonomy":"category","embeddable":true,"href":"https:\/\/stade28.net\/index.php\/wp-json\/wp\/v2\/categories?post=3536"},{"taxonomy":"post_tag","embeddable":true,"href":"https:\/\/stade28.net\/index.php\/wp-json\/wp\/v2\/tags?post=3536"}],"curies":[{"name":"wp","href":"https:\/\/api.w.org\/{rel}","templated":true}]}}