{"id":3481,"date":"2025-07-13T02:21:51","date_gmt":"2025-07-13T00:21:51","guid":{"rendered":"https:\/\/stade28.net\/?p=3481"},"modified":"2025-07-13T02:34:40","modified_gmt":"2025-07-13T00:34:40","slug":"la-guinee-qui-ne-participe-pas-a-une-coupe-dafrique-cest-une-honte-a-declare-sehrou-guirassy-en-conference-de-presse-a-conakry","status":"publish","type":"post","link":"https:\/\/stade28.net\/index.php\/la-guinee-qui-ne-participe-pas-a-une-coupe-dafrique-cest-une-honte-a-declare-sehrou-guirassy-en-conference-de-presse-a-conakry\/","title":{"rendered":"\u00ab\u00a0La Guin\u00e9e qui ne participe pas \u00e0 une Coupe d\u2019Afrique, c\u2019est une honte.\u00a0\u00bb a d\u00e9clar\u00e9 Sehrou Guirassy en conf\u00e9rence de presse \u00e0 Conakry"},"content":{"rendered":"<p>Lors de sa conf\u00e9rence de presse tenue ce samedi 12 juillet 2025 \u00e0 Conakry en marge du lancement des activit\u00e9s de son ONG humanitaire d\u00e9nomm\u00e9e \u201cAfrica Ni\u00f5rondema\u201d, qui signifie l\u2019Afrique qui s\u2019entraide, l&rsquo;international guin\u00e9en de Borussia Dortmund (Allemagne ) Serhou Guirassy a abord\u00e9 plusieurs sujets d&rsquo;ordre humanitaire , sanitaire et sportif .<\/p>\n<p>En r\u00e9pondant aux questions des journalistes pr\u00e9sents sur les lieux , Serhou Guirassy a dit clairement sa part de v\u00e9rit\u00e9 sur le sujet de la participation de la Guin\u00e9e \u00e0 la CAN Maroc 2025 : \u00ab On a une belle \u00e9quipe avec de tr\u00e8s bons talents. Apr\u00e8s, c\u2019est vrai que cette ann\u00e9e, on va louper la CAN, ce qui est un tr\u00e8s grand \u00e9chec. La Guin\u00e9e qui ne participe pas \u00e0 une Coupe d\u2019Afrique, c\u2019est une honte. On n\u2019est pas fiers de cet \u00e9chec, moi le premier. On continue de travailler tous dans ce sens-l\u00e0 pour remettre la Guin\u00e9e au plus haut niveau dans l\u2019avenir. \u00bb<\/p>\n<p>Si le dossier de participation de la Guin\u00e9e reste clos chez le num\u00e9ro 9 du Syli National , Serhou Guirassy , c&rsquo;est le contraire avec la Feguifoot qui compte saisir le tribunal Arbitral du Sport ( TAS ). Ceci apr\u00e8s avoir \u00e9t\u00e9 d\u00e9bout\u00e9\u00a0 successivement pat le jury disciplinaire et d&rsquo;Appel\u00a0 de la CAF , dans son contentieux avec la Tanzanie lors du match de la 6 \u00e8me journ\u00e9e des \u00e9liminatoires de la CAN Maroc 2025 .<\/p>\n<p><strong>Marif Youla\u00a0<\/strong><\/p>\n","protected":false},"excerpt":{"rendered":"<p>Lors de sa conf\u00e9rence de presse tenue ce samedi 12 juillet 2025 \u00e0 Conakry en marge du lancement des activit\u00e9s de son ONG humanitaire d\u00e9nomm\u00e9e \u201cAfrica Ni\u00f5rondema\u201d, qui signifie l\u2019Afrique qui s\u2019entraide, l&rsquo;international guin\u00e9en de Borussia Dortmund (Allemagne ) Serhou Guirassy a abord\u00e9 plusieurs sujets d&rsquo;ordre humanitaire , sanitaire et sportif . En r\u00e9pondant aux [&hellip;]<\/p>\n","protected":false},"author":2,"featured_media":3482,"comment_status":"closed","ping_status":"closed","sticky":false,"template":"","format":"standard","meta":{"footnotes":""},"categories":[2],"tags":[],"class_list":{"0":"post-3481","1":"post","2":"type-post","3":"status-publish","4":"format-standard","5":"has-post-thumbnail","7":"category-news"},"aioseo_notices":[],"_links":{"self":[{"href":"https:\/\/stade28.net\/index.php\/wp-json\/wp\/v2\/posts\/3481","targetHints":{"allow":["GET"]}}],"collection":[{"href":"https:\/\/stade28.net\/index.php\/wp-json\/wp\/v2\/posts"}],"about":[{"href":"https:\/\/stade28.net\/index.php\/wp-json\/wp\/v2\/types\/post"}],"author":[{"embeddable":true,"href":"https:\/\/stade28.net\/index.php\/wp-json\/wp\/v2\/users\/2"}],"replies":[{"embeddable":true,"href":"https:\/\/stade28.net\/index.php\/wp-json\/wp\/v2\/comments?post=3481"}],"version-history":[{"count":0,"href":"https:\/\/stade28.net\/index.php\/wp-json\/wp\/v2\/posts\/3481\/revisions"}],"wp:featuredmedia":[{"embeddable":true,"href":"https:\/\/stade28.net\/index.php\/wp-json\/wp\/v2\/media\/3482"}],"wp:attachment":[{"href":"https:\/\/stade28.net\/index.php\/wp-json\/wp\/v2\/media?parent=3481"}],"wp:term":[{"taxonomy":"category","embeddable":true,"href":"https:\/\/stade28.net\/index.php\/wp-json\/wp\/v2\/categories?post=3481"},{"taxonomy":"post_tag","embeddable":true,"href":"https:\/\/stade28.net\/index.php\/wp-json\/wp\/v2\/tags?post=3481"}],"curies":[{"name":"wp","href":"https:\/\/api.w.org\/{rel}","templated":true}]}}