{"id":3430,"date":"2025-07-05T21:45:35","date_gmt":"2025-07-05T19:45:35","guid":{"rendered":"https:\/\/stade28.net\/?p=3430"},"modified":"2025-07-05T21:45:35","modified_gmt":"2025-07-05T19:45:35","slug":"promotion-des-disciplines-sportives-le-ministre-recoit-la-federation-guineenne-de-football-petits-poteaux","status":"publish","type":"post","link":"https:\/\/stade28.net\/index.php\/promotion-des-disciplines-sportives-le-ministre-recoit-la-federation-guineenne-de-football-petits-poteaux\/","title":{"rendered":"PROMOTION DES DISCIPLINES SPORTIVES : LE MINISTRE RE\u00c7OIT LA F\u00c9D\u00c9RATION GUIN\u00c9ENNE DE FOOTBALL PETITS-POTEAUX"},"content":{"rendered":"<p>Le Ministre de la Jeunesse et des Sports M. Keamou Bogola HABA a re\u00e7u ce vendredi 4 juillet 2025 les membres de la jeune F\u00e9d\u00e9ration guin\u00e9enne de football Petits-poteaux.<\/p>\n<p>Conduite par son Pr\u00e9sident M. Namoussa Cond\u00e9, cette jeune F\u00e9d\u00e9ration qui a d\u00e9j\u00e0 pos\u00e9 des bases sur le plan organisationnel, \u00e9tait venue pr\u00e9senter le projet de la participation de la Guin\u00e9e \u00e0 la 2\u00e8me \u00e9dition de la Coupe d&rsquo;Afrique des Nations de football Petits-poteaux qui se d\u00e9roulera en C\u00f4te d&rsquo;Ivoire du 15 au 25 ao\u00fbt 2025, une premi\u00e8re pour notre pays.<\/p>\n<p>Tr\u00e8s satisfait de cette autre initiative sportive qui entre en droite ligne dans sa vision d&rsquo;occupation saine de la jeunesse, et vu le nombre important d&rsquo;adh\u00e9rents que cette f\u00e9d\u00e9ration pourrait \u00e9ventuellement enregistrer, Monsieur le Ministre a encourag\u00e9 la f\u00e9d\u00e9ration \u00e0 poursuivre les proc\u00e9dures pour l&rsquo;obtention d&rsquo;un agr\u00e9ment et leur a promis tout le soutien et l&rsquo;accompagnement de son d\u00e9partement.<\/p>\n<p>Le Directeur National adjoint des sports et des activit\u00e9s physiques, M. Mamadou Aliou Sory Barry avait introduit la d\u00e9l\u00e9gation aupr\u00e8s du Ministre .<\/p>\n<p><strong>Source : MJS\u00a0<\/strong><\/p>\n","protected":false},"excerpt":{"rendered":"<p>Le Ministre de la Jeunesse et des Sports M. Keamou Bogola HABA a re\u00e7u ce vendredi 4 juillet 2025 les membres de la jeune F\u00e9d\u00e9ration guin\u00e9enne de football Petits-poteaux. Conduite par son Pr\u00e9sident M. Namoussa Cond\u00e9, cette jeune F\u00e9d\u00e9ration qui a d\u00e9j\u00e0 pos\u00e9 des bases sur le plan organisationnel, \u00e9tait venue pr\u00e9senter le projet de [&hellip;]<\/p>\n","protected":false},"author":2,"featured_media":3431,"comment_status":"closed","ping_status":"closed","sticky":false,"template":"","format":"standard","meta":{"footnotes":""},"categories":[2],"tags":[],"class_list":{"0":"post-3430","1":"post","2":"type-post","3":"status-publish","4":"format-standard","5":"has-post-thumbnail","7":"category-news"},"aioseo_notices":[],"_links":{"self":[{"href":"https:\/\/stade28.net\/index.php\/wp-json\/wp\/v2\/posts\/3430","targetHints":{"allow":["GET"]}}],"collection":[{"href":"https:\/\/stade28.net\/index.php\/wp-json\/wp\/v2\/posts"}],"about":[{"href":"https:\/\/stade28.net\/index.php\/wp-json\/wp\/v2\/types\/post"}],"author":[{"embeddable":true,"href":"https:\/\/stade28.net\/index.php\/wp-json\/wp\/v2\/users\/2"}],"replies":[{"embeddable":true,"href":"https:\/\/stade28.net\/index.php\/wp-json\/wp\/v2\/comments?post=3430"}],"version-history":[{"count":0,"href":"https:\/\/stade28.net\/index.php\/wp-json\/wp\/v2\/posts\/3430\/revisions"}],"wp:featuredmedia":[{"embeddable":true,"href":"https:\/\/stade28.net\/index.php\/wp-json\/wp\/v2\/media\/3431"}],"wp:attachment":[{"href":"https:\/\/stade28.net\/index.php\/wp-json\/wp\/v2\/media?parent=3430"}],"wp:term":[{"taxonomy":"category","embeddable":true,"href":"https:\/\/stade28.net\/index.php\/wp-json\/wp\/v2\/categories?post=3430"},{"taxonomy":"post_tag","embeddable":true,"href":"https:\/\/stade28.net\/index.php\/wp-json\/wp\/v2\/tags?post=3430"}],"curies":[{"name":"wp","href":"https:\/\/api.w.org\/{rel}","templated":true}]}}