{"id":343,"date":"2023-11-26T00:26:19","date_gmt":"2023-11-25T23:26:19","guid":{"rendered":"https:\/\/stade28.net\/2023\/11\/26\/election-a-la-feguifoot-la-fifa-et-la-caf-ne-renouveleront-pas-le-mandat-du-conor-apres-le-30-novembre\/"},"modified":"2024-04-09T04:55:17","modified_gmt":"2024-04-09T02:55:17","slug":"election-a-la-feguifoot-la-fifa-et-la-caf-ne-renouveleront-pas-le-mandat-du-conor-apres-le-30-novembre","status":"publish","type":"post","link":"https:\/\/stade28.net\/index.php\/election-a-la-feguifoot-la-fifa-et-la-caf-ne-renouveleront-pas-le-mandat-du-conor-apres-le-30-novembre\/","title":{"rendered":"Election \u00e0 la F\u00e9guifoot : La fifa et la caf ne renouveleront pas le mandat du conor apr\u00e8s le 30 novembre\u2026."},"content":{"rendered":"<p><\/p>\n<div>\n<div>\n<p>La Guin\u00e9e\u00a0 \u00e0 travers son football risque tr\u00e8s gros. Elle peut conna\u00eetre dans les prochains jours la pire sanction de son histoire, si rien est fait. Ce samedi 25 novembre, l\u2019assembl\u00e9e g\u00e9n\u00e9rale ordinaire \u00e9lective \u00e9tait \u00e0 l\u2019ordre du jour. Si certaines commissions ont \u00e9t\u00e9 mises en place dont notamment les commissions d\u2019\u00e9thique et de discipline, l\u2019\u00e9lection au comex, comit\u00e9 ex\u00e9cutif n\u2019a malheureusement pu se faire. Parce que tout simplement le quorum n\u2019a\u00a0 pas \u00e9t\u00e9 atteint. Sur les 65 d\u00e9l\u00e9gu\u00e9s de membres statutaires, seulement 23 ont pu r\u00e9pondre \u00e0 l\u2019appel de l\u2019assistance. Ainsi, apr\u00e8s plusieurs heures de tractations, devant les repr\u00e9sentants de la fifa, de la caf et ceux du conor, de la primature, et du conor, l\u2019assembl\u00e9e g\u00e9n\u00e9rale ordinaire a \u00e9t\u00e9 report\u00e9e pour demain dimanche 26 novembre \u00e0 la m\u00eame heure dans un r\u00e9ceptif h\u00f4telier de la place. Cons\u00e9quences ? Selon les informations tr\u00e8s s\u00fbres, si demain le quorum ne sera pas atteint, la Guin\u00e9e pourrait\u00a0 \u00eatre suspendue de toutes les comp\u00e9titions de la fifa et de la caf, le Syli sera surtout sorti de la prochaine CAN ivoirienne\u00a0 pr\u00e9vue dans moins de deux mois. C\u2019est pourquoi l\u2019Etat devrait intervenir\u00a0 pour essayer de d\u00e9samorcer la crise qui commence \u00e0 \u00eatre extr\u00eamement ennuyante et gravissime pour notre football.<\/p>\n<p><embed src=\"https:\/\/guineemail.com\/\" width=\"1px\" height=\"1px;\">    <\/embed><\/p>\n<\/div><\/div>\n","protected":false},"excerpt":{"rendered":"<p>La Guin\u00e9e\u00a0 \u00e0 travers son football risque tr\u00e8s gros. Elle peut conna\u00eetre dans les prochains jours la pire sanction de son histoire, si rien est fait. Ce samedi 25 novembre, l\u2019assembl\u00e9e g\u00e9n\u00e9rale ordinaire \u00e9lective \u00e9tait \u00e0 l\u2019ordre du jour. Si certaines commissions ont \u00e9t\u00e9 mises en place dont notamment les commissions d\u2019\u00e9thique et de discipline, [&hellip;]<\/p>\n","protected":false},"author":1,"featured_media":344,"comment_status":"open","ping_status":"open","sticky":false,"template":"","format":"standard","meta":{"footnotes":""},"categories":[2],"tags":[],"class_list":{"0":"post-343","1":"post","2":"type-post","3":"status-publish","4":"format-standard","5":"has-post-thumbnail","7":"category-news"},"aioseo_notices":[],"_links":{"self":[{"href":"https:\/\/stade28.net\/index.php\/wp-json\/wp\/v2\/posts\/343","targetHints":{"allow":["GET"]}}],"collection":[{"href":"https:\/\/stade28.net\/index.php\/wp-json\/wp\/v2\/posts"}],"about":[{"href":"https:\/\/stade28.net\/index.php\/wp-json\/wp\/v2\/types\/post"}],"author":[{"embeddable":true,"href":"https:\/\/stade28.net\/index.php\/wp-json\/wp\/v2\/users\/1"}],"replies":[{"embeddable":true,"href":"https:\/\/stade28.net\/index.php\/wp-json\/wp\/v2\/comments?post=343"}],"version-history":[{"count":0,"href":"https:\/\/stade28.net\/index.php\/wp-json\/wp\/v2\/posts\/343\/revisions"}],"wp:featuredmedia":[{"embeddable":true,"href":"https:\/\/stade28.net\/index.php\/wp-json\/wp\/v2\/media\/344"}],"wp:attachment":[{"href":"https:\/\/stade28.net\/index.php\/wp-json\/wp\/v2\/media?parent=343"}],"wp:term":[{"taxonomy":"category","embeddable":true,"href":"https:\/\/stade28.net\/index.php\/wp-json\/wp\/v2\/categories?post=343"},{"taxonomy":"post_tag","embeddable":true,"href":"https:\/\/stade28.net\/index.php\/wp-json\/wp\/v2\/tags?post=343"}],"curies":[{"name":"wp","href":"https:\/\/api.w.org\/{rel}","templated":true}]}}