{"id":3408,"date":"2025-07-04T17:03:29","date_gmt":"2025-07-04T15:03:29","guid":{"rendered":"https:\/\/stade28.net\/?p=3408"},"modified":"2025-07-04T17:11:36","modified_gmt":"2025-07-04T15:11:36","slug":"cyclisme-hadja-aminata-mara-reelue-a-la-tete-de-la-federation-pour-un-troisieme-mandat","status":"publish","type":"post","link":"https:\/\/stade28.net\/index.php\/cyclisme-hadja-aminata-mara-reelue-a-la-tete-de-la-federation-pour-un-troisieme-mandat\/","title":{"rendered":"Cyclisme\u00a0: Hadja Aminata Mara r\u00e9\u00e9lue \u00e0 la t\u00eate de la F\u00e9d\u00e9ration pour un troisi\u00e8me mandat\u00a0"},"content":{"rendered":"<div dir=\"auto\">Candidature unique \u00e0 sa propre succession, Hadja Aminata Mara a \u00e9t\u00e9 reconduite \u00e0 la pr\u00e9sidence de la F\u00e9d\u00e9ration Guin\u00e9enne de Cyclisme (FEGUIC) pour un troisi\u00e8me mandat de quatre ans. L\u2019\u00e9lection s\u2019est tenue ce samedi 4 juillet 2025, lors de la 10\u1d49 Assembl\u00e9e G\u00e9n\u00e9rale \u00c9lective organis\u00e9e dans la salle de l\u2019Acad\u00e9mie Olympique, au sein du stade du 28 Septembre \u00e0 Conakry.<\/div>\n<div dir=\"auto\"><\/div>\n<div dir=\"auto\">Pl\u00e9biscit\u00e9e \u00e0 l\u2019unanimit\u00e9 par ses pairs, Hadja Aminata Mara dirigera un nouveau bureau ex\u00e9cutif compos\u00e9 de 13 membres. La c\u00e9r\u00e9monie s\u2019est d\u00e9roul\u00e9e en pr\u00e9sence des repr\u00e9sentants de 12 clubs et 6 ligues affili\u00e9s \u00e0 la F\u00e9d\u00e9ration, ainsi que de plusieurs personnalit\u00e9s du monde sportif. Parmi elles figuraient Elhadj Ben Daouda Nassoko, pr\u00e9sident du Comit\u00e9 National Olympique et Sportif Guin\u00e9en (CNOSG), Germaine Manguet Camara, directrice de l\u2019Acad\u00e9mie Olympique, et Salifou Aly Camara, chef de division des Hautes Comp\u00e9titions au minist\u00e8re de la Jeunesse et des Sports.<\/div>\n<div dir=\"auto\"><img loading=\"lazy\" decoding=\"async\" class=\"alignnone size-medium wp-image-3410\" src=\"https:\/\/stade28.net\/wp-content\/uploads\/2025\/07\/Messenger_creation_662057809711525-300x169.jpeg\" alt=\"\" width=\"300\" height=\"169\" srcset=\"https:\/\/stade28.net\/wp-content\/uploads\/2025\/07\/Messenger_creation_662057809711525-300x169.jpeg 300w, https:\/\/stade28.net\/wp-content\/uploads\/2025\/07\/Messenger_creation_662057809711525-1024x576.jpeg 1024w, https:\/\/stade28.net\/wp-content\/uploads\/2025\/07\/Messenger_creation_662057809711525-768x432.jpeg 768w, https:\/\/stade28.net\/wp-content\/uploads\/2025\/07\/Messenger_creation_662057809711525-1536x864.jpeg 1536w, https:\/\/stade28.net\/wp-content\/uploads\/2025\/07\/Messenger_creation_662057809711525-150x84.jpeg 150w, https:\/\/stade28.net\/wp-content\/uploads\/2025\/07\/Messenger_creation_662057809711525-696x392.jpeg 696w, https:\/\/stade28.net\/wp-content\/uploads\/2025\/07\/Messenger_creation_662057809711525-1068x601.jpeg 1068w, https:\/\/stade28.net\/wp-content\/uploads\/2025\/07\/Messenger_creation_662057809711525-1920x1080.jpeg 1920w, https:\/\/stade28.net\/wp-content\/uploads\/2025\/07\/Messenger_creation_662057809711525-747x420.jpeg 747w, https:\/\/stade28.net\/wp-content\/uploads\/2025\/07\/Messenger_creation_662057809711525-610x343.jpeg 610w, https:\/\/stade28.net\/wp-content\/uploads\/2025\/07\/Messenger_creation_662057809711525.jpeg 2048w\" sizes=\"auto, (max-width: 300px) 100vw, 300px\" \/><\/div>\n<div dir=\"auto\">Dans son discours d\u2019ouverture, Hadja Aminata Mara, \u00e9pouse Nassoko, n\u2019a pas manqu\u00e9 de saluer l\u2019engagement des autorit\u00e9s sportives nationales, continentales et internationales :<\/div>\n<div dir=\"auto\">\u00ab Je tiens \u00e0 exprimer ma profonde reconnaissance \u00e0 nos partenaires nationaux, en particulier le minist\u00e8re de la Jeunesse et des Sports, pour son accompagnement constant dans le d\u00e9veloppement du sport en Guin\u00e9e. Mes remerciements vont \u00e9galement au Comit\u00e9 Olympique et Sportif Guin\u00e9en pour son soutien ind\u00e9fectible. Je salue mes collaborateurs du bureau ex\u00e9cutif, les clubs membres, nos cyclistes, leurs encadreurs et accompagnateurs, sans qui rien ne serait possible. Enfin, je remercie l\u2019Union Cycliste Internationale (UCI) pour son appui technique, ainsi que la Solidarit\u00e9 Olympique et le Comit\u00e9 International Olympique (CIO) pour leur accompagnement. \u00bb<\/div>\n<div dir=\"auto\"><\/div>\n<div dir=\"auto\"><\/div>\n<div dir=\"auto\">Fra\u00eechement r\u00e9\u00e9lue, la pr\u00e9sidente a annonc\u00e9 une initiative in\u00e9dite destin\u00e9e \u00e0 renforcer la promotion du cyclisme guin\u00e9en au cours des quatre prochaines ann\u00e9es :\u00ab Pour cette nouvelle mandature, nous mettrons en place une grande commission charg\u00e9e de promouvoir et de rendre plus visible notre discipline \u00e0 l\u2019\u00e9chelle nationale, avec l\u2019appui total de la F\u00e9d\u00e9ration. Cette commission sera pr\u00e9sid\u00e9e par notre fr\u00e8re Thierno Diallo, dont l\u2019engagement en faveur du rayonnement du cyclisme guin\u00e9en n\u2019est plus \u00e0 d\u00e9montrer. \u00bb<\/div>\n<div dir=\"auto\"><\/div>\n<div dir=\"auto\"><\/div>\n<div dir=\"auto\"><\/div>\n<div dir=\"auto\"><strong>Marif Youla\u00a0<\/strong><\/div>\n","protected":false},"excerpt":{"rendered":"<p>Candidature unique \u00e0 sa propre succession, Hadja Aminata Mara a \u00e9t\u00e9 reconduite \u00e0 la pr\u00e9sidence de la F\u00e9d\u00e9ration Guin\u00e9enne de Cyclisme (FEGUIC) pour un troisi\u00e8me mandat de quatre ans. L\u2019\u00e9lection s\u2019est tenue ce samedi 4 juillet 2025, lors de la 10\u1d49 Assembl\u00e9e G\u00e9n\u00e9rale \u00c9lective organis\u00e9e dans la salle de l\u2019Acad\u00e9mie Olympique, au sein du stade [&hellip;]<\/p>\n","protected":false},"author":2,"featured_media":3409,"comment_status":"closed","ping_status":"closed","sticky":false,"template":"","format":"standard","meta":{"footnotes":""},"categories":[2],"tags":[],"class_list":{"0":"post-3408","1":"post","2":"type-post","3":"status-publish","4":"format-standard","5":"has-post-thumbnail","7":"category-news"},"aioseo_notices":[],"_links":{"self":[{"href":"https:\/\/stade28.net\/index.php\/wp-json\/wp\/v2\/posts\/3408","targetHints":{"allow":["GET"]}}],"collection":[{"href":"https:\/\/stade28.net\/index.php\/wp-json\/wp\/v2\/posts"}],"about":[{"href":"https:\/\/stade28.net\/index.php\/wp-json\/wp\/v2\/types\/post"}],"author":[{"embeddable":true,"href":"https:\/\/stade28.net\/index.php\/wp-json\/wp\/v2\/users\/2"}],"replies":[{"embeddable":true,"href":"https:\/\/stade28.net\/index.php\/wp-json\/wp\/v2\/comments?post=3408"}],"version-history":[{"count":0,"href":"https:\/\/stade28.net\/index.php\/wp-json\/wp\/v2\/posts\/3408\/revisions"}],"wp:featuredmedia":[{"embeddable":true,"href":"https:\/\/stade28.net\/index.php\/wp-json\/wp\/v2\/media\/3409"}],"wp:attachment":[{"href":"https:\/\/stade28.net\/index.php\/wp-json\/wp\/v2\/media?parent=3408"}],"wp:term":[{"taxonomy":"category","embeddable":true,"href":"https:\/\/stade28.net\/index.php\/wp-json\/wp\/v2\/categories?post=3408"},{"taxonomy":"post_tag","embeddable":true,"href":"https:\/\/stade28.net\/index.php\/wp-json\/wp\/v2\/tags?post=3408"}],"curies":[{"name":"wp","href":"https:\/\/api.w.org\/{rel}","templated":true}]}}