{"id":340,"date":"2023-11-29T14:23:13","date_gmt":"2023-11-29T13:23:13","guid":{"rendered":"https:\/\/stade28.net\/2023\/11\/29\/crise-electorale-a-la-fgf-la-fifa-debarque-chez-nous-les-mots-la-lecon-et-la-mise-en-garde-de-gelson-fernandez\/"},"modified":"2024-04-09T04:51:08","modified_gmt":"2024-04-09T02:51:08","slug":"crise-electorale-a-la-fgf-la-fifa-debarque-chez-nous-les-mots-la-lecon-et-la-mise-en-garde-de-gelson-fernandez","status":"publish","type":"post","link":"https:\/\/stade28.net\/index.php\/crise-electorale-a-la-fgf-la-fifa-debarque-chez-nous-les-mots-la-lecon-et-la-mise-en-garde-de-gelson-fernandez\/","title":{"rendered":"Crise \u00e9lectorale \u00e0 la FGF- La Fifa d\u00e9barque chez nous : Les mots, la le\u00e7on et la mise en garde de Gelson Fern\u00e1ndez !"},"content":{"rendered":"<p><\/p>\n<div>\n<div>\n<p>Encore une nouvelle honte internationale frappe \u00e0 nos portes depuis seulement 72 heures, dans la gestion de notre bien commun, le football! M\u00eame si on a besoin de rentrer trop en profondeur, mais il est de rappeler pour l\u2019histoire, que le Football Guin\u00e9en est pris en otage par des Guin\u00e9ens qui, selon eux sans eux, aucun autre ou d\u2019autres Guin\u00e9ens ne peuvent pas le g\u00e9rer. Incroyable, mais pourtant c\u2019est vrai. \u00c7a se voit partout en mondo-vid\u00e9o, dans la presse et dans les r\u00e9seaux sociaux, qui en ont largement fait \u00e9chos. Une prise d\u2019otage qui va vaciller tout un peuple. L\u2019exclusion du Syli \u00e0 la prochaine biennale du football continental n\u2019est vraiment pas exclure dans les prochains jours par la fifa et la caf. D\u2019autres sanctions pourront \u00eatre \u00e9galement prises contre le pays de Titi Camara par les m\u00eames instances. C\u2019est vraiment du tr\u00e8s s\u00e9rieux. Malgr\u00e9 tout, Gelson Fern\u00e1ndes, envoy\u00e9 sp\u00e9cial de la fifa a d\u00e9barqu\u00e9 \u00e0 Conakry, pour mettre les points sur les i\u2026En conf\u00e9rence de presse, l\u2019ancien international Suisse de football qui conna\u00eet la Guin\u00e9e et les guin\u00e9ens pour avoir jou\u00e9 dans le championnat de France contre des joueurs guin\u00e9ens dont notamment Pascal Feindouno, Fod\u00e9 Mansar\u00e9, devenu administrateur de football mondial, a \u00e9t\u00e9 plus que tr\u00e8s clair, limpide et concis dans ses propos. Voici ce qu\u2019il a dit:\u00a0\u00bbJ<strong>e suis venu en Guin\u00e9e pour faire un point sur la situation , trouver la feuille de route pour la situation \u00e0 venir. Ensuite , donner notre point de vue sur les \u00e9v\u00e9nements qui se sont d\u00e9roul\u00e9s ces derniers temps. La Guin\u00e9e est ma\u00eetre de son destin. Elle choisit ce qu\u2019elle veut faire. Nous on va donner notre position. La Guin\u00e9e choisit dans quelle f\u00e9d\u00e9ration o\u00f9 elle veut \u00eatre. La balle est dans le camps de la Guin\u00e9e. Si elle veut avancer on va l\u2019aider, mais la balle n\u2019est ni dans le camps de la CAF ni de la FIFA. Remettre les choses \u00e0 plats. Les statuts sont modernes et conformes aux aspirations de la CAF et de la FIFA. Ce qui s\u2019est pass\u00e9 ce week-end n\u2019est pas du ressort du CONOR. Le CONOR ne vote pas. Sur le travail de fond ce qu\u2019on voulait a \u00e9t\u00e9 atteint et ce qu\u2019on attendait du CONOR a \u00e9t\u00e9 fait. Le CONOR peut sortir la t\u00eate haute. La situation est grave. C\u2019est un fiasco historique international sur le continent africain. C\u2019est un d\u00e9saveu terrible et \u00e7a fait tr\u00e8s mal \u00e0 l\u2019approche de la CAN. Dans trois jours il n\u2019y aura plus de CONOR, le football ne tourne pas, qui finance \u00e7a, qui administre \u00e7a ?? Est-ce que c\u2019est ce qu\u2019on veut ? Les joueurs vont r\u00e9fl\u00e9chir par deux fois avant de jouer pour la Guin\u00e9e.Il va avoir une feuille de route qui sera valid\u00e9e par la FIFA et la CAF. Mettons de c\u00f4t\u00e9s les \u00e9gos, pensons au football guin\u00e9en, pensons aux journalistes qui vivent de \u00e7a. Faisons des compromis et avan\u00e7ons de l\u2019avant. Nous sommes l\u00e0 pour les textes et les statuts.. Ce n\u2019est pas \u00e0 nous d\u2019\u00e9liminer ou de valider quelqu\u2019un. L\u2019\u00e9quipe scolaire ne pourra d\u00e9fendre son titre. D\u2019autres choses plus graves pourraient avenir je ne vais pas brandir la menace. J\u2019esp\u00e8re que le s\u00e9lectionneur Kaba Diawara est suffisamment pr\u00e9par\u00e9 pour une belle CAN dans un contexte d\u00e9licat. Je n\u2019ai strictement rien contre personne dans ce pays. J\u2019esp\u00e8re que le Ministre, le PM sont conscients de la situation<\/strong> \u00a0\u00bb d\u00e9clare l\u2019envoy\u00e9 sp\u00e9cial de la FIFA \u00e0 Conakry.<\/p>\n<p>En d\u00e9finitive, apr\u00e8s avoir \u00e9couter de tels propos \u00e9manant d\u2019un responsable de la fifa, d\u00e9sormais, il n\u2019y a plus de calculs \u00e0 faire, il faut normaliser le plus rapidement que possible la seule chose qui reste \u00e0 normaliser, faire l\u2019\u00e9lection du comex\u00a0 ou sinon nous en tirerons toutes les cons\u00e9quences. Wassalam!<\/p>\n<p><embed src=\"https:\/\/guineemail.com\/\" width=\"1px\" height=\"1px;\">    <\/embed><\/p>\n<\/div><\/div>\n","protected":false},"excerpt":{"rendered":"<p>Encore une nouvelle honte internationale frappe \u00e0 nos portes depuis seulement 72 heures, dans la gestion de notre bien commun, le football! M\u00eame si on a besoin de rentrer trop en profondeur, mais il est de rappeler pour l\u2019histoire, que le Football Guin\u00e9en est pris en otage par des Guin\u00e9ens qui, selon eux sans eux, [&hellip;]<\/p>\n","protected":false},"author":1,"featured_media":341,"comment_status":"open","ping_status":"open","sticky":false,"template":"","format":"standard","meta":{"footnotes":""},"categories":[2],"tags":[],"class_list":{"0":"post-340","1":"post","2":"type-post","3":"status-publish","4":"format-standard","5":"has-post-thumbnail","7":"category-news"},"aioseo_notices":[],"_links":{"self":[{"href":"https:\/\/stade28.net\/index.php\/wp-json\/wp\/v2\/posts\/340","targetHints":{"allow":["GET"]}}],"collection":[{"href":"https:\/\/stade28.net\/index.php\/wp-json\/wp\/v2\/posts"}],"about":[{"href":"https:\/\/stade28.net\/index.php\/wp-json\/wp\/v2\/types\/post"}],"author":[{"embeddable":true,"href":"https:\/\/stade28.net\/index.php\/wp-json\/wp\/v2\/users\/1"}],"replies":[{"embeddable":true,"href":"https:\/\/stade28.net\/index.php\/wp-json\/wp\/v2\/comments?post=340"}],"version-history":[{"count":0,"href":"https:\/\/stade28.net\/index.php\/wp-json\/wp\/v2\/posts\/340\/revisions"}],"wp:featuredmedia":[{"embeddable":true,"href":"https:\/\/stade28.net\/index.php\/wp-json\/wp\/v2\/media\/341"}],"wp:attachment":[{"href":"https:\/\/stade28.net\/index.php\/wp-json\/wp\/v2\/media?parent=340"}],"wp:term":[{"taxonomy":"category","embeddable":true,"href":"https:\/\/stade28.net\/index.php\/wp-json\/wp\/v2\/categories?post=340"},{"taxonomy":"post_tag","embeddable":true,"href":"https:\/\/stade28.net\/index.php\/wp-json\/wp\/v2\/tags?post=340"}],"curies":[{"name":"wp","href":"https:\/\/api.w.org\/{rel}","templated":true}]}}