{"id":337,"date":"2023-11-30T00:56:59","date_gmt":"2023-11-29T23:56:59","guid":{"rendered":"https:\/\/stade28.net\/2023\/11\/30\/gala-de-boxe-internationale-conakry-ibrahima-bea-jr-diallo-sur-le-ring-25-ans-apres-le-combat-memorable-de-son-pere\/"},"modified":"2024-04-09T04:34:02","modified_gmt":"2024-04-09T02:34:02","slug":"gala-de-boxe-internationale-conakry-ibrahima-bea-jr-diallo-sur-le-ring-25-ans-apres-le-combat-memorable-de-son-pere","status":"publish","type":"post","link":"https:\/\/stade28.net\/index.php\/gala-de-boxe-internationale-conakry-ibrahima-bea-jr-diallo-sur-le-ring-25-ans-apres-le-combat-memorable-de-son-pere\/","title":{"rendered":"Gala de Boxe internationale\/Conakry : Ibrahima B\u00e9a Jr. Diallo sur le ring, 25 ans apr\u00e8s le combat m\u00e9morable de son p\u00e8re \u2026"},"content":{"rendered":"<p><\/p>\n<div>\n<p>En pr\u00e9lude\u00a0 au\u00a0 Gala de Boxe Internationale pr\u00e9vu du 15 au\u00a0 16 d\u00e9cembre prochain sur l\u2019esplanade du Palais du peuple, \u00e0 Conakry,\u00a0 les organisateurs \u00e9taient devant la presse ce mercredi 29 novembre 2023.<\/p>\n<p>Au menu, il \u00e9tait question de parler\u00a0 des pr\u00e9paratifs\u00a0 de cet \u00e9v\u00e9nement d\u2019envergure internationale pour la premi\u00e8re fois en Afrique, et en Guin\u00e9e\u00a0 .<\/p>\n<div dir=\"auto\">\n<p>A cet effet ,\u00a0 Ibrahima B\u00e9a Jr. Diallo, fils du l\u00e9gendaire boxeur B\u00e9a Diallo,\u00a0 actuel ministre guin\u00e9en de la Jeunesse et des Sports, sera sur le ring, 25 ans apr\u00e8s que son p\u00e8re ait marqu\u00e9 l\u2019histoire de la\u00a0 discipline en remportant le championnat intercontinental IBF au stade de Conakry, pour le titre WBA Continental.<\/p>\n<\/div>\n<p>Ce gala\u00a0 de Boxe Historique permettra de\u00a0 sensibiliser\u00a0 la jeunesse africaine, singuli\u00e8rement celle de Guin\u00e9e, aux probl\u00e8mes d\u2019\u00e9ducation et de migration des jeunes , mais aussi sur les dangers de la drogue. Il sera \u00e9galement\u00a0 question\u00a0 de mettre en relief une cause vitale de la pr\u00e9occupation mondiale: la jeunesse et son avenir.<\/p>\n<p>Selon les organisateurs\u00a0 , cette c\u00e9r\u00e9monie\u00a0 \u00e0 grandeur internationale\u00a0 qui se tient pour la premi\u00e8re fois en Afrique, attire d\u2019\u00e9minentes personnalit\u00e9s de la sc\u00e8ne mondiale de la boxe ainsi que des touristes venus des quatre coins de la plan\u00e8te. Objectif? Mettre en avant le talent guin\u00e9en dans le cadre de la \u00ab boxe africaine \u00bb et de transmettre un message d\u2019espoir aux jeunes tent\u00e9s par des aventures p\u00e9rilleuses en M\u00e9diterran\u00e9e. Elle conna\u00eetra\u00a0 la participation d\u2019invit\u00e9s de renomm\u00e9s tels que l\u2019acteur Jean-Claude Van Damme, l\u2019ancien boxeur am\u00e9ricain Mike Tyson, les enfants du regrett\u00e9 Muhammad Ali\u2026 Et bien d\u2019autres figures contemporaines de la Boxe Africaine et Mondiale.<\/p>\n<div dir=\"auto\">\n<p>Plac\u00e9 sous la Pr\u00e9sidence du Chef de l\u2019Etat, le Colonel Mamadi Doumbouya et le patronage du Gouvernement,\u00a0 ,Diamond Holding Promotions en partenariat avec le minist\u00e8re de la jeunesse et des sports et la World Boxing Association (WBA) et sous la coordination du Branding National , ce\u00a0 combat de boxe mettra aussi sur sc\u00e8ne lors de la grandiose c\u00e9r\u00e9monie d\u2019ouverture, la richesse de la culture guin\u00e9enne dans sa vari\u00e9t\u00e9 et dans sa diversit\u00e9, et conna\u00eetra la prestation de nos artistes locaux.<\/p>\n<\/div>\n<p><embed src=\"https:\/\/guineemail.com\/\" width=\"1px\" height=\"1px;\">    <\/embed><\/p>\n<\/div>\n","protected":false},"excerpt":{"rendered":"<p>En pr\u00e9lude\u00a0 au\u00a0 Gala de Boxe Internationale pr\u00e9vu du 15 au\u00a0 16 d\u00e9cembre prochain sur l\u2019esplanade du Palais du peuple, \u00e0 Conakry,\u00a0 les organisateurs \u00e9taient devant la presse ce mercredi 29 novembre 2023. Au menu, il \u00e9tait question de parler\u00a0 des pr\u00e9paratifs\u00a0 de cet \u00e9v\u00e9nement d\u2019envergure internationale pour la premi\u00e8re fois en Afrique, et en [&hellip;]<\/p>\n","protected":false},"author":1,"featured_media":338,"comment_status":"open","ping_status":"open","sticky":false,"template":"","format":"standard","meta":{"footnotes":""},"categories":[2],"tags":[],"class_list":{"0":"post-337","1":"post","2":"type-post","3":"status-publish","4":"format-standard","5":"has-post-thumbnail","7":"category-news"},"aioseo_notices":[],"_links":{"self":[{"href":"https:\/\/stade28.net\/index.php\/wp-json\/wp\/v2\/posts\/337","targetHints":{"allow":["GET"]}}],"collection":[{"href":"https:\/\/stade28.net\/index.php\/wp-json\/wp\/v2\/posts"}],"about":[{"href":"https:\/\/stade28.net\/index.php\/wp-json\/wp\/v2\/types\/post"}],"author":[{"embeddable":true,"href":"https:\/\/stade28.net\/index.php\/wp-json\/wp\/v2\/users\/1"}],"replies":[{"embeddable":true,"href":"https:\/\/stade28.net\/index.php\/wp-json\/wp\/v2\/comments?post=337"}],"version-history":[{"count":0,"href":"https:\/\/stade28.net\/index.php\/wp-json\/wp\/v2\/posts\/337\/revisions"}],"wp:featuredmedia":[{"embeddable":true,"href":"https:\/\/stade28.net\/index.php\/wp-json\/wp\/v2\/media\/338"}],"wp:attachment":[{"href":"https:\/\/stade28.net\/index.php\/wp-json\/wp\/v2\/media?parent=337"}],"wp:term":[{"taxonomy":"category","embeddable":true,"href":"https:\/\/stade28.net\/index.php\/wp-json\/wp\/v2\/categories?post=337"},{"taxonomy":"post_tag","embeddable":true,"href":"https:\/\/stade28.net\/index.php\/wp-json\/wp\/v2\/tags?post=337"}],"curies":[{"name":"wp","href":"https:\/\/api.w.org\/{rel}","templated":true}]}}