{"id":3181,"date":"2025-04-12T14:41:57","date_gmt":"2025-04-12T12:41:57","guid":{"rendered":"https:\/\/stade28.net\/?p=3181"},"modified":"2025-04-12T14:47:01","modified_gmt":"2025-04-12T12:47:01","slug":"marche-de-la-paix-a-boke-la-lonagui-au-rendez-vous-pour-celebrer-la-paix-et-lunite-autour-des-ideaux-de-son-excellence-le-general-mamadi-doumbouya","status":"publish","type":"post","link":"https:\/\/stade28.net\/index.php\/marche-de-la-paix-a-boke-la-lonagui-au-rendez-vous-pour-celebrer-la-paix-et-lunite-autour-des-ideaux-de-son-excellence-le-general-mamadi-doumbouya\/","title":{"rendered":"Marche de la Paix \u00e0 Bok\u00e9 : la LONAGUI au rendez-vous pour c\u00e9l\u00e9brer la paix et l\u2019unit\u00e9 autour des id\u00e9aux de Son Excellence le G\u00e9n\u00e9ral Mamadi Doumbouya"},"content":{"rendered":"<p>Les 11 et 12 avril 2025, la ville de Bok\u00e9, en Basse Guin\u00e9e, a accueilli une importante marche citoyenne plac\u00e9e sous le signe de la paix et de l\u2019unit\u00e9 nationale. Cette mobilisation a rassembl\u00e9 une foule venue de toute la r\u00e9gion et d\u2019ailleurs dans le pays, dans un \u00e9lan de soutien au Pr\u00e9sident de la R\u00e9publique, Son Excellence le G\u00e9n\u00e9ral Mamadi Doumbouya.<\/p>\n<p>\u00c0 travers cette initiative, les populations de la Basse Guin\u00e9e ont tenu \u00e0 exprimer leur gratitude envers le Chef de l\u2019\u00c9tat pour ses efforts constants en faveur de la stabilit\u00e9, du d\u00e9veloppement et du rayonnement de la Guin\u00e9e sur la sc\u00e8ne internationale. Elles ont \u00e9galement r\u00e9affirm\u00e9 leur engagement \u00e0 accompagner le Pr\u00e9sident dans la poursuite de sa noble mission pour l\u2019avenir du pays.<\/p>\n<p>Parmi les institutions engag\u00e9es dans cette dynamique de soutien, la Loterie Nationale de Guin\u00e9e (LONAGUI) s\u2019est distingu\u00e9e par une forte pr\u00e9sence. Sous la conduite de M. Amara Camara, conseiller du Directeur G\u00e9n\u00e9ral monsieur Mohamed Baba Sylla, une importante d\u00e9l\u00e9gation a \u00e9t\u00e9 d\u00e9p\u00each\u00e9e depuis Conakry pour prendre part \u00e0 cet \u00e9v\u00e9nement majeur.<\/p>\n<p>Dans ses diff\u00e9rentes prises de parole, M. Amara Camara a exprim\u00e9, au nom de la LONAGUI, la fiert\u00e9 et le soutien ind\u00e9fectible de l\u2019institution \u00e0 l\u2019endroit du Pr\u00e9sident de la R\u00e9publique. Il a salu\u00e9 la vision \u00e9clair\u00e9e du G\u00e9n\u00e9ral Mamadi Doumbouya, son patriotisme et son engagement en faveur de l\u2019unit\u00e9 nationale, conditions indispensables au d\u00e9veloppement harmonieux de la Guin\u00e9e.<\/p>\n<p>Il a \u00e9galement mis en lumi\u00e8re les nombreux progr\u00e8s r\u00e9alis\u00e9s sous le leadership du Chef de l\u2019\u00c9tat, notamment les r\u00e9formes engag\u00e9es et les actions concr\u00e8tes visant \u00e0 am\u00e9liorer durablement les conditions de vie des Guin\u00e9ens.<\/p>\n<p><img loading=\"lazy\" decoding=\"async\" class=\"alignnone size-medium wp-image-3183\" src=\"https:\/\/stade28.net\/wp-content\/uploads\/2025\/04\/IMG-20250412-WA0004-300x225.jpg\" alt=\"\" width=\"300\" height=\"225\" srcset=\"https:\/\/stade28.net\/wp-content\/uploads\/2025\/04\/IMG-20250412-WA0004-300x225.jpg 300w, https:\/\/stade28.net\/wp-content\/uploads\/2025\/04\/IMG-20250412-WA0004-768x576.jpg 768w, https:\/\/stade28.net\/wp-content\/uploads\/2025\/04\/IMG-20250412-WA0004-150x113.jpg 150w, https:\/\/stade28.net\/wp-content\/uploads\/2025\/04\/IMG-20250412-WA0004-696x522.jpg 696w, https:\/\/stade28.net\/wp-content\/uploads\/2025\/04\/IMG-20250412-WA0004-560x420.jpg 560w, https:\/\/stade28.net\/wp-content\/uploads\/2025\/04\/IMG-20250412-WA0004-80x60.jpg 80w, https:\/\/stade28.net\/wp-content\/uploads\/2025\/04\/IMG-20250412-WA0004-265x198.jpg 265w, https:\/\/stade28.net\/wp-content\/uploads\/2025\/04\/IMG-20250412-WA0004-610x458.jpg 610w, https:\/\/stade28.net\/wp-content\/uploads\/2025\/04\/IMG-20250412-WA0004.jpg 1020w\" sizes=\"auto, (max-width: 300px) 100vw, 300px\" \/><\/p>\n<p><img loading=\"lazy\" decoding=\"async\" class=\"alignnone size-medium wp-image-3184\" src=\"https:\/\/stade28.net\/wp-content\/uploads\/2025\/04\/IMG-20250412-WA0002-225x300.jpg\" alt=\"\" width=\"225\" height=\"300\" srcset=\"https:\/\/stade28.net\/wp-content\/uploads\/2025\/04\/IMG-20250412-WA0002-225x300.jpg 225w, https:\/\/stade28.net\/wp-content\/uploads\/2025\/04\/IMG-20250412-WA0002-150x200.jpg 150w, https:\/\/stade28.net\/wp-content\/uploads\/2025\/04\/IMG-20250412-WA0002-300x400.jpg 300w, https:\/\/stade28.net\/wp-content\/uploads\/2025\/04\/IMG-20250412-WA0002-696x928.jpg 696w, https:\/\/stade28.net\/wp-content\/uploads\/2025\/04\/IMG-20250412-WA0002-315x420.jpg 315w, https:\/\/stade28.net\/wp-content\/uploads\/2025\/04\/IMG-20250412-WA0002-610x813.jpg 610w, https:\/\/stade28.net\/wp-content\/uploads\/2025\/04\/IMG-20250412-WA0002.jpg 765w\" sizes=\"auto, (max-width: 225px) 100vw, 225px\" \/><\/p>\n<p><img loading=\"lazy\" decoding=\"async\" class=\"alignnone size-medium wp-image-3185\" src=\"https:\/\/stade28.net\/wp-content\/uploads\/2025\/04\/IMG-20250412-WA0007-300x169.jpg\" alt=\"\" width=\"300\" height=\"169\" srcset=\"https:\/\/stade28.net\/wp-content\/uploads\/2025\/04\/IMG-20250412-WA0007-300x169.jpg 300w, https:\/\/stade28.net\/wp-content\/uploads\/2025\/04\/IMG-20250412-WA0007-1024x576.jpg 1024w, https:\/\/stade28.net\/wp-content\/uploads\/2025\/04\/IMG-20250412-WA0007-768x432.jpg 768w, https:\/\/stade28.net\/wp-content\/uploads\/2025\/04\/IMG-20250412-WA0007-150x84.jpg 150w, https:\/\/stade28.net\/wp-content\/uploads\/2025\/04\/IMG-20250412-WA0007-696x392.jpg 696w, https:\/\/stade28.net\/wp-content\/uploads\/2025\/04\/IMG-20250412-WA0007-1068x601.jpg 1068w, https:\/\/stade28.net\/wp-content\/uploads\/2025\/04\/IMG-20250412-WA0007-747x420.jpg 747w, https:\/\/stade28.net\/wp-content\/uploads\/2025\/04\/IMG-20250412-WA0007-610x343.jpg 610w, https:\/\/stade28.net\/wp-content\/uploads\/2025\/04\/IMG-20250412-WA0007.jpg 1280w\" sizes=\"auto, (max-width: 300px) 100vw, 300px\" \/><\/p>\n","protected":false},"excerpt":{"rendered":"<p>Les 11 et 12 avril 2025, la ville de Bok\u00e9, en Basse Guin\u00e9e, a accueilli une importante marche citoyenne plac\u00e9e sous le signe de la paix et de l\u2019unit\u00e9 nationale. Cette mobilisation a rassembl\u00e9 une foule venue de toute la r\u00e9gion et d\u2019ailleurs dans le pays, dans un \u00e9lan de soutien au Pr\u00e9sident de la [&hellip;]<\/p>\n","protected":false},"author":2,"featured_media":3182,"comment_status":"closed","ping_status":"closed","sticky":false,"template":"","format":"standard","meta":{"footnotes":""},"categories":[4],"tags":[],"class_list":{"0":"post-3181","1":"post","2":"type-post","3":"status-publish","4":"format-standard","5":"has-post-thumbnail","7":"category-featured"},"aioseo_notices":[],"_links":{"self":[{"href":"https:\/\/stade28.net\/index.php\/wp-json\/wp\/v2\/posts\/3181","targetHints":{"allow":["GET"]}}],"collection":[{"href":"https:\/\/stade28.net\/index.php\/wp-json\/wp\/v2\/posts"}],"about":[{"href":"https:\/\/stade28.net\/index.php\/wp-json\/wp\/v2\/types\/post"}],"author":[{"embeddable":true,"href":"https:\/\/stade28.net\/index.php\/wp-json\/wp\/v2\/users\/2"}],"replies":[{"embeddable":true,"href":"https:\/\/stade28.net\/index.php\/wp-json\/wp\/v2\/comments?post=3181"}],"version-history":[{"count":0,"href":"https:\/\/stade28.net\/index.php\/wp-json\/wp\/v2\/posts\/3181\/revisions"}],"wp:featuredmedia":[{"embeddable":true,"href":"https:\/\/stade28.net\/index.php\/wp-json\/wp\/v2\/media\/3182"}],"wp:attachment":[{"href":"https:\/\/stade28.net\/index.php\/wp-json\/wp\/v2\/media?parent=3181"}],"wp:term":[{"taxonomy":"category","embeddable":true,"href":"https:\/\/stade28.net\/index.php\/wp-json\/wp\/v2\/categories?post=3181"},{"taxonomy":"post_tag","embeddable":true,"href":"https:\/\/stade28.net\/index.php\/wp-json\/wp\/v2\/tags?post=3181"}],"curies":[{"name":"wp","href":"https:\/\/api.w.org\/{rel}","templated":true}]}}