{"id":3161,"date":"2025-04-04T19:02:17","date_gmt":"2025-04-04T17:02:17","guid":{"rendered":"https:\/\/stade28.net\/?p=3161"},"modified":"2025-04-04T19:03:37","modified_gmt":"2025-04-04T17:03:37","slug":"ouverture-a-conakry-du-premier-atelier-de-formation-des-officiers-medias-de-lufoa-zone-a","status":"publish","type":"post","link":"https:\/\/stade28.net\/index.php\/ouverture-a-conakry-du-premier-atelier-de-formation-des-officiers-medias-de-lufoa-zone-a\/","title":{"rendered":"Ouverture \u00e0 Conakry du premier atelier de formation des officiers m\u00e9dias de l\u2019UFOA Zone A"},"content":{"rendered":"<div dir=\"auto\">Depuis la matin\u00e9e de ce jeudi 4 avril 2025, un important atelier de formation destin\u00e9 aux officiers m\u00e9dias des pays membres de l\u2019Union des F\u00e9d\u00e9rations Ouest-Africaines de Football (UFOA), Zone A, se tient \u00e0 l\u2019h\u00f4tel Noom, \u00e0 Conakry. Organis\u00e9 en collaboration avec la F\u00e9d\u00e9ration Guin\u00e9enne de Football (FGF), cet atelier s\u2019\u00e9tendra jusqu\u2019au 5 avril 2025. Il vise \u00e0 renforcer les capacit\u00e9s des responsables en charge de la communication au sein des diff\u00e9rentes f\u00e9d\u00e9rations membres, en mati\u00e8re de gestion m\u00e9diatique et de production de contenus professionnels.<\/div>\n<div dir=\"auto\"><img loading=\"lazy\" decoding=\"async\" class=\"alignnone size-medium wp-image-3162\" src=\"https:\/\/stade28.net\/wp-content\/uploads\/2025\/04\/FB_IMG_1743785302988-1-300x274.jpg\" alt=\"\" width=\"300\" height=\"274\" srcset=\"https:\/\/stade28.net\/wp-content\/uploads\/2025\/04\/FB_IMG_1743785302988-1-300x274.jpg 300w, https:\/\/stade28.net\/wp-content\/uploads\/2025\/04\/FB_IMG_1743785302988-1-150x137.jpg 150w, https:\/\/stade28.net\/wp-content\/uploads\/2025\/04\/FB_IMG_1743785302988-1-696x635.jpg 696w, https:\/\/stade28.net\/wp-content\/uploads\/2025\/04\/FB_IMG_1743785302988-1-460x420.jpg 460w, https:\/\/stade28.net\/wp-content\/uploads\/2025\/04\/FB_IMG_1743785302988-1-610x557.jpg 610w, https:\/\/stade28.net\/wp-content\/uploads\/2025\/04\/FB_IMG_1743785302988-1.jpg 720w\" sizes=\"auto, (max-width: 300px) 100vw, 300px\" \/><\/div>\n<div dir=\"auto\">Dans son discours d\u2019ouverture, le secr\u00e9taire g\u00e9n\u00e9ral de la F\u00e9d\u00e9ration Guin\u00e9enne de Football, Ibrahima Blasco Barry, a salu\u00e9 l\u2019initiative avant de souligner son importance strat\u00e9gique :<\/div>\n<div dir=\"auto\"><\/div>\n<div dir=\"auto\">\u00ab La Guin\u00e9e accueille avec fiert\u00e9 cette session de formation d\u00e9di\u00e9e aux experts en communication, marketing et aux officiers m\u00e9dias de l\u2019UFOA. Cet \u00e9v\u00e9nement, que nous saluons vivement, refl\u00e8te la reconnaissance du r\u00f4le grandissant de notre pays dans le paysage sportif africain. L\u2019objectif est clair : professionnaliser davantage la communication au sein des f\u00e9d\u00e9rations, dans un contexte o\u00f9 l\u2019information doit \u00eatre rapide, fiable et strat\u00e9gique. \u00bb<\/div>\n<div dir=\"auto\"><img loading=\"lazy\" decoding=\"async\" class=\"alignnone size-medium wp-image-3163\" src=\"https:\/\/stade28.net\/wp-content\/uploads\/2025\/04\/FB_IMG_1743785825343-275x300.jpg\" alt=\"\" width=\"275\" height=\"300\" srcset=\"https:\/\/stade28.net\/wp-content\/uploads\/2025\/04\/FB_IMG_1743785825343-275x300.jpg 275w, https:\/\/stade28.net\/wp-content\/uploads\/2025\/04\/FB_IMG_1743785825343-150x164.jpg 150w, https:\/\/stade28.net\/wp-content\/uploads\/2025\/04\/FB_IMG_1743785825343-300x327.jpg 300w, https:\/\/stade28.net\/wp-content\/uploads\/2025\/04\/FB_IMG_1743785825343-696x759.jpg 696w, https:\/\/stade28.net\/wp-content\/uploads\/2025\/04\/FB_IMG_1743785825343-385x420.jpg 385w, https:\/\/stade28.net\/wp-content\/uploads\/2025\/04\/FB_IMG_1743785825343-610x665.jpg 610w, https:\/\/stade28.net\/wp-content\/uploads\/2025\/04\/FB_IMG_1743785825343.jpg 720w\" sizes=\"auto, (max-width: 275px) 100vw, 275px\" \/><\/div>\n<div dir=\"auto\">L\u2019instructeur de la CAF, Aliou Goloko, a quant \u00e0 lui mis en lumi\u00e8re les enjeux de cette formation :<\/div>\n<div dir=\"auto\"><\/div>\n<div dir=\"auto\">\u00ab Elle vise \u00e0 renforcer l\u2019organisation des comp\u00e9titions de l\u2019Union, \u00e0 mieux pr\u00e9parer les s\u00e9lections nationales, \u00e0 am\u00e9liorer les conditions de travail des journalistes sportifs, et \u00e0 valoriser les partenaires commerciaux \u00e0 travers des strat\u00e9gies de communication plus efficaces. \u00bb<\/div>\n<div dir=\"auto\"><img loading=\"lazy\" decoding=\"async\" class=\"alignnone size-medium wp-image-3164\" src=\"https:\/\/stade28.net\/wp-content\/uploads\/2025\/04\/Gallery_1743785424235-1-211x300.jpg\" alt=\"\" width=\"211\" height=\"300\" srcset=\"https:\/\/stade28.net\/wp-content\/uploads\/2025\/04\/Gallery_1743785424235-1-211x300.jpg 211w, https:\/\/stade28.net\/wp-content\/uploads\/2025\/04\/Gallery_1743785424235-1-150x213.jpg 150w, https:\/\/stade28.net\/wp-content\/uploads\/2025\/04\/Gallery_1743785424235-1.jpg 230w\" sizes=\"auto, (max-width: 211px) 100vw, 211px\" \/><\/div>\n<div dir=\"auto\">Le Directeur ex\u00e9cutif de l\u2019UFOA-A a, de son c\u00f4t\u00e9, adress\u00e9 ses remerciements aux autorit\u00e9s guin\u00e9ennes pour l\u2019accueil chaleureux r\u00e9serv\u00e9 aux participants. Il a rappel\u00e9 que :<\/div>\n<div dir=\"auto\"><\/div>\n<div dir=\"auto\">\u00ab Cette formation est essentielle pour actualiser les connaissances et am\u00e9liorer les pratiques en mati\u00e8re de communication et de gestion d\u2019\u00e9v\u00e9nements sportifs. \u00bb<\/div>\n<div dir=\"auto\"><img loading=\"lazy\" decoding=\"async\" class=\"alignnone size-medium wp-image-3165\" src=\"https:\/\/stade28.net\/wp-content\/uploads\/2025\/04\/FB_IMG_1743785297500-1-300x200.jpg\" alt=\"\" width=\"300\" height=\"200\" srcset=\"https:\/\/stade28.net\/wp-content\/uploads\/2025\/04\/FB_IMG_1743785297500-1-300x200.jpg 300w, https:\/\/stade28.net\/wp-content\/uploads\/2025\/04\/FB_IMG_1743785297500-1-150x100.jpg 150w, https:\/\/stade28.net\/wp-content\/uploads\/2025\/04\/FB_IMG_1743785297500-1-696x464.jpg 696w, https:\/\/stade28.net\/wp-content\/uploads\/2025\/04\/FB_IMG_1743785297500-1-630x420.jpg 630w, https:\/\/stade28.net\/wp-content\/uploads\/2025\/04\/FB_IMG_1743785297500-1-610x407.jpg 610w, https:\/\/stade28.net\/wp-content\/uploads\/2025\/04\/FB_IMG_1743785297500-1.jpg 720w\" sizes=\"auto, (max-width: 300px) 100vw, 300px\" \/><\/div>\n<div dir=\"auto\">Pr\u00e9sent \u00e0 la c\u00e9r\u00e9monie d\u2019ouverture, le ministre de la Jeunesse et des Sports, Keamou Bogola Haba, a soulign\u00e9 la dimension transversale et strat\u00e9gique du football aujourd\u2019hui :<\/div>\n<div dir=\"auto\"><\/div>\n<div dir=\"auto\">\u00ab Le football ne se r\u00e9sume plus \u00e0 un simple sport ou une activit\u00e9 physique. C\u2019est un v\u00e9ritable levier diplomatique, politique et \u00e9conomique. D\u2019o\u00f9 la n\u00e9cessit\u00e9 de former des sp\u00e9cialistes capables d\u2019en d\u00e9crypter les enjeux. Il est aujourd\u2019hui un outil de positionnement international, mais aussi un secteur \u00e9conomique \u00e0 part enti\u00e8re. \u00bb<\/div>\n<div dir=\"auto\"><\/div>\n<div dir=\"auto\">Ce premier atelier organis\u00e9 en Guin\u00e9e est salu\u00e9 comme une r\u00e9ussite. Il marque une \u00e9tape d\u00e9cisive dans le processus de professionnalisation des officiers m\u00e9dias au sein des pays membres de la Zone A de l\u2019UFOA.<\/div>\n<div dir=\"auto\"><\/div>\n<div dir=\"auto\"><strong>Ibrahima Limbita Camara<\/strong><\/div>\n","protected":false},"excerpt":{"rendered":"<p>Depuis la matin\u00e9e de ce jeudi 4 avril 2025, un important atelier de formation destin\u00e9 aux officiers m\u00e9dias des pays membres de l\u2019Union des F\u00e9d\u00e9rations Ouest-Africaines de Football (UFOA), Zone A, se tient \u00e0 l\u2019h\u00f4tel Noom, \u00e0 Conakry. Organis\u00e9 en collaboration avec la F\u00e9d\u00e9ration Guin\u00e9enne de Football (FGF), cet atelier s\u2019\u00e9tendra jusqu\u2019au 5 avril 2025. [&hellip;]<\/p>\n","protected":false},"author":2,"featured_media":3166,"comment_status":"closed","ping_status":"closed","sticky":false,"template":"","format":"standard","meta":{"footnotes":""},"categories":[2],"tags":[],"class_list":{"0":"post-3161","1":"post","2":"type-post","3":"status-publish","4":"format-standard","5":"has-post-thumbnail","7":"category-news"},"aioseo_notices":[],"_links":{"self":[{"href":"https:\/\/stade28.net\/index.php\/wp-json\/wp\/v2\/posts\/3161","targetHints":{"allow":["GET"]}}],"collection":[{"href":"https:\/\/stade28.net\/index.php\/wp-json\/wp\/v2\/posts"}],"about":[{"href":"https:\/\/stade28.net\/index.php\/wp-json\/wp\/v2\/types\/post"}],"author":[{"embeddable":true,"href":"https:\/\/stade28.net\/index.php\/wp-json\/wp\/v2\/users\/2"}],"replies":[{"embeddable":true,"href":"https:\/\/stade28.net\/index.php\/wp-json\/wp\/v2\/comments?post=3161"}],"version-history":[{"count":0,"href":"https:\/\/stade28.net\/index.php\/wp-json\/wp\/v2\/posts\/3161\/revisions"}],"wp:featuredmedia":[{"embeddable":true,"href":"https:\/\/stade28.net\/index.php\/wp-json\/wp\/v2\/media\/3166"}],"wp:attachment":[{"href":"https:\/\/stade28.net\/index.php\/wp-json\/wp\/v2\/media?parent=3161"}],"wp:term":[{"taxonomy":"category","embeddable":true,"href":"https:\/\/stade28.net\/index.php\/wp-json\/wp\/v2\/categories?post=3161"},{"taxonomy":"post_tag","embeddable":true,"href":"https:\/\/stade28.net\/index.php\/wp-json\/wp\/v2\/tags?post=3161"}],"curies":[{"name":"wp","href":"https:\/\/api.w.org\/{rel}","templated":true}]}}