{"id":3085,"date":"2025-02-28T02:39:33","date_gmt":"2025-02-28T01:39:33","guid":{"rendered":"https:\/\/stade28.net\/?p=3085"},"modified":"2025-02-28T11:30:50","modified_gmt":"2025-02-28T10:30:50","slug":"feguiboxe-le-bureau-provisoire-apporte-un-dementi-concernant-le-gala-organise-par-lancien-president-alpha-amadou-balde","status":"publish","type":"post","link":"https:\/\/stade28.net\/index.php\/feguiboxe-le-bureau-provisoire-apporte-un-dementi-concernant-le-gala-organise-par-lancien-president-alpha-amadou-balde\/","title":{"rendered":"F\u00e9guiboxe : Le bureau provisoire apporte un d\u00e9menti concernant le gala organis\u00e9 par \u00ab\u00a0l&rsquo;ancien pr\u00e9sident\u00a0\u00bb, Alpha Amadou Bald\u00e9 !"},"content":{"rendered":"<p>C&rsquo;est un nouveau coup de th\u00e9\u00e2tre dans la crise qui secoue la f\u00e9d\u00e9ration guin\u00e9enne de boxe ! Et, cela juste apr\u00e8s l&rsquo;organisation d&rsquo;un \u00a0\u00bb gala de boxe des\u00a0 jeunes le samedi dernier\u00a0 \u00e0 Matam par le camp du pr\u00e9sident\u00a0 Alpha Amadou\u00a0 Bald\u00e9 . Ce dernier vient d&rsquo;\u00eatre d\u00e9menti par\u00a0 le bureau provisoire de la f\u00e9d\u00e9ration qui ne reconna\u00eet plus\u00a0 sa l\u00e9gitimit\u00e9 et d\u00e9clare qu&rsquo;aucun club affili\u00e9 \u00e0 la f\u00e9d\u00e9ration et en activit\u00e9 n&rsquo;a particip\u00e9 \u00e0 ce gala !<\/p>\n<p>Pourtant\u00a0 dans les m\u00e9dias et sur les r\u00e9seaux sociaux , le \u00a0 pr\u00e9sident Alpha Amadou\u00a0 Bald\u00e9 qui ne serait plus reconnu par bien de ses pairs, a bel et bien rassur\u00e9\u00a0 les uns\u00a0et les autres\u00a0 que ce gala qui \u00e9tait r\u00e9serv\u00e9 aux jeunes talents, a connu la participation de tous les clubs\u00a0 membres de la F\u00e9guiboxe. Chose que le bureau provisoire consid\u00e8re faux et archi-faux\u00a0 tout en d\u00e9non\u00e7ant que ce gala est celui de la honte et de la manipulation : \u00a0\u00bb Tout ce qu&rsquo;il a dit dans les m\u00e9dias et sur les r\u00e9seaux sociaux que c&rsquo;est\u00a0 tous les clubs affili\u00e9s \u00e0 la f\u00e9d\u00e9ration qui ont pris part \u00e0 ce tournoi est faux et archi-faux . Cependant,\u00a0 il est all\u00e9 prendre les enfants dans les quartiers pour faire son organisation. Il n&rsquo;y a m\u00eame pas eu d&rsquo;engouement. C&rsquo;\u00e9tait juste pour tromper les gens et les autorit\u00e9s sportives de notre pays afin d&rsquo;avoir une l\u00e9gitimit\u00e9 qu&rsquo;il a d\u00e9j\u00e0 perdue. Donc notre bureau provisoire qui ne reconna\u00eet plus Mamadou Alpha Bald\u00e9 comme pr\u00e9sident\u00a0 d\u00e9ment cat\u00e9goriquement ses propos qui n&rsquo;honorent pas la boxe guin\u00e9enne \u00ab\u00a0, a d\u00e9clar\u00e9 un des membres\u00a0 du bureau provisoire de la F\u00e9guiboxe .<\/p>\n<p>\u00a0\u00bb Cet apr\u00e8s-midi l&rsquo;ancien pr\u00e9sident de la f\u00e9d\u00e9ration guin\u00e9enne de boxe a \u00e9t\u00e9 boud\u00e9 par les clubs de la boxe .Aucun boxeur connu de la Guin\u00e9e n&rsquo;a r\u00e9pondu pr\u00e9sent.Il s&rsquo;est pr\u00e9cipit\u00e9 pour choisir les jeunes du quartier pour les mettre sur le Ring de boxe . Jusqu&rsquo;o\u00f9 ira t-il Alpha Amadou Bald\u00e9 avec ses man\u0153uvres de d\u00e9stabilisation de la boxe guin\u00e9enne \u00ab\u00a0, a rench\u00e9ri cet autre membre du bureau provisoire de la f\u00e9d\u00e9ration via sa page Facebook.<\/p>\n<p>A rappeler que c&rsquo;est la \u00e9ni\u00e8me fois que le\u00a0 bureau provisoire d\u00e9nonce l&rsquo;implication ill\u00e9gitime\u00a0 et des man\u0153uvres de \u00ab\u00a0l&rsquo;ancien pr\u00e9sident\u00a0\u00bb Mamadou Alpha Bald\u00e9 dans la gestion des activit\u00e9s de la F\u00e9guiboxe .<\/p>\n<p>Malgr\u00e9 ces d\u00e9mentis du bureau\u00a0 provisoire de la f\u00e9d\u00e9ration, le pr\u00e9sident d\u00e9savou\u00e9, Amadou\u00a0 Alpha Bald\u00e9 , continue ses agissements au grand dam de bien des observateurs de la boxe nationale. La balle serait d\u00e9sormais dans le camp du comit\u00e9 national olympique et sportif guin\u00e9en et du minist\u00e8re des Sports pour r\u00e9soudre ce bic\u00e9phalisme dans la f\u00e9d\u00e9 guin\u00e9enne de boxe.<\/p>\n<p>Affaire \u00e0 suivre &#8230;..<\/p>\n<p><strong>Marif Youla\u00a0<\/strong><\/p>\n","protected":false},"excerpt":{"rendered":"<p>C&rsquo;est un nouveau coup de th\u00e9\u00e2tre dans la crise qui secoue la f\u00e9d\u00e9ration guin\u00e9enne de boxe ! Et, cela juste apr\u00e8s l&rsquo;organisation d&rsquo;un \u00a0\u00bb gala de boxe des\u00a0 jeunes le samedi dernier\u00a0 \u00e0 Matam par le camp du pr\u00e9sident\u00a0 Alpha Amadou\u00a0 Bald\u00e9 . Ce dernier vient d&rsquo;\u00eatre d\u00e9menti par\u00a0 le bureau provisoire de la f\u00e9d\u00e9ration [&hellip;]<\/p>\n","protected":false},"author":2,"featured_media":3086,"comment_status":"closed","ping_status":"closed","sticky":false,"template":"","format":"standard","meta":{"footnotes":""},"categories":[2],"tags":[],"class_list":{"0":"post-3085","1":"post","2":"type-post","3":"status-publish","4":"format-standard","5":"has-post-thumbnail","7":"category-news"},"aioseo_notices":[],"_links":{"self":[{"href":"https:\/\/stade28.net\/index.php\/wp-json\/wp\/v2\/posts\/3085","targetHints":{"allow":["GET"]}}],"collection":[{"href":"https:\/\/stade28.net\/index.php\/wp-json\/wp\/v2\/posts"}],"about":[{"href":"https:\/\/stade28.net\/index.php\/wp-json\/wp\/v2\/types\/post"}],"author":[{"embeddable":true,"href":"https:\/\/stade28.net\/index.php\/wp-json\/wp\/v2\/users\/2"}],"replies":[{"embeddable":true,"href":"https:\/\/stade28.net\/index.php\/wp-json\/wp\/v2\/comments?post=3085"}],"version-history":[{"count":0,"href":"https:\/\/stade28.net\/index.php\/wp-json\/wp\/v2\/posts\/3085\/revisions"}],"wp:featuredmedia":[{"embeddable":true,"href":"https:\/\/stade28.net\/index.php\/wp-json\/wp\/v2\/media\/3086"}],"wp:attachment":[{"href":"https:\/\/stade28.net\/index.php\/wp-json\/wp\/v2\/media?parent=3085"}],"wp:term":[{"taxonomy":"category","embeddable":true,"href":"https:\/\/stade28.net\/index.php\/wp-json\/wp\/v2\/categories?post=3085"},{"taxonomy":"post_tag","embeddable":true,"href":"https:\/\/stade28.net\/index.php\/wp-json\/wp\/v2\/tags?post=3085"}],"curies":[{"name":"wp","href":"https:\/\/api.w.org\/{rel}","templated":true}]}}