{"id":3075,"date":"2025-02-18T14:08:08","date_gmt":"2025-02-18T13:08:08","guid":{"rendered":"https:\/\/stade28.net\/?p=3075"},"modified":"2025-02-20T14:52:18","modified_gmt":"2025-02-20T13:52:18","slug":"lecole-des-marches-publics-de-bamako-honore-le-directeur-general-de-larmp-guinee","status":"publish","type":"post","link":"https:\/\/stade28.net\/index.php\/lecole-des-marches-publics-de-bamako-honore-le-directeur-general-de-larmp-guinee\/","title":{"rendered":"L\u2019\u00e9cole des march\u00e9s publics de Bamako honore le Directeur G\u00e9n\u00e9ral de l\u2019ARMP Guin\u00e9e"},"content":{"rendered":"<div dir=\"auto\">La 6\u00e8me promotion de Master 2 en passation et gestion des march\u00e9s publics de l\u2019\u00c9cole Sup\u00e9rieure de Passation et Gestion des March\u00e9s Publics (ESPGMP) a choisi de porter le nom de M. Lamine Minos Camara, l\u2019actuel Directeur G\u00e9n\u00e9ral de l\u2019Autorit\u00e9 de R\u00e9gulation des March\u00e9s Publics de Guin\u00e9e. La c\u00e9r\u00e9monie s\u2019est d\u00e9roul\u00e9e le jeudi 13 f\u00e9vrier 2025 \u00e0 l\u2019h\u00f4tel de l\u2019Amiti\u00e9 de Bamako, en pr\u00e9sence de nombreuses personnalit\u00e9s.<\/div>\n<div dir=\"auto\"><\/div>\n<div dir=\"auto\"><\/div>\n<div dir=\"auto\">\ud835\udc02\ud835\udc0d\ud835\udc12\ud835\udc12 -GUIN\u00c9E : \ud835\udc14\ud835\udc0d \ud835\udc0f\ud835\udc0e\ud835\udc11\ud835\udc13\ud835\udc00\ud835\udc08\ud835\udc0b \ud835\udc08\ud835\udc0d\ud835\udc0d\ud835\udc0e\ud835\udc15\ud835\udc00\ud835\udc0d\ud835\udc13 \ud835\udc00\ud835\udc14 \ud835\udc12\ud835\udc04\ud835\udc11\ud835\udc15\ud835\udc08\ud835\udc02\ud835\udc04 \ud835\udc03\ud835\udc04\ud835\udc12 \ud835\udc04\ud835\udc0c\ud835\udc0f\ud835\udc0b\ud835\udc0e\ud835\udc18\ud835\udc04\ud835\udc14\ud835\udc11\ud835\udc12 \ud835\udc04\ud835\udc13 \ud835\udc03\ud835\udc04\ud835\udc12 \ud835\udc12\ud835\udc00\ud835\udc0b\ud835\udc00\ud835\udc11\ud835\udc08E\ud835\udc12 \ud835\udc06\ud835\udc14\ud835\udc08\ud835\udc0d\u00c9\ud835\udc04\ud835\udc0d\ud835\udc12<\/div>\n<div dir=\"auto\"><\/div>\n<div dir=\"auto\">Incendie \u00e0 Kaloum : La SONAP apporte des pr\u00e9cisions dans un communiqu\u00e9 officiel<\/div>\n<div dir=\"auto\"><\/div>\n<div dir=\"auto\">Une aubaine pour les m\u00e9nages : CIAO Guin\u00e9e r\u00e9duit drastiquement les prix du riz, de l\u2019oignon et de l\u2019huile avant le Ramadan !<\/div>\n<div dir=\"auto\"><\/div>\n<div dir=\"auto\">Cette promotion, compos\u00e9e d\u2019une vingtaine d\u2019auditeurs issus de diff\u00e9rents pays d\u2019Afrique de l\u2019Ouest, a plac\u00e9 au c\u0153ur de ses r\u00e9flexions la lutte contre la corruption dans les march\u00e9s publics. Le th\u00e8me retenu pour cette ann\u00e9e porte sur \u2013 \u00ab March\u00e9s Publics, Affaires priv\u00e9es : Osons la lutte contre la corruption et malversations diverses \u00bb \u2013 t\u00e9moigne de cette volont\u00e9 de r\u00e9forme.<\/div>\n<div dir=\"auto\">\u00ab L\u2019argent public n\u2019est pas un bien vacant et sans ma\u00eetre \u00bb, a rappel\u00e9 Mathieu Gnol\u00e9ba, fondateur de l\u2019ESPGMP, soulignant l\u2019importance de l\u2019\u00e9thique dans la formation. \u00ab Les cadres ne sont que des mandataires temporaires de la gestion des biens publics. Ils doivent faire preuve de rigueur et de transparence \u00bb, a-t-il ajout\u00e9.<\/div>\n<div dir=\"auto\">Le choix port\u00e9 sur M. Lamine Minos Camara comme parrain n\u2019est pas le fruit du hasard. Son parcours d\u2019expert dans plusieurs pays africains et son r\u00f4le actuel \u00e0 la t\u00eate de l\u2019ARMP de Guin\u00e9e ont pes\u00e9 dans la balance. Lors de son discours, il a rappel\u00e9 l\u2019importance strat\u00e9gique des march\u00e9s publics, qui repr\u00e9sentent \u00ab en moyenne un quart du budget national \u00bb dans les pays africains.<\/div>\n<div dir=\"auto\">La c\u00e9r\u00e9monie s\u2019est d\u00e9roul\u00e9e en pr\u00e9sence de personnalit\u00e9s de premier plan, notamment Me Ousmane Traor\u00e9, B\u00e2tonnier de l\u2019Ordre des Avocats du Mali et Pr\u00e9sident de l\u2019Association des Barreaux de l\u2019Afrique de l\u2019Ouest, ainsi que le V\u00e9rificateur G\u00e9n\u00e9ral Adjoint du Mali, Famory Keita.<\/div>\n<div dir=\"auto\">Cette initiative s\u2019inscrit dans un cadre plus large des r\u00e9formes engag\u00e9es depuis les ann\u00e9es 2000 pour moderniser les syst\u00e8mes de march\u00e9s publics en Afrique. L\u2019accent est mis sur la professionnalisation des acteurs et le renforcement des capacit\u00e9s, dans un souci de transparence et d\u2019efficacit\u00e9.<\/div>\n<div dir=\"auto\"><\/div>\n<div dir=\"auto\"><strong>COM ARMP<\/strong><\/div>\n","protected":false},"excerpt":{"rendered":"<p>La 6\u00e8me promotion de Master 2 en passation et gestion des march\u00e9s publics de l\u2019\u00c9cole Sup\u00e9rieure de Passation et Gestion des March\u00e9s Publics (ESPGMP) a choisi de porter le nom de M. Lamine Minos Camara, l\u2019actuel Directeur G\u00e9n\u00e9ral de l\u2019Autorit\u00e9 de R\u00e9gulation des March\u00e9s Publics de Guin\u00e9e. La c\u00e9r\u00e9monie s\u2019est d\u00e9roul\u00e9e le jeudi 13 f\u00e9vrier [&hellip;]<\/p>\n","protected":false},"author":2,"featured_media":3076,"comment_status":"closed","ping_status":"closed","sticky":false,"template":"","format":"standard","meta":{"footnotes":""},"categories":[4],"tags":[],"class_list":{"0":"post-3075","1":"post","2":"type-post","3":"status-publish","4":"format-standard","5":"has-post-thumbnail","7":"category-featured"},"aioseo_notices":[],"_links":{"self":[{"href":"https:\/\/stade28.net\/index.php\/wp-json\/wp\/v2\/posts\/3075","targetHints":{"allow":["GET"]}}],"collection":[{"href":"https:\/\/stade28.net\/index.php\/wp-json\/wp\/v2\/posts"}],"about":[{"href":"https:\/\/stade28.net\/index.php\/wp-json\/wp\/v2\/types\/post"}],"author":[{"embeddable":true,"href":"https:\/\/stade28.net\/index.php\/wp-json\/wp\/v2\/users\/2"}],"replies":[{"embeddable":true,"href":"https:\/\/stade28.net\/index.php\/wp-json\/wp\/v2\/comments?post=3075"}],"version-history":[{"count":0,"href":"https:\/\/stade28.net\/index.php\/wp-json\/wp\/v2\/posts\/3075\/revisions"}],"wp:featuredmedia":[{"embeddable":true,"href":"https:\/\/stade28.net\/index.php\/wp-json\/wp\/v2\/media\/3076"}],"wp:attachment":[{"href":"https:\/\/stade28.net\/index.php\/wp-json\/wp\/v2\/media?parent=3075"}],"wp:term":[{"taxonomy":"category","embeddable":true,"href":"https:\/\/stade28.net\/index.php\/wp-json\/wp\/v2\/categories?post=3075"},{"taxonomy":"post_tag","embeddable":true,"href":"https:\/\/stade28.net\/index.php\/wp-json\/wp\/v2\/tags?post=3075"}],"curies":[{"name":"wp","href":"https:\/\/api.w.org\/{rel}","templated":true}]}}