{"id":3072,"date":"2025-02-18T09:01:13","date_gmt":"2025-02-18T08:01:13","guid":{"rendered":"https:\/\/stade28.net\/?p=3072"},"modified":"2025-02-18T09:01:13","modified_gmt":"2025-02-18T08:01:13","slug":"cyclisme-la-presidente-de-la-federation-guineenne-hadja-aminata-mara-reelue-au-bureau-executif-de-la-confederation-africaine-de-cyclisme","status":"publish","type":"post","link":"https:\/\/stade28.net\/index.php\/cyclisme-la-presidente-de-la-federation-guineenne-hadja-aminata-mara-reelue-au-bureau-executif-de-la-confederation-africaine-de-cyclisme\/","title":{"rendered":"Cyclisme : La pr\u00e9sidente de la f\u00e9d\u00e9ration guin\u00e9enne, Hadja Aminata Mara, r\u00e9\u00e9lue au bureau ex\u00e9cutif de la Conf\u00e9d\u00e9ration Africaine de Cyclisme"},"content":{"rendered":"<p>C\u2019est une grande fiert\u00e9 pour la Guin\u00e9e. La pr\u00e9sidente de la F\u00e9d\u00e9ration Guin\u00e9enne de Cyclisme, Hadja Aminata Mara, a \u00e9t\u00e9 r\u00e9\u00e9lue au bureau ex\u00e9cutif de la Conf\u00e9d\u00e9ration Africaine de Cyclisme (CAC) lors de l\u2019assembl\u00e9e g\u00e9n\u00e9rale \u00e9lective tenue ce dimanche 16 f\u00e9vrier 2025 au Caire, en \u00c9gypte. La dirigeante du cyclisme guin\u00e9en a une fois de plus b\u00e9n\u00e9fici\u00e9 de la confiance de ses pairs pour un nouveau mandat de quatre ans, au cours duquel elle sera charg\u00e9e du cyclisme f\u00e9minin au sein de l\u2019instance continentale.<\/p>\n<p>Par ailleurs, l\u2019Ivoirien Yao Allah Kouam\u00e9 a \u00e9t\u00e9 \u00e9lu \u00e0 la t\u00eate d\u2019un bureau ex\u00e9cutif compos\u00e9 de dix membres pour un mandat de quatre ans. Le pr\u00e9sident de la F\u00e9d\u00e9ration Ivoirienne de Cyclisme a remport\u00e9 la victoire avec 25 voix contre 24 pour son adversaire, l\u2019\u00c9gyptien Dr Mohamed Wagh Azzam. Un bulletin nul a \u00e9galement \u00e9t\u00e9 enregistr\u00e9 lors du scrutin.<\/p>\n<p>Il est important de souligner que la r\u00e9\u00e9lection de la Guin\u00e9enne Hadja Aminata Mara au sein du bureau ex\u00e9cutif de la Conf\u00e9d\u00e9ration Africaine de Cyclisme t\u00e9moigne de la reconnaissance de son engagement et de ses efforts pour le d\u00e9veloppement du cyclisme en Afrique, en particulier en Guin\u00e9e, o\u00f9 elle pr\u00e9side la f\u00e9d\u00e9ration nationale.<\/p>\n<p><strong>Marif Youla\u00a0<\/strong><\/p>\n","protected":false},"excerpt":{"rendered":"<p>C\u2019est une grande fiert\u00e9 pour la Guin\u00e9e. La pr\u00e9sidente de la F\u00e9d\u00e9ration Guin\u00e9enne de Cyclisme, Hadja Aminata Mara, a \u00e9t\u00e9 r\u00e9\u00e9lue au bureau ex\u00e9cutif de la Conf\u00e9d\u00e9ration Africaine de Cyclisme (CAC) lors de l\u2019assembl\u00e9e g\u00e9n\u00e9rale \u00e9lective tenue ce dimanche 16 f\u00e9vrier 2025 au Caire, en \u00c9gypte. La dirigeante du cyclisme guin\u00e9en a une fois de [&hellip;]<\/p>\n","protected":false},"author":2,"featured_media":3073,"comment_status":"closed","ping_status":"closed","sticky":false,"template":"","format":"standard","meta":{"footnotes":""},"categories":[2],"tags":[],"class_list":{"0":"post-3072","1":"post","2":"type-post","3":"status-publish","4":"format-standard","5":"has-post-thumbnail","7":"category-news"},"aioseo_notices":[],"_links":{"self":[{"href":"https:\/\/stade28.net\/index.php\/wp-json\/wp\/v2\/posts\/3072","targetHints":{"allow":["GET"]}}],"collection":[{"href":"https:\/\/stade28.net\/index.php\/wp-json\/wp\/v2\/posts"}],"about":[{"href":"https:\/\/stade28.net\/index.php\/wp-json\/wp\/v2\/types\/post"}],"author":[{"embeddable":true,"href":"https:\/\/stade28.net\/index.php\/wp-json\/wp\/v2\/users\/2"}],"replies":[{"embeddable":true,"href":"https:\/\/stade28.net\/index.php\/wp-json\/wp\/v2\/comments?post=3072"}],"version-history":[{"count":0,"href":"https:\/\/stade28.net\/index.php\/wp-json\/wp\/v2\/posts\/3072\/revisions"}],"wp:featuredmedia":[{"embeddable":true,"href":"https:\/\/stade28.net\/index.php\/wp-json\/wp\/v2\/media\/3073"}],"wp:attachment":[{"href":"https:\/\/stade28.net\/index.php\/wp-json\/wp\/v2\/media?parent=3072"}],"wp:term":[{"taxonomy":"category","embeddable":true,"href":"https:\/\/stade28.net\/index.php\/wp-json\/wp\/v2\/categories?post=3072"},{"taxonomy":"post_tag","embeddable":true,"href":"https:\/\/stade28.net\/index.php\/wp-json\/wp\/v2\/tags?post=3072"}],"curies":[{"name":"wp","href":"https:\/\/api.w.org\/{rel}","templated":true}]}}