{"id":3022,"date":"2025-02-08T23:16:20","date_gmt":"2025-02-08T22:16:20","guid":{"rendered":"https:\/\/stade28.net\/?p=3022"},"modified":"2025-02-09T11:56:12","modified_gmt":"2025-02-09T10:56:12","slug":"guinee-la-feguifoot-et-la-fifa-posent-la-premiere-pierre-du-terrain-a-gazon-synthetique-de-mamou","status":"publish","type":"post","link":"https:\/\/stade28.net\/index.php\/guinee-la-feguifoot-et-la-fifa-posent-la-premiere-pierre-du-terrain-a-gazon-synthetique-de-mamou\/","title":{"rendered":"Guin\u00e9e : La Feguifoot et la FIFA posent la premi\u00e8re pierre du terrain \u00e0 gazon synth\u00e9tique de Mamou"},"content":{"rendered":"<p>Mamou, ce samedi 8 f\u00e9vrier 2025, la F\u00e9d\u00e9ration Guin\u00e9enne de Football (Feguifoot), sous l\u2019autorit\u00e9 de son pr\u00e9sident, Aboubacar Dinah Sampil, a franchi une nouvelle \u00e9tape dans le d\u00e9veloppement du football national avec le lancement officiel de la construction d\u2019un terrain de football \u00e0 gazon synth\u00e9tique de derni\u00e8re g\u00e9n\u00e9ration \u00e0 Mamou. Ce projet, situ\u00e9 dans le quartier Telico de la commune urbaine de Mamou, s\u2019inscrit dans le cadre du programme FIFA Forward, destin\u00e9 \u00e0 soutenir les infrastructures sportives en Guin\u00e9e.<\/p>\n<p>La c\u00e9r\u00e9monie de pose de la premi\u00e8re pierre s\u2019est d\u00e9roul\u00e9e en pr\u00e9sence des repr\u00e9sentants de la Feguifoot, des autorit\u00e9s politiques et sportives locales, ainsi que des habitants de Mamou. \u00c9taient \u00e9galement pr\u00e9sents le repr\u00e9sentant de la FIFA et celui du minist\u00e8re de la Jeunesse et des Sports de Guin\u00e9e.<\/p>\n<p><img loading=\"lazy\" decoding=\"async\" class=\"alignnone size-medium wp-image-3024\" src=\"https:\/\/stade28.net\/wp-content\/uploads\/2025\/02\/Messenger_creation_4C47971A-22FD-4F7F-A17E-63DA9B58102D-300x169.jpeg\" alt=\"\" width=\"300\" height=\"169\" srcset=\"https:\/\/stade28.net\/wp-content\/uploads\/2025\/02\/Messenger_creation_4C47971A-22FD-4F7F-A17E-63DA9B58102D-300x169.jpeg 300w, https:\/\/stade28.net\/wp-content\/uploads\/2025\/02\/Messenger_creation_4C47971A-22FD-4F7F-A17E-63DA9B58102D-1024x576.jpeg 1024w, https:\/\/stade28.net\/wp-content\/uploads\/2025\/02\/Messenger_creation_4C47971A-22FD-4F7F-A17E-63DA9B58102D-768x432.jpeg 768w, https:\/\/stade28.net\/wp-content\/uploads\/2025\/02\/Messenger_creation_4C47971A-22FD-4F7F-A17E-63DA9B58102D-1536x864.jpeg 1536w, https:\/\/stade28.net\/wp-content\/uploads\/2025\/02\/Messenger_creation_4C47971A-22FD-4F7F-A17E-63DA9B58102D-150x84.jpeg 150w, https:\/\/stade28.net\/wp-content\/uploads\/2025\/02\/Messenger_creation_4C47971A-22FD-4F7F-A17E-63DA9B58102D-696x392.jpeg 696w, https:\/\/stade28.net\/wp-content\/uploads\/2025\/02\/Messenger_creation_4C47971A-22FD-4F7F-A17E-63DA9B58102D-1068x601.jpeg 1068w, https:\/\/stade28.net\/wp-content\/uploads\/2025\/02\/Messenger_creation_4C47971A-22FD-4F7F-A17E-63DA9B58102D-1920x1080.jpeg 1920w, https:\/\/stade28.net\/wp-content\/uploads\/2025\/02\/Messenger_creation_4C47971A-22FD-4F7F-A17E-63DA9B58102D-747x420.jpeg 747w, https:\/\/stade28.net\/wp-content\/uploads\/2025\/02\/Messenger_creation_4C47971A-22FD-4F7F-A17E-63DA9B58102D-610x343.jpeg 610w, https:\/\/stade28.net\/wp-content\/uploads\/2025\/02\/Messenger_creation_4C47971A-22FD-4F7F-A17E-63DA9B58102D.jpeg 2048w\" sizes=\"auto, (max-width: 300px) 100vw, 300px\" \/>Dans son allocution, le secr\u00e9taire g\u00e9n\u00e9ral de la Feguifoot a soulign\u00e9 l\u2019importance de ce projet pour le d\u00e9veloppement du football et des communaut\u00e9s locales : \u00ab Ces terrains synth\u00e9tiques seront des lieux de rassemblement, de coh\u00e9sion sociale et d\u2019\u00e9panouissement pour les populations. Ils permettront de d\u00e9tecter et de former les futurs champions de la Guin\u00e9e, tout en offrant \u00e0 nos jeunes un cadre sain et structur\u00e9 pour pratiquer leur passion. \u00bb<\/p>\n<p>Il a \u00e9galement rappel\u00e9 que ce projet s\u2019inscrit dans un plan strat\u00e9gique quadriennal visant \u00e0 moderniser les infrastructures footballistiques du pays : \u00ab Notre objectif est clair : faire de la Guin\u00e9e une nation footballistique comp\u00e9titive et respect\u00e9e sur le plan continental et international. Pour y parvenir, nous misons sur la modernisation des infrastructures, la formation des acteurs du football et la promotion de notre sport \u00e0 tous les niveaux. \u00bb<\/p>\n<p><strong>Un projet ambitieux port\u00e9 par des partenariats internationaux<\/strong><\/p>\n<p><img loading=\"lazy\" decoding=\"async\" class=\"alignnone size-medium wp-image-3025\" src=\"https:\/\/stade28.net\/wp-content\/uploads\/2025\/02\/Messenger_creation_3D5F4EEE-9E83-4533-9B98-30F2311545C3-300x169.jpeg\" alt=\"\" width=\"300\" height=\"169\" srcset=\"https:\/\/stade28.net\/wp-content\/uploads\/2025\/02\/Messenger_creation_3D5F4EEE-9E83-4533-9B98-30F2311545C3-300x169.jpeg 300w, https:\/\/stade28.net\/wp-content\/uploads\/2025\/02\/Messenger_creation_3D5F4EEE-9E83-4533-9B98-30F2311545C3-1024x576.jpeg 1024w, https:\/\/stade28.net\/wp-content\/uploads\/2025\/02\/Messenger_creation_3D5F4EEE-9E83-4533-9B98-30F2311545C3-768x432.jpeg 768w, https:\/\/stade28.net\/wp-content\/uploads\/2025\/02\/Messenger_creation_3D5F4EEE-9E83-4533-9B98-30F2311545C3-1536x864.jpeg 1536w, https:\/\/stade28.net\/wp-content\/uploads\/2025\/02\/Messenger_creation_3D5F4EEE-9E83-4533-9B98-30F2311545C3-150x84.jpeg 150w, https:\/\/stade28.net\/wp-content\/uploads\/2025\/02\/Messenger_creation_3D5F4EEE-9E83-4533-9B98-30F2311545C3-696x392.jpeg 696w, https:\/\/stade28.net\/wp-content\/uploads\/2025\/02\/Messenger_creation_3D5F4EEE-9E83-4533-9B98-30F2311545C3-1068x601.jpeg 1068w, https:\/\/stade28.net\/wp-content\/uploads\/2025\/02\/Messenger_creation_3D5F4EEE-9E83-4533-9B98-30F2311545C3-1920x1080.jpeg 1920w, https:\/\/stade28.net\/wp-content\/uploads\/2025\/02\/Messenger_creation_3D5F4EEE-9E83-4533-9B98-30F2311545C3-747x420.jpeg 747w, https:\/\/stade28.net\/wp-content\/uploads\/2025\/02\/Messenger_creation_3D5F4EEE-9E83-4533-9B98-30F2311545C3-610x343.jpeg 610w, https:\/\/stade28.net\/wp-content\/uploads\/2025\/02\/Messenger_creation_3D5F4EEE-9E83-4533-9B98-30F2311545C3.jpeg 2048w\" sizes=\"auto, (max-width: 300px) 100vw, 300px\" \/><\/p>\n<p>Le repr\u00e9sentant de l\u2019entreprise n\u00e9erlandaise EDEL GRASS BV, charg\u00e9e de la construction du terrain, a d\u00e9taill\u00e9 les \u00e9tapes du projet : \u00ab Nous avons \u00e9t\u00e9 retenus \u00e0 la suite d\u2019un appel d\u2019offres pour la r\u00e9alisation de trois terrains \u00e0 gazon synth\u00e9tique \u00e0 Mamou, Faranah et N\u2019Z\u00e9r\u00e9kor\u00e9. Les travaux d\u00e9buteront la premi\u00e8re semaine de mars 2025 et s\u2019\u00e9taleront sur une dur\u00e9e de dix mois. Ce terrain respectera les normes FIFA de derni\u00e8re g\u00e9n\u00e9ration et sera \u00e9quip\u00e9 de buts, de garde-balles, de buts mobiles et d\u2019une cl\u00f4ture de s\u00e9curit\u00e9. \u00bb ,explique Camille AKONON<\/p>\n<p><strong>Une initiative salu\u00e9e par les populations locales<\/strong><\/p>\n<p><img loading=\"lazy\" decoding=\"async\" class=\"alignnone size-medium wp-image-3026\" src=\"https:\/\/stade28.net\/wp-content\/uploads\/2025\/02\/Messenger_creation_650699427395525-300x169.jpeg\" alt=\"\" width=\"300\" height=\"169\" srcset=\"https:\/\/stade28.net\/wp-content\/uploads\/2025\/02\/Messenger_creation_650699427395525-300x169.jpeg 300w, https:\/\/stade28.net\/wp-content\/uploads\/2025\/02\/Messenger_creation_650699427395525-1024x576.jpeg 1024w, https:\/\/stade28.net\/wp-content\/uploads\/2025\/02\/Messenger_creation_650699427395525-768x432.jpeg 768w, https:\/\/stade28.net\/wp-content\/uploads\/2025\/02\/Messenger_creation_650699427395525-1536x864.jpeg 1536w, https:\/\/stade28.net\/wp-content\/uploads\/2025\/02\/Messenger_creation_650699427395525-150x84.jpeg 150w, https:\/\/stade28.net\/wp-content\/uploads\/2025\/02\/Messenger_creation_650699427395525-696x392.jpeg 696w, https:\/\/stade28.net\/wp-content\/uploads\/2025\/02\/Messenger_creation_650699427395525-1068x601.jpeg 1068w, https:\/\/stade28.net\/wp-content\/uploads\/2025\/02\/Messenger_creation_650699427395525-1920x1080.jpeg 1920w, https:\/\/stade28.net\/wp-content\/uploads\/2025\/02\/Messenger_creation_650699427395525-747x420.jpeg 747w, https:\/\/stade28.net\/wp-content\/uploads\/2025\/02\/Messenger_creation_650699427395525-610x343.jpeg 610w, https:\/\/stade28.net\/wp-content\/uploads\/2025\/02\/Messenger_creation_650699427395525.jpeg 2016w\" sizes=\"auto, (max-width: 300px) 100vw, 300px\" \/><\/p>\n<p>\u00c9mu par cette initiative, le pr\u00e9sident de la jeunesse du quartier Telico a exprim\u00e9 sa gratitude au nom des habitants : \u00ab Nous remercions profond\u00e9ment la FIFA pour ce projet qui offrira un cadre ad\u00e9quat \u00e0 nos jeunes talents, dynamisera le football local et renforcera la coh\u00e9sion sociale dans notre r\u00e9gion. \u00c0 nos autorit\u00e9s nationales et locales, nous disons merci pour votre soutien. Ce stade est le n\u00f4tre, prenons-en soin et faisons-en un symbole de r\u00e9ussite et de fiert\u00e9 pour notre r\u00e9gion et notre pays.\u00bb<\/p>\n<p><strong>Un engagement fort de la FIFA et des autorit\u00e9s guin\u00e9ennes<\/strong><\/p>\n<p><img loading=\"lazy\" decoding=\"async\" class=\"alignnone size-medium wp-image-3027\" src=\"https:\/\/stade28.net\/wp-content\/uploads\/2025\/02\/Messenger_creation_F72C5112-009A-4F18-9494-58474AF67A1A-300x169.jpeg\" alt=\"\" width=\"300\" height=\"169\" srcset=\"https:\/\/stade28.net\/wp-content\/uploads\/2025\/02\/Messenger_creation_F72C5112-009A-4F18-9494-58474AF67A1A-300x169.jpeg 300w, https:\/\/stade28.net\/wp-content\/uploads\/2025\/02\/Messenger_creation_F72C5112-009A-4F18-9494-58474AF67A1A-1024x576.jpeg 1024w, https:\/\/stade28.net\/wp-content\/uploads\/2025\/02\/Messenger_creation_F72C5112-009A-4F18-9494-58474AF67A1A-768x432.jpeg 768w, https:\/\/stade28.net\/wp-content\/uploads\/2025\/02\/Messenger_creation_F72C5112-009A-4F18-9494-58474AF67A1A-1536x864.jpeg 1536w, https:\/\/stade28.net\/wp-content\/uploads\/2025\/02\/Messenger_creation_F72C5112-009A-4F18-9494-58474AF67A1A-150x84.jpeg 150w, https:\/\/stade28.net\/wp-content\/uploads\/2025\/02\/Messenger_creation_F72C5112-009A-4F18-9494-58474AF67A1A-696x392.jpeg 696w, https:\/\/stade28.net\/wp-content\/uploads\/2025\/02\/Messenger_creation_F72C5112-009A-4F18-9494-58474AF67A1A-1068x601.jpeg 1068w, https:\/\/stade28.net\/wp-content\/uploads\/2025\/02\/Messenger_creation_F72C5112-009A-4F18-9494-58474AF67A1A-1920x1080.jpeg 1920w, https:\/\/stade28.net\/wp-content\/uploads\/2025\/02\/Messenger_creation_F72C5112-009A-4F18-9494-58474AF67A1A-747x420.jpeg 747w, https:\/\/stade28.net\/wp-content\/uploads\/2025\/02\/Messenger_creation_F72C5112-009A-4F18-9494-58474AF67A1A-610x343.jpeg 610w, https:\/\/stade28.net\/wp-content\/uploads\/2025\/02\/Messenger_creation_F72C5112-009A-4F18-9494-58474AF67A1A.jpeg 2048w\" sizes=\"auto, (max-width: 300px) 100vw, 300px\" \/><\/p>\n<p>Pour le repr\u00e9sentant de la FIFA, El Hadj Wack Diop, chef du bureau r\u00e9gional de Dakar, ce projet t\u00e9moigne de la d\u00e9termination de la nouvelle \u00e9quipe dirigeante de la Feguifoot : \u00ab La construction de ces trois terrains est un acte d\u2019une grande port\u00e9e. Cela refl\u00e8te la volont\u00e9 du comit\u00e9 ex\u00e9cutif de la Feguifoot de hisser le football guin\u00e9en \u00e0 un niveau sup\u00e9rieur. \u00bb<\/p>\n<p><img loading=\"lazy\" decoding=\"async\" class=\"alignnone size-medium wp-image-3029\" src=\"https:\/\/stade28.net\/wp-content\/uploads\/2025\/02\/received_3767272426917792-300x169.jpeg\" alt=\"\" width=\"300\" height=\"169\" srcset=\"https:\/\/stade28.net\/wp-content\/uploads\/2025\/02\/received_3767272426917792-300x169.jpeg 300w, https:\/\/stade28.net\/wp-content\/uploads\/2025\/02\/received_3767272426917792-1024x576.jpeg 1024w, https:\/\/stade28.net\/wp-content\/uploads\/2025\/02\/received_3767272426917792-768x432.jpeg 768w, https:\/\/stade28.net\/wp-content\/uploads\/2025\/02\/received_3767272426917792-1536x864.jpeg 1536w, https:\/\/stade28.net\/wp-content\/uploads\/2025\/02\/received_3767272426917792-150x84.jpeg 150w, https:\/\/stade28.net\/wp-content\/uploads\/2025\/02\/received_3767272426917792-696x392.jpeg 696w, https:\/\/stade28.net\/wp-content\/uploads\/2025\/02\/received_3767272426917792-1068x601.jpeg 1068w, https:\/\/stade28.net\/wp-content\/uploads\/2025\/02\/received_3767272426917792-1920x1080.jpeg 1920w, https:\/\/stade28.net\/wp-content\/uploads\/2025\/02\/received_3767272426917792-747x420.jpeg 747w, https:\/\/stade28.net\/wp-content\/uploads\/2025\/02\/received_3767272426917792-610x343.jpeg 610w, https:\/\/stade28.net\/wp-content\/uploads\/2025\/02\/received_3767272426917792.jpeg 2016w\" sizes=\"auto, (max-width: 300px) 100vw, 300px\" \/><\/p>\n<p>De son c\u00f4t\u00e9, Mamadou Aliou Sory Barry, directeur national adjoint des Sports et des Activit\u00e9s physiques, a rappel\u00e9 l\u2019engagement du chef de l\u2019\u00c9tat en faveur de la jeunesse : \u00ab Les projets footballistiques qui avancent \u00e0 travers le pays montrent que la jeunesse et le sport sont une priorit\u00e9. En plus de ce stade \u00e0 Mamou, ceux de Faranah et N\u2019Z\u00e9r\u00e9kor\u00e9, financ\u00e9s par la FIFA, t\u00e9moignent de notre engagement \u00e0 d\u00e9velopper des infrastructures de proximit\u00e9. \u00bb<\/p>\n<p><strong>Un projet structurant pour le football guin\u00e9en<\/strong><\/p>\n<p>Les travaux du terrain de Mamou d\u00e9buteront en mars 2025 et s\u2019ach\u00e8veront d\u2019ici dix mois. Ce projet, enti\u00e8rement financ\u00e9 par le programme FIFA Forward \u00e0 hauteur de 1 585 000 dollars US, pr\u00e9voit \u00e9galement la construction de deux autres terrains \u00e0 Faranah et N\u2019Z\u00e9r\u00e9kor\u00e9. Les poses de premi\u00e8re pierre pour ces deux sites sont pr\u00e9vues dans les prochains jours.<\/p>\n<p>Ce projet s\u2019inscrit dans une dynamique de d\u00e9veloppement du football guin\u00e9en, visant \u00e0 offrir des infrastructures modernes et accessibles pour les jeunes talents et les communaut\u00e9s locales.<\/p>\n<p><strong>Marif Youla, envoy\u00e9 sp\u00e9cial \u00e0 Mamou pour Stade28.net<\/strong><\/p>\n","protected":false},"excerpt":{"rendered":"<p>Mamou, ce samedi 8 f\u00e9vrier 2025, la F\u00e9d\u00e9ration Guin\u00e9enne de Football (Feguifoot), sous l\u2019autorit\u00e9 de son pr\u00e9sident, Aboubacar Dinah Sampil, a franchi une nouvelle \u00e9tape dans le d\u00e9veloppement du football national avec le lancement officiel de la construction d\u2019un terrain de football \u00e0 gazon synth\u00e9tique de derni\u00e8re g\u00e9n\u00e9ration \u00e0 Mamou. Ce projet, situ\u00e9 dans le [&hellip;]<\/p>\n","protected":false},"author":2,"featured_media":3023,"comment_status":"closed","ping_status":"closed","sticky":false,"template":"","format":"standard","meta":{"footnotes":""},"categories":[2],"tags":[],"class_list":{"0":"post-3022","1":"post","2":"type-post","3":"status-publish","4":"format-standard","5":"has-post-thumbnail","7":"category-news"},"aioseo_notices":[],"_links":{"self":[{"href":"https:\/\/stade28.net\/index.php\/wp-json\/wp\/v2\/posts\/3022","targetHints":{"allow":["GET"]}}],"collection":[{"href":"https:\/\/stade28.net\/index.php\/wp-json\/wp\/v2\/posts"}],"about":[{"href":"https:\/\/stade28.net\/index.php\/wp-json\/wp\/v2\/types\/post"}],"author":[{"embeddable":true,"href":"https:\/\/stade28.net\/index.php\/wp-json\/wp\/v2\/users\/2"}],"replies":[{"embeddable":true,"href":"https:\/\/stade28.net\/index.php\/wp-json\/wp\/v2\/comments?post=3022"}],"version-history":[{"count":0,"href":"https:\/\/stade28.net\/index.php\/wp-json\/wp\/v2\/posts\/3022\/revisions"}],"wp:featuredmedia":[{"embeddable":true,"href":"https:\/\/stade28.net\/index.php\/wp-json\/wp\/v2\/media\/3023"}],"wp:attachment":[{"href":"https:\/\/stade28.net\/index.php\/wp-json\/wp\/v2\/media?parent=3022"}],"wp:term":[{"taxonomy":"category","embeddable":true,"href":"https:\/\/stade28.net\/index.php\/wp-json\/wp\/v2\/categories?post=3022"},{"taxonomy":"post_tag","embeddable":true,"href":"https:\/\/stade28.net\/index.php\/wp-json\/wp\/v2\/tags?post=3022"}],"curies":[{"name":"wp","href":"https:\/\/api.w.org\/{rel}","templated":true}]}}