{"id":3010,"date":"2025-02-06T18:59:38","date_gmt":"2025-02-06T17:59:38","guid":{"rendered":"https:\/\/stade28.net\/?p=3010"},"modified":"2025-02-06T18:59:38","modified_gmt":"2025-02-06T17:59:38","slug":"fmf-fgf-les-compliments-du-president-de-la-federation-malgache-de-football-a-lendroit-de-celui-de-la-fgf-aboubacar-sampil","status":"publish","type":"post","link":"https:\/\/stade28.net\/index.php\/fmf-fgf-les-compliments-du-president-de-la-federation-malgache-de-football-a-lendroit-de-celui-de-la-fgf-aboubacar-sampil\/","title":{"rendered":"FMF-FGF: Les compliments du pr\u00e9sident de la f\u00e9d\u00e9ration malgache de football \u00e0 l\u2019endroit de celui de la FGF, Aboubacar Sampil !"},"content":{"rendered":"<div dir=\"auto\">Le travail bien fait est toujours reconnu! Le 16 janvier dernier, le pr\u00e9sident de la FGF, Aboubacar Sampil, en sa qualit\u00e9 d\u2019invit\u00e9 de marque, participait \u00e0 la pose de la premi\u00e8re du CTNF de C\u00f4te d\u2019Ivoire (Centre technique national de football), \u00e0 Bingerville. Comme lui, beaucoup d\u2019autres grandes personnalit\u00e9s du monde du football et des pr\u00e9sidents des f\u00e9d\u00e9rations sportives du continent \u00e9taient pr\u00e9sents, dont notamment le pr\u00e9sident de la FMF (F\u00e9d\u00e9ration malgache de football), Alfred RANDRIAMANAMPISOA.Lors de la r\u00e9union des 33 pr\u00e9sidents pr\u00e9sents en C\u00f4te d\u2019Ivoire, tous ont \u00e9t\u00e9 impressionn\u00e9s de la connaissance du football du pr\u00e9sident de la FGF, Aboubacar Sampil.Et, le pr\u00e9sident de la f\u00e9d\u00e9 malgache de football n\u2019a pas h\u00e9sit\u00e9 de le rappeler.Ainsi, plusieurs semaines apr\u00e8s cette rencontre en terre ivoirienne, le pr\u00e9sident de la FMF a envoy\u00e9 un courrier de remerciements et de reconnaissance \u00e0 l\u2019endroit de celui de son comp\u00e8re de la Guin\u00e9e, le mercredi 5 f\u00e9vrier 2025. Dans le courrier, monsieur Alfred RANDRIAMANAMPISO, a reconnu que ce fut un honneur et un r\u00e9el plaisir d\u2019avoir rencontr\u00e9 monsieur Sampil lors de la c\u00e9r\u00e9monie de la pose de la premi\u00e8re pierre du Centre Technique National de la F\u00e9d\u00e9ration Ivoirienne de Football.Selon lui, la vision \u00e9clair\u00e9e et l\u2019engagement constant d\u2019Aboubacar Sampil en faveur du progr\u00e8s de notre sport l\u2019ont particuli\u00e8rement impressionn\u00e9.Et d\u2019ajouter qu\u2019il serait honor\u00e9 de pouvoir poursuivre ces \u00e9changes, dans l\u2019optique de renforcer leurs liens et d\u2019explorer ensemble des opportunit\u00e9s de coop\u00e9ration fructueuse.<\/div>\n<div dir=\"auto\"><\/div>\n<div dir=\"auto\"><strong>Voici int\u00e9gralement cette lettre de reconnaissance du pr\u00e9sident de la FMF \u00e0 l\u2019endroit du pr\u00e9sident de la FGF Aboubacar Sampil :<\/strong><\/div>\n<div dir=\"auto\"><img loading=\"lazy\" decoding=\"async\" class=\"alignnone size-medium wp-image-3012\" src=\"https:\/\/stade28.net\/wp-content\/uploads\/2025\/02\/Screenshot_20250206_165301_Gmail-750x1198-1-188x300.jpg\" alt=\"\" width=\"188\" height=\"300\" srcset=\"https:\/\/stade28.net\/wp-content\/uploads\/2025\/02\/Screenshot_20250206_165301_Gmail-750x1198-1-188x300.jpg 188w, https:\/\/stade28.net\/wp-content\/uploads\/2025\/02\/Screenshot_20250206_165301_Gmail-750x1198-1-641x1024.jpg 641w, https:\/\/stade28.net\/wp-content\/uploads\/2025\/02\/Screenshot_20250206_165301_Gmail-750x1198-1-150x240.jpg 150w, https:\/\/stade28.net\/wp-content\/uploads\/2025\/02\/Screenshot_20250206_165301_Gmail-750x1198-1-300x479.jpg 300w, https:\/\/stade28.net\/wp-content\/uploads\/2025\/02\/Screenshot_20250206_165301_Gmail-750x1198-1-696x1112.jpg 696w, https:\/\/stade28.net\/wp-content\/uploads\/2025\/02\/Screenshot_20250206_165301_Gmail-750x1198-1-263x420.jpg 263w, https:\/\/stade28.net\/wp-content\/uploads\/2025\/02\/Screenshot_20250206_165301_Gmail-750x1198-1-610x974.jpg 610w, https:\/\/stade28.net\/wp-content\/uploads\/2025\/02\/Screenshot_20250206_165301_Gmail-750x1198-1.jpg 750w\" sizes=\"auto, (max-width: 188px) 100vw, 188px\" \/><\/div>\n<div dir=\"auto\"><strong>Source ; Coupfranc224.com<\/strong><\/div>\n","protected":false},"excerpt":{"rendered":"<p>Le travail bien fait est toujours reconnu! Le 16 janvier dernier, le pr\u00e9sident de la FGF, Aboubacar Sampil, en sa qualit\u00e9 d\u2019invit\u00e9 de marque, participait \u00e0 la pose de la premi\u00e8re du CTNF de C\u00f4te d\u2019Ivoire (Centre technique national de football), \u00e0 Bingerville. Comme lui, beaucoup d\u2019autres grandes personnalit\u00e9s du monde du football et des [&hellip;]<\/p>\n","protected":false},"author":2,"featured_media":3011,"comment_status":"closed","ping_status":"closed","sticky":false,"template":"","format":"standard","meta":{"footnotes":""},"categories":[2],"tags":[],"class_list":{"0":"post-3010","1":"post","2":"type-post","3":"status-publish","4":"format-standard","5":"has-post-thumbnail","7":"category-news"},"aioseo_notices":[],"_links":{"self":[{"href":"https:\/\/stade28.net\/index.php\/wp-json\/wp\/v2\/posts\/3010","targetHints":{"allow":["GET"]}}],"collection":[{"href":"https:\/\/stade28.net\/index.php\/wp-json\/wp\/v2\/posts"}],"about":[{"href":"https:\/\/stade28.net\/index.php\/wp-json\/wp\/v2\/types\/post"}],"author":[{"embeddable":true,"href":"https:\/\/stade28.net\/index.php\/wp-json\/wp\/v2\/users\/2"}],"replies":[{"embeddable":true,"href":"https:\/\/stade28.net\/index.php\/wp-json\/wp\/v2\/comments?post=3010"}],"version-history":[{"count":0,"href":"https:\/\/stade28.net\/index.php\/wp-json\/wp\/v2\/posts\/3010\/revisions"}],"wp:featuredmedia":[{"embeddable":true,"href":"https:\/\/stade28.net\/index.php\/wp-json\/wp\/v2\/media\/3011"}],"wp:attachment":[{"href":"https:\/\/stade28.net\/index.php\/wp-json\/wp\/v2\/media?parent=3010"}],"wp:term":[{"taxonomy":"category","embeddable":true,"href":"https:\/\/stade28.net\/index.php\/wp-json\/wp\/v2\/categories?post=3010"},{"taxonomy":"post_tag","embeddable":true,"href":"https:\/\/stade28.net\/index.php\/wp-json\/wp\/v2\/tags?post=3010"}],"curies":[{"name":"wp","href":"https:\/\/api.w.org\/{rel}","templated":true}]}}