{"id":3002,"date":"2025-02-06T01:54:14","date_gmt":"2025-02-06T00:54:14","guid":{"rendered":"https:\/\/stade28.net\/?p=3002"},"modified":"2025-02-06T02:06:30","modified_gmt":"2025-02-06T01:06:30","slug":"feguifoot-la-guinee-dispose-desormais-de-six-6-instructeurs-caf","status":"publish","type":"post","link":"https:\/\/stade28.net\/index.php\/feguifoot-la-guinee-dispose-desormais-de-six-6-instructeurs-caf\/","title":{"rendered":"Feguifoot : La Guin\u00e9e dispose d\u00e9sormais de six (6) instructeurs CAF !"},"content":{"rendered":"<p>La formation organis\u00e9e \u00e0 l\u2019intention des instructeurs CAF guin\u00e9ens s\u2019est achev\u00e9e ce mercredi 5 f\u00e9vrier 2025 \u00e0 Conakry. La c\u00e9r\u00e9monie de cl\u00f4ture s\u2019est d\u00e9roul\u00e9e en pr\u00e9sence du secr\u00e9taire g\u00e9n\u00e9ral de la F\u00e9d\u00e9ration Guin\u00e9enne de Football (F\u00e9guifoot) Ibrahima Blasco Barry , du repr\u00e9sentant du minist\u00e8re des Sports et de la Jeunesse Mamadou Aliou Sory Barry,\u00a0 ainsi que du directeur technique national de la F\u00e9guifoot, Kanfory Lapp\u00e9 Bangoura.<\/p>\n<p>Cette initiative de la Conf\u00e9d\u00e9ration Africaine de Football (CAF), men\u00e9e sous la supervision de l\u2019instructeur malien Mohamed Magassouba, a \u00e9t\u00e9 marqu\u00e9e par un esprit d\u2019apprentissage et de collaboration tout au long des dix jours de formation. Lors de son discours, Mohamed Magassouba a exprim\u00e9 sa satisfaction quant \u00e0 l\u2019engagement des participants et a soulign\u00e9 l\u2019importance de cette formation pour l\u2019avenir du football guin\u00e9en.<\/p>\n<p><img loading=\"lazy\" decoding=\"async\" class=\"alignnone size-medium wp-image-3007\" src=\"https:\/\/stade28.net\/wp-content\/uploads\/2025\/02\/FB_IMG_1738803488949-300x200.jpg\" alt=\"\" width=\"300\" height=\"200\" srcset=\"https:\/\/stade28.net\/wp-content\/uploads\/2025\/02\/FB_IMG_1738803488949-300x200.jpg 300w, https:\/\/stade28.net\/wp-content\/uploads\/2025\/02\/FB_IMG_1738803488949-150x100.jpg 150w, https:\/\/stade28.net\/wp-content\/uploads\/2025\/02\/FB_IMG_1738803488949-696x464.jpg 696w, https:\/\/stade28.net\/wp-content\/uploads\/2025\/02\/FB_IMG_1738803488949-630x420.jpg 630w, https:\/\/stade28.net\/wp-content\/uploads\/2025\/02\/FB_IMG_1738803488949-610x407.jpg 610w, https:\/\/stade28.net\/wp-content\/uploads\/2025\/02\/FB_IMG_1738803488949.jpg 720w\" sizes=\"auto, (max-width: 300px) 100vw, 300px\" \/>\u00ab Nous voici au terme de huit jours de formation intense. Nous vous avons dot\u00e9s de nouveaux outils pour transmettre votre savoir aux entra\u00eeneurs, qui \u00e0 leur tour pourront le partager avec ceux qui en ont besoin. Nous sommes convaincus que vous en serez capables. En tant qu\u2019instructeurs de football, faites de la connaissance votre arme pour relever le niveau du football guin\u00e9en. Pour moi, ces ann\u00e9es de retard ont \u00e9t\u00e9 combl\u00e9es gr\u00e2ce \u00e0 cette formation. Le football guin\u00e9en est riche en talents et en ressources humaines. Ce genre de formation est essentiel pour valoriser ces potentiels. Les connaissances que vous avez acquises vont dans ce sens \u00bb, a-t-il d\u00e9clar\u00e9.<\/p>\n<p>Mamadouba Sylla Gaucher, porte-parole des b\u00e9n\u00e9ficiaires, a exprim\u00e9 sa gratitude envers la F\u00e9guifoot et la Direction Technique Nationale (DTN) pour avoir rendu possible cette formation apr\u00e8s huit ann\u00e9es d\u2019attente. Il a \u00e9galement remerci\u00e9 le formateur Mohamed Magassouba pour les dix jours de stage qui ont permis aux participants de se doter d\u2019outils essentiels pour un meilleur rendement sur le terrain.<\/p>\n<p>\u00ab Nous avons eu l\u2019opportunit\u00e9 de suivre des travaux de formation de haut niveau. La DTN et la F\u00e9guifoot, apr\u00e8s huit ann\u00e9es d\u2019attente, nous ont enfin permis de participer \u00e0 cette formation. Nous remercions le formateur Mohamed Magassouba pour ces dix jours de stage qui nous ont outill\u00e9s pour un meilleur rendement sur le terrain. Une nouvelle \u00e8re s\u2019ouvre avec cette grande premi\u00e8re en Guin\u00e9e. Nous ferons bon usage de cette formation pour contribuer \u00e0 la r\u00e9ussite du football guin\u00e9en \u00bb, a-t-il affirm\u00e9.<\/p>\n<p><img loading=\"lazy\" decoding=\"async\" class=\"alignnone size-medium wp-image-3005\" src=\"https:\/\/stade28.net\/wp-content\/uploads\/2025\/02\/FB_IMG_1738803484220-300x200.jpg\" alt=\"\" width=\"300\" height=\"200\" srcset=\"https:\/\/stade28.net\/wp-content\/uploads\/2025\/02\/FB_IMG_1738803484220-300x200.jpg 300w, https:\/\/stade28.net\/wp-content\/uploads\/2025\/02\/FB_IMG_1738803484220-150x100.jpg 150w, https:\/\/stade28.net\/wp-content\/uploads\/2025\/02\/FB_IMG_1738803484220-696x464.jpg 696w, https:\/\/stade28.net\/wp-content\/uploads\/2025\/02\/FB_IMG_1738803484220-630x420.jpg 630w, https:\/\/stade28.net\/wp-content\/uploads\/2025\/02\/FB_IMG_1738803484220-610x407.jpg 610w, https:\/\/stade28.net\/wp-content\/uploads\/2025\/02\/FB_IMG_1738803484220.jpg 720w\" sizes=\"auto, (max-width: 300px) 100vw, 300px\" \/>Dans son allocution de cl\u00f4ture, le secr\u00e9taire g\u00e9n\u00e9ral de la F\u00e9guifoot, Ibrahima Blasco Barry, a rappel\u00e9 que ce type de formation est une priorit\u00e9 pour la f\u00e9d\u00e9ration. Il a soulign\u00e9 l\u2019importance de hisser le niveau des acteurs du football guin\u00e9en afin d\u2019obtenir des retomb\u00e9es positives pour l\u2019ensemble du football national.<\/p>\n<p>\u00ab Ce genre de formation est une priorit\u00e9 pour la F\u00e9d\u00e9ration Guin\u00e9enne de Football. Nous devons continuer \u00e0 investir dans la formation pour \u00e9lever le niveau de nos acteurs et, in fine, obtenir des retomb\u00e9es positives pour le football guin\u00e9en \u00bb, a-t-il d\u00e9clar\u00e9.<\/p>\n<p>Avec cette formation, la Guin\u00e9e dispose d\u00e9sormais de six nouveaux instructeurs CAF, pr\u00eats \u00e0 transmettre leurs connaissances et \u00e0 contribuer au d\u00e9veloppement du football national. Cette initiative marque un tournant important pour le football guin\u00e9en, qui aspire \u00e0 se hisser parmi les meilleurs sur le continent africain.<\/p>\n<p><strong>Ibrahima Limbita Camara<\/strong><\/p>\n","protected":false},"excerpt":{"rendered":"<p>La formation organis\u00e9e \u00e0 l\u2019intention des instructeurs CAF guin\u00e9ens s\u2019est achev\u00e9e ce mercredi 5 f\u00e9vrier 2025 \u00e0 Conakry. La c\u00e9r\u00e9monie de cl\u00f4ture s\u2019est d\u00e9roul\u00e9e en pr\u00e9sence du secr\u00e9taire g\u00e9n\u00e9ral de la F\u00e9d\u00e9ration Guin\u00e9enne de Football (F\u00e9guifoot) Ibrahima Blasco Barry , du repr\u00e9sentant du minist\u00e8re des Sports et de la Jeunesse Mamadou Aliou Sory Barry,\u00a0 ainsi [&hellip;]<\/p>\n","protected":false},"author":2,"featured_media":3003,"comment_status":"closed","ping_status":"closed","sticky":false,"template":"","format":"standard","meta":{"footnotes":""},"categories":[2],"tags":[],"class_list":{"0":"post-3002","1":"post","2":"type-post","3":"status-publish","4":"format-standard","5":"has-post-thumbnail","7":"category-news"},"aioseo_notices":[],"_links":{"self":[{"href":"https:\/\/stade28.net\/index.php\/wp-json\/wp\/v2\/posts\/3002","targetHints":{"allow":["GET"]}}],"collection":[{"href":"https:\/\/stade28.net\/index.php\/wp-json\/wp\/v2\/posts"}],"about":[{"href":"https:\/\/stade28.net\/index.php\/wp-json\/wp\/v2\/types\/post"}],"author":[{"embeddable":true,"href":"https:\/\/stade28.net\/index.php\/wp-json\/wp\/v2\/users\/2"}],"replies":[{"embeddable":true,"href":"https:\/\/stade28.net\/index.php\/wp-json\/wp\/v2\/comments?post=3002"}],"version-history":[{"count":0,"href":"https:\/\/stade28.net\/index.php\/wp-json\/wp\/v2\/posts\/3002\/revisions"}],"wp:featuredmedia":[{"embeddable":true,"href":"https:\/\/stade28.net\/index.php\/wp-json\/wp\/v2\/media\/3003"}],"wp:attachment":[{"href":"https:\/\/stade28.net\/index.php\/wp-json\/wp\/v2\/media?parent=3002"}],"wp:term":[{"taxonomy":"category","embeddable":true,"href":"https:\/\/stade28.net\/index.php\/wp-json\/wp\/v2\/categories?post=3002"},{"taxonomy":"post_tag","embeddable":true,"href":"https:\/\/stade28.net\/index.php\/wp-json\/wp\/v2\/tags?post=3002"}],"curies":[{"name":"wp","href":"https:\/\/api.w.org\/{rel}","templated":true}]}}