{"id":2965,"date":"2025-02-04T10:37:34","date_gmt":"2025-02-04T09:37:34","guid":{"rendered":"https:\/\/stade28.net\/?p=2965"},"modified":"2025-02-04T10:37:34","modified_gmt":"2025-02-04T09:37:34","slug":"chan-2025-criteres-de-licence-la-caf-fait-marche-arriere-souleymane-camara-abedi-et-son-adjoint-reviennent-sur-le-banc-du-syli","status":"publish","type":"post","link":"https:\/\/stade28.net\/index.php\/chan-2025-criteres-de-licence-la-caf-fait-marche-arriere-souleymane-camara-abedi-et-son-adjoint-reviennent-sur-le-banc-du-syli\/","title":{"rendered":"CHAN 2025 \/crit\u00e8res de licence : la CAF fait marche arri\u00e8re , Souleymane Camara \u00ab\u00a0Abedi\u00a0\u00bb et son adjoint reviennent sur le banc du Syli !"},"content":{"rendered":"<p>Apr\u00e8s avoir annonc\u00e9 la proc\u00e9dure et les crit\u00e8res de licences exigibles pour les S\u00e9lectionneurs Principaux et les Entra\u00eeneurs Adjoints des \u00c9quipes Nationales A\u2019 devant participer \u00e0 la phase finale de la 8\u00e8me \u00e9dition du Championnat d\u2019Afrique des Nations, pr\u00e9vu du 02 au 30 ao\u00fbt 2025 en Ouganda, en Tanzanie et au Kenya , la conf\u00e9d\u00e9ration Africaine de Football s\u2019est finalement rendu compte que nombreux sont les s\u00e9lections qui risquaient de devoir changer leur staff qui pourtant avaient qualifi\u00e9 l\u2019\u00e9quipe \u00e0 la comp\u00e9tition ne disposent pas de licence A et licence A pro : \u00a0\u00bb Cette r\u00e9\u00e9valuation proc\u00e8de d\u2019une mission d\u2019information du Pr\u00e9sident de la F\u00e9d\u00e9ration \u00e0 Rabat, en marge de la c\u00e9r\u00e9monie de tirage au sort de la CAN Maroc 2025 et de l\u2019\u00e9valuation du dernier d\u00e9veloppement de la situation au niveau de la CAF qui, bien qu\u2019ayant envisag\u00e9 ces crit\u00e8res dans le cadre de la professionnalisation du football en Afrique, ne d\u00e9cide pas de l\u2019appliquer en ce moment et ce, jusqu\u2019\u00e0 nouvel ordre .\u00a0\u00bb a indiqu\u00e9 la F\u00e9guifoot \u00e0 travers un courrier rendu public ce lundi 3 f\u00e9vrier 2025 .<\/p>\n<p>\u00a0\u00bb Le mail envoy\u00e9 \u00e0 la F\u00e9d\u00e9ration Guin\u00e9enne de Football par le D\u00e9partement Technique et D\u00e9veloppement de la CAF est rappel\u00e9 par celui-ci, pour notifier finalement que toute d\u00e9cision d\u00e9finitive relative aux crit\u00e8res de licence d\u2019entra\u00eeneur pour le CHAN, sera envoy\u00e9e aux Associations Nationales \u00e0 temps utile \u00a0\u00bb . A- t-elle rench\u00e9ri.<\/p>\n<p>Et poursuivant, la F\u00e9guifoot dira dans son courrier \u00a0\u00bb En consid\u00e9ration de cette nouvelle donne, soutenue par la volont\u00e9 r\u00e9affirm\u00e9e de l\u2019ensemble des Membres du COMEX et de la Direction Technique Nationale, de porter leur confiance au S\u00e9lectionneur Monsieur Souleymane Abedi Camara ainsi qu\u2019\u00e0 son Adjoint Monsieur Guillaume Soumah, qui ont eu le m\u00e9rite de qualifier la Guin\u00e9e au CHAN, le Comit\u00e9 d\u00e9cide de r\u00e9investir sa confiance aux deux Entra\u00eeneurs cit\u00e9s plus haut, en vue de conduire dans la s\u00e9r\u00e9nit\u00e9, notre S\u00e9lection Nationale A\u2019 \u00e0 la phase finale du prochain Championnat d\u2019Afrique des Nations pr\u00e9vue du 02 au 30 ao\u00fbt 2025.\u00a0\u00bb<\/p>\n<p>Pour clore , la F\u00e9guifoot a r\u00e9affirm\u00e9 son engagement pour la formation de ces deux entra\u00eeneurs locaux \u00a0\u00bb En s\u2019inscrivant dans son ambitieux programme de formation des entra\u00eeneurs et \u00e9ducateurs de football, le Comit\u00e9 Ex\u00e9cutif et la Direction Technique Nationale ne m\u00e9nageront aucun effort pour accompagner ces deux entra\u00eeneurs et bien d\u2019autres encore, afin qu\u2019ils disposent de licences requises pour diriger toutes cat\u00e9gories de clubs et d\u2019\u00e9quipes nationales.\u00a0\u00bb<\/p>\n","protected":false},"excerpt":{"rendered":"<p>Apr\u00e8s avoir annonc\u00e9 la proc\u00e9dure et les crit\u00e8res de licences exigibles pour les S\u00e9lectionneurs Principaux et les Entra\u00eeneurs Adjoints des \u00c9quipes Nationales A\u2019 devant participer \u00e0 la phase finale de la 8\u00e8me \u00e9dition du Championnat d\u2019Afrique des Nations, pr\u00e9vu du 02 au 30 ao\u00fbt 2025 en Ouganda, en Tanzanie et au Kenya , la conf\u00e9d\u00e9ration [&hellip;]<\/p>\n","protected":false},"author":2,"featured_media":2966,"comment_status":"closed","ping_status":"closed","sticky":false,"template":"","format":"standard","meta":{"footnotes":""},"categories":[2],"tags":[],"class_list":{"0":"post-2965","1":"post","2":"type-post","3":"status-publish","4":"format-standard","5":"has-post-thumbnail","7":"category-news"},"aioseo_notices":[],"_links":{"self":[{"href":"https:\/\/stade28.net\/index.php\/wp-json\/wp\/v2\/posts\/2965","targetHints":{"allow":["GET"]}}],"collection":[{"href":"https:\/\/stade28.net\/index.php\/wp-json\/wp\/v2\/posts"}],"about":[{"href":"https:\/\/stade28.net\/index.php\/wp-json\/wp\/v2\/types\/post"}],"author":[{"embeddable":true,"href":"https:\/\/stade28.net\/index.php\/wp-json\/wp\/v2\/users\/2"}],"replies":[{"embeddable":true,"href":"https:\/\/stade28.net\/index.php\/wp-json\/wp\/v2\/comments?post=2965"}],"version-history":[{"count":0,"href":"https:\/\/stade28.net\/index.php\/wp-json\/wp\/v2\/posts\/2965\/revisions"}],"wp:featuredmedia":[{"embeddable":true,"href":"https:\/\/stade28.net\/index.php\/wp-json\/wp\/v2\/media\/2966"}],"wp:attachment":[{"href":"https:\/\/stade28.net\/index.php\/wp-json\/wp\/v2\/media?parent=2965"}],"wp:term":[{"taxonomy":"category","embeddable":true,"href":"https:\/\/stade28.net\/index.php\/wp-json\/wp\/v2\/categories?post=2965"},{"taxonomy":"post_tag","embeddable":true,"href":"https:\/\/stade28.net\/index.php\/wp-json\/wp\/v2\/tags?post=2965"}],"curies":[{"name":"wp","href":"https:\/\/api.w.org\/{rel}","templated":true}]}}