{"id":2943,"date":"2025-01-31T12:24:03","date_gmt":"2025-01-31T11:24:03","guid":{"rendered":"https:\/\/stade28.net\/?p=2943"},"modified":"2025-01-31T21:03:17","modified_gmt":"2025-01-31T20:03:17","slug":"guinee-crise-a-la-federation-de-boxe-le-silence-du-ministre-keamou-bogola-haba-inquiete-plus-dun","status":"publish","type":"post","link":"https:\/\/stade28.net\/index.php\/guinee-crise-a-la-federation-de-boxe-le-silence-du-ministre-keamou-bogola-haba-inquiete-plus-dun\/","title":{"rendered":"Guin\u00e9e : Crise \u00e0 la F\u00e9d\u00e9ration de Boxe, le silence du ministre K\u00e9amou Bogola Haba inqui\u00e8te plus d\u2019un !"},"content":{"rendered":"<p>\u00c0 l\u2019heure o\u00f9 nous r\u00e9digeons ces lignes, la F\u00e9d\u00e9ration guin\u00e9enne de boxe se trouve sans direction. Une crise persistante secoue l\u2019institution depuis plusieurs mois. Une \u00e9crasante majorit\u00e9 des clubs membres statutaires (13\/14) a d\u00e9savou\u00e9 le pr\u00e9sident Alpha Amadou Bald\u00e9, invoquant des motifs jug\u00e9s inappropri\u00e9s au regard des statuts et r\u00e8glements int\u00e9rieurs de la f\u00e9d\u00e9ration. Cette situation a conduit \u00e0 la mise en place d\u2019un bureau provisoire charg\u00e9 d\u2019assurer la gestion des affaires courantes en attendant l\u2019organisation d\u2019\u00e9lections transparentes et cr\u00e9dibles, accept\u00e9es par toutes les parties prenantes.<\/p>\n<p>Le camp oppos\u00e9 au pr\u00e9sident sortant a saisi le minist\u00e8re de tutelle, en l\u2019occurrence le minist\u00e8re de la Jeunesse et des Sports, dirig\u00e9 par M. K\u00e9amou Bogola Haba. L\u2019affaire a \u00e9t\u00e9 confi\u00e9e \u00e0 la Direction nationale des activit\u00e9s physiques et sportives pour \u00e9claircir la situation en toute impartialit\u00e9. Cependant, contre toute attente, le camp contest\u00e9\u00a0 a \u00e9t\u00e9 re\u00e7u par le ministre Bogola en compagnie du pr\u00e9sident controvers\u00e9 de la Conf\u00e9d\u00e9ration africaine de boxe, l\u2019\u00c9thiopien Eyassu Wossen.<\/p>\n<p>Cette rencontre a suscit\u00e9 de vives critiques. Certains y voient une prise de position partiale du ministre, voire une ing\u00e9rence dans le dossier. Pour d\u2019autres, le ministre aurait d\u00fb profiter de la pr\u00e9sence du pr\u00e9sident de la Conf\u00e9d\u00e9ration africaine pour jouer un r\u00f4le de m\u00e9diateur et rassembler les deux parties. Cette initiative a renforc\u00e9 le m\u00e9contentement du camp oppos\u00e9 \u00e0 Alpha Amadou\u00a0 Bald\u00e9. Plus grave encore, depuis cette audience, ni le ministre ni la direction technique n\u2019ont pris de mesures concr\u00e8tes pour relancer le dossier et r\u00e9soudre le conflit qui paralyse la f\u00e9d\u00e9ration.<\/p>\n<p>Pendant ce temps, le pr\u00e9sident contest\u00e9, Alpha Amadou Bald\u00e9, continue d\u2019\u00eatre pr\u00e9sent \u00e0 divers \u00e9v\u00e9nements organis\u00e9s par le minist\u00e8re des Sports, tandis que les repr\u00e9sentants de la majorit\u00e9 des clubs membres statutaires se sentent d\u00e9laiss\u00e9s, sans aucun contact ni dialogue avec les autorit\u00e9s. Le silence du ministre face \u00e0 cette crise qui affecte profond\u00e9ment la boxe guin\u00e9enne interroge et inqui\u00e8te.<\/p>\n<p>Face \u00e0 cette situation, de nombreux observateurs pointent du doigt l\u2019impartialit\u00e9 et l\u2019inaction du ministre K\u00e9amou Bogola Haba. Ils appellent ce dernier \u00e0 intervenir directement, comme il l\u2019a fait dans le pass\u00e9 pour r\u00e9soudre la crise au sein de la F\u00e9d\u00e9ration guin\u00e9enne de basketball, afin de mettre fin \u00e0 ce bras de fer et de permettre \u00e0 la boxe guin\u00e9enne de retrouver son dynamisme. Il est essentiel que les responsabilit\u00e9s soient clarifi\u00e9es et que la pratique de cette discipline reprenne son essor dans un climat apais\u00e9.<\/p>\n<p>Affaire \u00e0 suivre\u2026<\/p>\n<p><strong>Marif Youla\u00a0<\/strong><\/p>\n","protected":false},"excerpt":{"rendered":"<p>\u00c0 l\u2019heure o\u00f9 nous r\u00e9digeons ces lignes, la F\u00e9d\u00e9ration guin\u00e9enne de boxe se trouve sans direction. Une crise persistante secoue l\u2019institution depuis plusieurs mois. Une \u00e9crasante majorit\u00e9 des clubs membres statutaires (13\/14) a d\u00e9savou\u00e9 le pr\u00e9sident Alpha Amadou Bald\u00e9, invoquant des motifs jug\u00e9s inappropri\u00e9s au regard des statuts et r\u00e8glements int\u00e9rieurs de la f\u00e9d\u00e9ration. Cette [&hellip;]<\/p>\n","protected":false},"author":2,"featured_media":2950,"comment_status":"closed","ping_status":"closed","sticky":false,"template":"","format":"standard","meta":{"footnotes":""},"categories":[2],"tags":[],"class_list":{"0":"post-2943","1":"post","2":"type-post","3":"status-publish","4":"format-standard","5":"has-post-thumbnail","7":"category-news"},"aioseo_notices":[],"_links":{"self":[{"href":"https:\/\/stade28.net\/index.php\/wp-json\/wp\/v2\/posts\/2943","targetHints":{"allow":["GET"]}}],"collection":[{"href":"https:\/\/stade28.net\/index.php\/wp-json\/wp\/v2\/posts"}],"about":[{"href":"https:\/\/stade28.net\/index.php\/wp-json\/wp\/v2\/types\/post"}],"author":[{"embeddable":true,"href":"https:\/\/stade28.net\/index.php\/wp-json\/wp\/v2\/users\/2"}],"replies":[{"embeddable":true,"href":"https:\/\/stade28.net\/index.php\/wp-json\/wp\/v2\/comments?post=2943"}],"version-history":[{"count":0,"href":"https:\/\/stade28.net\/index.php\/wp-json\/wp\/v2\/posts\/2943\/revisions"}],"wp:featuredmedia":[{"embeddable":true,"href":"https:\/\/stade28.net\/index.php\/wp-json\/wp\/v2\/media\/2950"}],"wp:attachment":[{"href":"https:\/\/stade28.net\/index.php\/wp-json\/wp\/v2\/media?parent=2943"}],"wp:term":[{"taxonomy":"category","embeddable":true,"href":"https:\/\/stade28.net\/index.php\/wp-json\/wp\/v2\/categories?post=2943"},{"taxonomy":"post_tag","embeddable":true,"href":"https:\/\/stade28.net\/index.php\/wp-json\/wp\/v2\/tags?post=2943"}],"curies":[{"name":"wp","href":"https:\/\/api.w.org\/{rel}","templated":true}]}}