{"id":2927,"date":"2025-01-28T19:47:51","date_gmt":"2025-01-28T18:47:51","guid":{"rendered":"https:\/\/stade28.net\/?p=2927"},"modified":"2025-01-28T20:07:00","modified_gmt":"2025-01-28T19:07:00","slug":"football-entraineurs-coup-denvoi-de-la-formation-des-nouveaux-instructeurs-caf-en-guinee","status":"publish","type":"post","link":"https:\/\/stade28.net\/index.php\/football-entraineurs-coup-denvoi-de-la-formation-des-nouveaux-instructeurs-caf-en-guinee\/","title":{"rendered":"Football &#8211; Entra\u00eeneurs : Coup d\u2019envoi de la formation des nouveaux instructeurs CAF en Guin\u00e9e"},"content":{"rendered":"<p>Ce lundi 28 janvier 2025, la formation des nouveaux instructeurs CAF de Guin\u00e9e a d\u00e9but\u00e9 au centre sportif Souleymane Ch\u00e9rif de Nongo, dans la commune de Ratoma, \u00e0 Conakry. Cette initiative, pilot\u00e9e par la F\u00e9d\u00e9ration Guin\u00e9enne de Football (F\u00e9guifoot) \u00e0 travers sa Direction Technique Nationale (DTN) et en collaboration avec la Conf\u00e9d\u00e9ration Africaine de Football (CAF), regroupe six participants, dont une femme.<\/p>\n<p><strong>Une formation sous la direction de Mohamed Magassouba<\/strong><\/p>\n<p>La formation est dirig\u00e9e par Mohamed Magassouba, instructeur CAF et ancien s\u00e9lectionneur des Aigles du Mali. Il est accompagn\u00e9 par Mohamed Kanfory Lapp\u00e9 Bangoura, Directeur Technique National de la F\u00e9guifoot.<\/p>\n<p>La c\u00e9r\u00e9monie d\u2019ouverture a \u00e9t\u00e9 pr\u00e9sid\u00e9e par le Secr\u00e9taire G\u00e9n\u00e9ral de la F\u00e9guifoot, Ibrahima Blasco Barry, qui \u00e9tait assist\u00e9 de son adjoint, Aboubacar Tour\u00e9, ainsi que du Directeur National Adjoint des Sports et des Activit\u00e9s Physiques du Minist\u00e8re de la Jeunesse et des Sports ,Mamadou Aliou Sory Barry . Plusieurs autres invit\u00e9s \u00e9taient pr\u00e9sents pour marquer l\u2019importance de cet \u00e9v\u00e9nement.<\/p>\n<p><strong>Discours d\u2019ouverture : vers un d\u00e9veloppement strat\u00e9gique<\/strong><\/p>\n<p>Lors de son allocution, le Directeur Technique National, Mohamed Kanfory Lapp\u00e9 Bangoura, a salu\u00e9 l\u2019effort consenti par la F\u00e9guifoot pour promouvoir la formation, tout en soulignant l\u2019importance de la politique gouvernementale visant \u00e0 d\u00e9velopper le football \u00e0 la base :<\/p>\n<p><img loading=\"lazy\" decoding=\"async\" class=\"alignnone size-medium wp-image-2930\" src=\"https:\/\/stade28.net\/wp-content\/uploads\/2025\/01\/Messenger_creation_623648463366447-1-300x169.jpeg\" alt=\"\" width=\"300\" height=\"169\" srcset=\"https:\/\/stade28.net\/wp-content\/uploads\/2025\/01\/Messenger_creation_623648463366447-1-300x169.jpeg 300w, https:\/\/stade28.net\/wp-content\/uploads\/2025\/01\/Messenger_creation_623648463366447-1-1024x576.jpeg 1024w, https:\/\/stade28.net\/wp-content\/uploads\/2025\/01\/Messenger_creation_623648463366447-1-768x432.jpeg 768w, https:\/\/stade28.net\/wp-content\/uploads\/2025\/01\/Messenger_creation_623648463366447-1-1536x864.jpeg 1536w, https:\/\/stade28.net\/wp-content\/uploads\/2025\/01\/Messenger_creation_623648463366447-1-150x84.jpeg 150w, https:\/\/stade28.net\/wp-content\/uploads\/2025\/01\/Messenger_creation_623648463366447-1-696x392.jpeg 696w, https:\/\/stade28.net\/wp-content\/uploads\/2025\/01\/Messenger_creation_623648463366447-1-1068x601.jpeg 1068w, https:\/\/stade28.net\/wp-content\/uploads\/2025\/01\/Messenger_creation_623648463366447-1-1920x1080.jpeg 1920w, https:\/\/stade28.net\/wp-content\/uploads\/2025\/01\/Messenger_creation_623648463366447-1-747x420.jpeg 747w, https:\/\/stade28.net\/wp-content\/uploads\/2025\/01\/Messenger_creation_623648463366447-1-610x343.jpeg 610w, https:\/\/stade28.net\/wp-content\/uploads\/2025\/01\/Messenger_creation_623648463366447-1.jpeg 2016w\" sizes=\"auto, (max-width: 300px) 100vw, 300px\" \/>\u00ab Nous devons remercier la F\u00e9guifoot pour ses initiatives. La formation constitue le socle du d\u00e9veloppement du football \u00e0 tous les niveaux. \u00bb<\/p>\n<p>De son c\u00f4t\u00e9, le Secr\u00e9taire G\u00e9n\u00e9ral de la F\u00e9guifoot, Ibrahima Blasco Barry, a mis en lumi\u00e8re les projets futurs de son institution et l\u2019importance des sessions de formation comme celle-ci :<\/p>\n<p><img loading=\"lazy\" decoding=\"async\" class=\"alignnone size-medium wp-image-2932\" src=\"https:\/\/stade28.net\/wp-content\/uploads\/2025\/01\/Messenger_creation_646071387869512-1-246x300.jpeg\" alt=\"\" width=\"246\" height=\"300\" srcset=\"https:\/\/stade28.net\/wp-content\/uploads\/2025\/01\/Messenger_creation_646071387869512-1-246x300.jpeg 246w, https:\/\/stade28.net\/wp-content\/uploads\/2025\/01\/Messenger_creation_646071387869512-1-839x1024.jpeg 839w, https:\/\/stade28.net\/wp-content\/uploads\/2025\/01\/Messenger_creation_646071387869512-1-768x938.jpeg 768w, https:\/\/stade28.net\/wp-content\/uploads\/2025\/01\/Messenger_creation_646071387869512-1-1258x1536.jpeg 1258w, https:\/\/stade28.net\/wp-content\/uploads\/2025\/01\/Messenger_creation_646071387869512-1-150x183.jpeg 150w, https:\/\/stade28.net\/wp-content\/uploads\/2025\/01\/Messenger_creation_646071387869512-1-300x366.jpeg 300w, https:\/\/stade28.net\/wp-content\/uploads\/2025\/01\/Messenger_creation_646071387869512-1-696x850.jpeg 696w, https:\/\/stade28.net\/wp-content\/uploads\/2025\/01\/Messenger_creation_646071387869512-1-1068x1304.jpeg 1068w, https:\/\/stade28.net\/wp-content\/uploads\/2025\/01\/Messenger_creation_646071387869512-1-344x420.jpeg 344w, https:\/\/stade28.net\/wp-content\/uploads\/2025\/01\/Messenger_creation_646071387869512-1-610x745.jpeg 610w, https:\/\/stade28.net\/wp-content\/uploads\/2025\/01\/Messenger_creation_646071387869512-1.jpeg 1416w\" sizes=\"auto, (max-width: 246px) 100vw, 246px\" \/>&lt;&lt;\u00a0Nous faisons face \u00e0 un besoin urgent de former davantage d\u2019instructeurs. Cette session, qui concerne six participants, vise \u00e0 leur transmettre les comp\u00e9tences n\u00e9cessaires pour former des entra\u00eeneurs \u00e0 l\u2019\u00e9chelle nationale et r\u00e9gionale. Elle s\u2019inscrit dans la strat\u00e9gie de la F\u00e9guifoot pour satisfaire la forte demande en formation des entra\u00eeneurs et \u00e9ducateurs. \u00bb<\/p>\n<p>Il a \u00e9galement rappel\u00e9 que cette initiative r\u00e9pond aux exigences de la convention entre la CAF et ses f\u00e9d\u00e9rations membres, laquelle met l\u2019accent sur la formation de formateurs pour accompagner le d\u00e9veloppement du football sur le continent.<\/p>\n<p><strong>L\u2019instructeur Magassouba : former pour transformer<\/strong><\/p>\n<p>Prenant la parole, Mohamed Magassouba a insist\u00e9 sur l\u2019importance de cette formation pour b\u00e2tir un vivier de formateurs comp\u00e9tents :<\/p>\n<p><img loading=\"lazy\" decoding=\"async\" class=\"alignnone size-medium wp-image-2934\" src=\"https:\/\/stade28.net\/wp-content\/uploads\/2025\/01\/Messenger_creation_509931934967877-300x263.jpeg\" alt=\"\" width=\"300\" height=\"263\" srcset=\"https:\/\/stade28.net\/wp-content\/uploads\/2025\/01\/Messenger_creation_509931934967877-300x263.jpeg 300w, https:\/\/stade28.net\/wp-content\/uploads\/2025\/01\/Messenger_creation_509931934967877-768x674.jpeg 768w, https:\/\/stade28.net\/wp-content\/uploads\/2025\/01\/Messenger_creation_509931934967877-150x132.jpeg 150w, https:\/\/stade28.net\/wp-content\/uploads\/2025\/01\/Messenger_creation_509931934967877-696x611.jpeg 696w, https:\/\/stade28.net\/wp-content\/uploads\/2025\/01\/Messenger_creation_509931934967877-478x420.jpeg 478w, https:\/\/stade28.net\/wp-content\/uploads\/2025\/01\/Messenger_creation_509931934967877-610x535.jpeg 610w, https:\/\/stade28.net\/wp-content\/uploads\/2025\/01\/Messenger_creation_509931934967877.jpeg 966w\" sizes=\"auto, (max-width: 300px) 100vw, 300px\" \/><\/p>\n<p>\u00ab Cette formation vise \u00e0 former des formateurs capables de transmettre leurs savoirs. Elle est centr\u00e9e sur l\u2019apprenant, le jeu et l\u2019environnement local. Nous vous exhortons \u00e0 faire preuve de r\u00e9gularit\u00e9, d\u2019assiduit\u00e9 et d\u2019abn\u00e9gation, car un formateur bien form\u00e9 est un acteur de changement. \u00bb<\/p>\n<p><strong>Engagement des participants<\/strong><\/p>\n<p>Au nom des stagiaires, Mme C\u00e9cile Benjanie Kourouma a exprim\u00e9 sa gratitude envers les organisateurs et partenaires :<\/p>\n<p><img loading=\"lazy\" decoding=\"async\" class=\"alignnone size-medium wp-image-2935\" src=\"https:\/\/stade28.net\/wp-content\/uploads\/2025\/01\/Messenger_creation_986700316674130-300x169.jpeg\" alt=\"\" width=\"300\" height=\"169\" srcset=\"https:\/\/stade28.net\/wp-content\/uploads\/2025\/01\/Messenger_creation_986700316674130-300x169.jpeg 300w, https:\/\/stade28.net\/wp-content\/uploads\/2025\/01\/Messenger_creation_986700316674130-1024x576.jpeg 1024w, https:\/\/stade28.net\/wp-content\/uploads\/2025\/01\/Messenger_creation_986700316674130-768x432.jpeg 768w, https:\/\/stade28.net\/wp-content\/uploads\/2025\/01\/Messenger_creation_986700316674130-1536x864.jpeg 1536w, https:\/\/stade28.net\/wp-content\/uploads\/2025\/01\/Messenger_creation_986700316674130-150x84.jpeg 150w, https:\/\/stade28.net\/wp-content\/uploads\/2025\/01\/Messenger_creation_986700316674130-696x392.jpeg 696w, https:\/\/stade28.net\/wp-content\/uploads\/2025\/01\/Messenger_creation_986700316674130-1068x601.jpeg 1068w, https:\/\/stade28.net\/wp-content\/uploads\/2025\/01\/Messenger_creation_986700316674130-1920x1080.jpeg 1920w, https:\/\/stade28.net\/wp-content\/uploads\/2025\/01\/Messenger_creation_986700316674130-747x420.jpeg 747w, https:\/\/stade28.net\/wp-content\/uploads\/2025\/01\/Messenger_creation_986700316674130-610x343.jpeg 610w, https:\/\/stade28.net\/wp-content\/uploads\/2025\/01\/Messenger_creation_986700316674130.jpeg 2016w\" sizes=\"auto, (max-width: 300px) 100vw, 300px\" \/><\/p>\n<p>\u00ab Nous remercions la CAF, le gouvernement guin\u00e9en, la F\u00e9guifoot, et tous ceux qui ont rendu possible cette formation. Nous nous engageons \u00e0 en faire bon usage pour contribuer \u00e0 l\u2019essor du football guin\u00e9en. \u00bb<\/p>\n<p><strong>Un soutien du Minist\u00e8re des Sports<\/strong><\/p>\n<p>Le Directeur National Adjoint des Sports, repr\u00e9sentant le Minist\u00e8re de la Jeunesse et des Sports,Mamadou Aliou Sory Barry, a salu\u00e9 les efforts de la F\u00e9guifoot pour le d\u00e9veloppement du football :<\/p>\n<p><img loading=\"lazy\" decoding=\"async\" class=\"alignnone size-medium wp-image-2936\" src=\"https:\/\/stade28.net\/wp-content\/uploads\/2025\/01\/Messenger_creation_629962466073652-300x285.jpeg\" alt=\"\" width=\"300\" height=\"285\" srcset=\"https:\/\/stade28.net\/wp-content\/uploads\/2025\/01\/Messenger_creation_629962466073652-300x285.jpeg 300w, https:\/\/stade28.net\/wp-content\/uploads\/2025\/01\/Messenger_creation_629962466073652-1024x974.jpeg 1024w, https:\/\/stade28.net\/wp-content\/uploads\/2025\/01\/Messenger_creation_629962466073652-768x731.jpeg 768w, https:\/\/stade28.net\/wp-content\/uploads\/2025\/01\/Messenger_creation_629962466073652-1536x1461.jpeg 1536w, https:\/\/stade28.net\/wp-content\/uploads\/2025\/01\/Messenger_creation_629962466073652-150x143.jpeg 150w, https:\/\/stade28.net\/wp-content\/uploads\/2025\/01\/Messenger_creation_629962466073652-696x662.jpeg 696w, https:\/\/stade28.net\/wp-content\/uploads\/2025\/01\/Messenger_creation_629962466073652-1068x1016.jpeg 1068w, https:\/\/stade28.net\/wp-content\/uploads\/2025\/01\/Messenger_creation_629962466073652-1920x1826.jpeg 1920w, https:\/\/stade28.net\/wp-content\/uploads\/2025\/01\/Messenger_creation_629962466073652-442x420.jpeg 442w, https:\/\/stade28.net\/wp-content\/uploads\/2025\/01\/Messenger_creation_629962466073652-610x580.jpeg 610w, https:\/\/stade28.net\/wp-content\/uploads\/2025\/01\/Messenger_creation_629962466073652.jpeg 2048w\" sizes=\"auto, (max-width: 300px) 100vw, 300px\" \/><\/p>\n<p>\u00ab Cette formation t\u00e9moigne de l\u2019engagement de la F\u00e9guifoot pour structurer le football guin\u00e9en, non seulement pour les joueurs, mais aussi pour les formateurs. Une telle initiative est essentielle pour r\u00e9pondre aux aspirations de la jeunesse. \u00bb<\/p>\n<p><strong>Un rendez-vous in\u00e9dit pour le football guin\u00e9en<\/strong><\/p>\n<p>Cette formation, qui se d\u00e9roulera du 28 janvier au 6 f\u00e9vrier 2025, constitue une premi\u00e8re en Guin\u00e9e. \u00c0 l\u2019issue de ce stage, les participants obtiendront des certificats d\u2019instructeurs CAF, les habilitant \u00e0 dispenser des formations dans tout le pays.<\/p>\n<p>Avec cette initiative, la F\u00e9guifoot r\u00e9affirme son engagement en faveur du renforcement des capacit\u00e9s des acteurs du football et de la professionnalisation de la discipline en Guin\u00e9e.<\/p>\n<p><img loading=\"lazy\" decoding=\"async\" class=\"alignnone size-medium wp-image-2937\" src=\"https:\/\/stade28.net\/wp-content\/uploads\/2025\/01\/Messenger_creation_9023170757769023-300x169.jpeg\" alt=\"\" width=\"300\" height=\"169\" srcset=\"https:\/\/stade28.net\/wp-content\/uploads\/2025\/01\/Messenger_creation_9023170757769023-300x169.jpeg 300w, https:\/\/stade28.net\/wp-content\/uploads\/2025\/01\/Messenger_creation_9023170757769023-1024x576.jpeg 1024w, https:\/\/stade28.net\/wp-content\/uploads\/2025\/01\/Messenger_creation_9023170757769023-768x432.jpeg 768w, https:\/\/stade28.net\/wp-content\/uploads\/2025\/01\/Messenger_creation_9023170757769023-1536x864.jpeg 1536w, https:\/\/stade28.net\/wp-content\/uploads\/2025\/01\/Messenger_creation_9023170757769023-150x84.jpeg 150w, https:\/\/stade28.net\/wp-content\/uploads\/2025\/01\/Messenger_creation_9023170757769023-696x392.jpeg 696w, https:\/\/stade28.net\/wp-content\/uploads\/2025\/01\/Messenger_creation_9023170757769023-1068x601.jpeg 1068w, https:\/\/stade28.net\/wp-content\/uploads\/2025\/01\/Messenger_creation_9023170757769023-1920x1080.jpeg 1920w, https:\/\/stade28.net\/wp-content\/uploads\/2025\/01\/Messenger_creation_9023170757769023-747x420.jpeg 747w, https:\/\/stade28.net\/wp-content\/uploads\/2025\/01\/Messenger_creation_9023170757769023-610x343.jpeg 610w, https:\/\/stade28.net\/wp-content\/uploads\/2025\/01\/Messenger_creation_9023170757769023.jpeg 2016w\" sizes=\"auto, (max-width: 300px) 100vw, 300px\" \/><\/p>\n<p><img loading=\"lazy\" decoding=\"async\" class=\"alignnone size-medium wp-image-2938\" src=\"https:\/\/stade28.net\/wp-content\/uploads\/2025\/01\/Messenger_creation_1346949370070220-300x169.jpeg\" alt=\"\" width=\"300\" height=\"169\" srcset=\"https:\/\/stade28.net\/wp-content\/uploads\/2025\/01\/Messenger_creation_1346949370070220-300x169.jpeg 300w, https:\/\/stade28.net\/wp-content\/uploads\/2025\/01\/Messenger_creation_1346949370070220-1024x576.jpeg 1024w, https:\/\/stade28.net\/wp-content\/uploads\/2025\/01\/Messenger_creation_1346949370070220-768x432.jpeg 768w, https:\/\/stade28.net\/wp-content\/uploads\/2025\/01\/Messenger_creation_1346949370070220-1536x864.jpeg 1536w, https:\/\/stade28.net\/wp-content\/uploads\/2025\/01\/Messenger_creation_1346949370070220-150x84.jpeg 150w, https:\/\/stade28.net\/wp-content\/uploads\/2025\/01\/Messenger_creation_1346949370070220-696x392.jpeg 696w, https:\/\/stade28.net\/wp-content\/uploads\/2025\/01\/Messenger_creation_1346949370070220-1068x601.jpeg 1068w, https:\/\/stade28.net\/wp-content\/uploads\/2025\/01\/Messenger_creation_1346949370070220-1920x1080.jpeg 1920w, https:\/\/stade28.net\/wp-content\/uploads\/2025\/01\/Messenger_creation_1346949370070220-747x420.jpeg 747w, https:\/\/stade28.net\/wp-content\/uploads\/2025\/01\/Messenger_creation_1346949370070220-610x343.jpeg 610w, https:\/\/stade28.net\/wp-content\/uploads\/2025\/01\/Messenger_creation_1346949370070220.jpeg 2016w\" sizes=\"auto, (max-width: 300px) 100vw, 300px\" \/><\/p>\n<p><strong>Marif Youla\u00a0<\/strong><\/p>\n","protected":false},"excerpt":{"rendered":"<p>Ce lundi 28 janvier 2025, la formation des nouveaux instructeurs CAF de Guin\u00e9e a d\u00e9but\u00e9 au centre sportif Souleymane Ch\u00e9rif de Nongo, dans la commune de Ratoma, \u00e0 Conakry. Cette initiative, pilot\u00e9e par la F\u00e9d\u00e9ration Guin\u00e9enne de Football (F\u00e9guifoot) \u00e0 travers sa Direction Technique Nationale (DTN) et en collaboration avec la Conf\u00e9d\u00e9ration Africaine de Football [&hellip;]<\/p>\n","protected":false},"author":2,"featured_media":2928,"comment_status":"closed","ping_status":"closed","sticky":false,"template":"","format":"standard","meta":{"footnotes":""},"categories":[2],"tags":[],"class_list":{"0":"post-2927","1":"post","2":"type-post","3":"status-publish","4":"format-standard","5":"has-post-thumbnail","7":"category-news"},"aioseo_notices":[],"_links":{"self":[{"href":"https:\/\/stade28.net\/index.php\/wp-json\/wp\/v2\/posts\/2927","targetHints":{"allow":["GET"]}}],"collection":[{"href":"https:\/\/stade28.net\/index.php\/wp-json\/wp\/v2\/posts"}],"about":[{"href":"https:\/\/stade28.net\/index.php\/wp-json\/wp\/v2\/types\/post"}],"author":[{"embeddable":true,"href":"https:\/\/stade28.net\/index.php\/wp-json\/wp\/v2\/users\/2"}],"replies":[{"embeddable":true,"href":"https:\/\/stade28.net\/index.php\/wp-json\/wp\/v2\/comments?post=2927"}],"version-history":[{"count":0,"href":"https:\/\/stade28.net\/index.php\/wp-json\/wp\/v2\/posts\/2927\/revisions"}],"wp:featuredmedia":[{"embeddable":true,"href":"https:\/\/stade28.net\/index.php\/wp-json\/wp\/v2\/media\/2928"}],"wp:attachment":[{"href":"https:\/\/stade28.net\/index.php\/wp-json\/wp\/v2\/media?parent=2927"}],"wp:term":[{"taxonomy":"category","embeddable":true,"href":"https:\/\/stade28.net\/index.php\/wp-json\/wp\/v2\/categories?post=2927"},{"taxonomy":"post_tag","embeddable":true,"href":"https:\/\/stade28.net\/index.php\/wp-json\/wp\/v2\/tags?post=2927"}],"curies":[{"name":"wp","href":"https:\/\/api.w.org\/{rel}","templated":true}]}}