{"id":2911,"date":"2025-01-27T17:53:46","date_gmt":"2025-01-27T16:53:46","guid":{"rendered":"https:\/\/stade28.net\/?p=2911"},"modified":"2025-01-27T17:53:46","modified_gmt":"2025-01-27T16:53:46","slug":"football-las-kaloum-presente-ses-nouveaux-maillots-pour-la-saison-2024-25","status":"publish","type":"post","link":"https:\/\/stade28.net\/index.php\/football-las-kaloum-presente-ses-nouveaux-maillots-pour-la-saison-2024-25\/","title":{"rendered":"Football : L&rsquo;AS Kaloum pr\u00e9sente ses nouveaux maillots pour la saison 2024-25"},"content":{"rendered":"<p>L&rsquo;association sportive de Kaloum ( AS K ) a pr\u00e9sent\u00e9, ce lundi 27 janvier 2025 ses nouvelles tuniques pour la saison 2024-2025 lors d&rsquo;une c\u00e9r\u00e9monie dans les locaux de son stade de la mission situ\u00e9e dans la commune de Kaloum . Cette ann\u00e9e , l&rsquo;\u00e9quipe du pr\u00e9sident conseil d&rsquo;administration ( PCA ), Bouba Dinah Sampill sera arbor\u00e9 \u00e0 l&rsquo;\u00e9quipementier Puma avec lequel il a sign\u00e9 un contrat de partenariat pour une dur\u00e9e d&rsquo;un an renouvelable .<\/p>\n<p><img loading=\"lazy\" decoding=\"async\" class=\"alignnone size-medium wp-image-2913\" src=\"https:\/\/stade28.net\/wp-content\/uploads\/2025\/01\/received_580647764783487-300x169.jpeg\" alt=\"\" width=\"300\" height=\"169\" srcset=\"https:\/\/stade28.net\/wp-content\/uploads\/2025\/01\/received_580647764783487-300x169.jpeg 300w, https:\/\/stade28.net\/wp-content\/uploads\/2025\/01\/received_580647764783487-1024x576.jpeg 1024w, https:\/\/stade28.net\/wp-content\/uploads\/2025\/01\/received_580647764783487-768x432.jpeg 768w, https:\/\/stade28.net\/wp-content\/uploads\/2025\/01\/received_580647764783487-1536x864.jpeg 1536w, https:\/\/stade28.net\/wp-content\/uploads\/2025\/01\/received_580647764783487-150x84.jpeg 150w, https:\/\/stade28.net\/wp-content\/uploads\/2025\/01\/received_580647764783487-696x392.jpeg 696w, https:\/\/stade28.net\/wp-content\/uploads\/2025\/01\/received_580647764783487-1068x601.jpeg 1068w, https:\/\/stade28.net\/wp-content\/uploads\/2025\/01\/received_580647764783487-1920x1080.jpeg 1920w, https:\/\/stade28.net\/wp-content\/uploads\/2025\/01\/received_580647764783487-747x420.jpeg 747w, https:\/\/stade28.net\/wp-content\/uploads\/2025\/01\/received_580647764783487-610x343.jpeg 610w, https:\/\/stade28.net\/wp-content\/uploads\/2025\/01\/received_580647764783487.jpeg 2016w\" sizes=\"auto, (max-width: 300px) 100vw, 300px\" \/>A l&rsquo;issue de la c\u00e9r\u00e9monie de pr\u00e9sentation de ses maillot officiels, le responsable communication et marketing de l&rsquo;AS Kaloum, N&rsquo;Famara Bangoura, a affirm\u00e9 : \u00ab\u00a0L&rsquo;AS Kaloum \u00e0 partir de son match de la 4 \u00e8me journ\u00e9e va jouer avec son nouveau maillot , d&rsquo;un nouvel \u00e9quipementier qui n&rsquo;est autre que Puma .\u00e7a \u00e9t\u00e9 le fruit d&rsquo;une longue discussion entre cette marque et les membres du bureau ex\u00e9cutif de l&rsquo;AS Kaloum. Comme vous le savez L&rsquo;AS Kaloum est un tr\u00e8s grand club . C&rsquo;est le club qui draine plus de supporters dans le championnat guin\u00e9en. C&rsquo;est pourquoi les choses ont \u00e9t\u00e9 facilit\u00e9es. Dans un premier temps avec cette marque , \u00e7a va \u00eatre une ann\u00e9e d&rsquo;exp\u00e9rimentation. Elle va nous livrer des maillots avec 60 pour cent de r\u00e9duction. Et si les choses se passent tr\u00e8s bien , on va continuer le partenariat. Mais , j&rsquo;en suis s\u00fbr et certain ,que nous visons tr\u00e8s haut et c&rsquo;est pourquoi nous avons sign\u00e9 ce partenariat avec la marque Puma \u00ab\u00a0.<\/p>\n<p><img loading=\"lazy\" decoding=\"async\" class=\"alignnone size-medium wp-image-2914\" src=\"https:\/\/stade28.net\/wp-content\/uploads\/2025\/01\/IMG-20250127-WA0065-1-300x225.jpg\" alt=\"\" width=\"300\" height=\"225\" srcset=\"https:\/\/stade28.net\/wp-content\/uploads\/2025\/01\/IMG-20250127-WA0065-1-300x225.jpg 300w, https:\/\/stade28.net\/wp-content\/uploads\/2025\/01\/IMG-20250127-WA0065-1-768x576.jpg 768w, https:\/\/stade28.net\/wp-content\/uploads\/2025\/01\/IMG-20250127-WA0065-1-150x113.jpg 150w, https:\/\/stade28.net\/wp-content\/uploads\/2025\/01\/IMG-20250127-WA0065-1-696x522.jpg 696w, https:\/\/stade28.net\/wp-content\/uploads\/2025\/01\/IMG-20250127-WA0065-1-560x420.jpg 560w, https:\/\/stade28.net\/wp-content\/uploads\/2025\/01\/IMG-20250127-WA0065-1-80x60.jpg 80w, https:\/\/stade28.net\/wp-content\/uploads\/2025\/01\/IMG-20250127-WA0065-1-265x198.jpg 265w, https:\/\/stade28.net\/wp-content\/uploads\/2025\/01\/IMG-20250127-WA0065-1-610x458.jpg 610w, https:\/\/stade28.net\/wp-content\/uploads\/2025\/01\/IMG-20250127-WA0065-1.jpg 1020w\" sizes=\"auto, (max-width: 300px) 100vw, 300px\" \/>Il faut noter que dans le championnat, L&rsquo;AS Kaloum occupe la derni\u00e8re place avec 0 point, apr\u00e8s 3 matches jou\u00e9s.<\/p>\n<p><strong>Marif Youla\u00a0<\/strong><\/p>\n","protected":false},"excerpt":{"rendered":"<p>L&rsquo;association sportive de Kaloum ( AS K ) a pr\u00e9sent\u00e9, ce lundi 27 janvier 2025 ses nouvelles tuniques pour la saison 2024-2025 lors d&rsquo;une c\u00e9r\u00e9monie dans les locaux de son stade de la mission situ\u00e9e dans la commune de Kaloum . Cette ann\u00e9e , l&rsquo;\u00e9quipe du pr\u00e9sident conseil d&rsquo;administration ( PCA ), Bouba Dinah Sampill [&hellip;]<\/p>\n","protected":false},"author":2,"featured_media":2912,"comment_status":"closed","ping_status":"closed","sticky":false,"template":"","format":"standard","meta":{"footnotes":""},"categories":[2],"tags":[],"class_list":{"0":"post-2911","1":"post","2":"type-post","3":"status-publish","4":"format-standard","5":"has-post-thumbnail","7":"category-news"},"aioseo_notices":[],"_links":{"self":[{"href":"https:\/\/stade28.net\/index.php\/wp-json\/wp\/v2\/posts\/2911","targetHints":{"allow":["GET"]}}],"collection":[{"href":"https:\/\/stade28.net\/index.php\/wp-json\/wp\/v2\/posts"}],"about":[{"href":"https:\/\/stade28.net\/index.php\/wp-json\/wp\/v2\/types\/post"}],"author":[{"embeddable":true,"href":"https:\/\/stade28.net\/index.php\/wp-json\/wp\/v2\/users\/2"}],"replies":[{"embeddable":true,"href":"https:\/\/stade28.net\/index.php\/wp-json\/wp\/v2\/comments?post=2911"}],"version-history":[{"count":0,"href":"https:\/\/stade28.net\/index.php\/wp-json\/wp\/v2\/posts\/2911\/revisions"}],"wp:featuredmedia":[{"embeddable":true,"href":"https:\/\/stade28.net\/index.php\/wp-json\/wp\/v2\/media\/2912"}],"wp:attachment":[{"href":"https:\/\/stade28.net\/index.php\/wp-json\/wp\/v2\/media?parent=2911"}],"wp:term":[{"taxonomy":"category","embeddable":true,"href":"https:\/\/stade28.net\/index.php\/wp-json\/wp\/v2\/categories?post=2911"},{"taxonomy":"post_tag","embeddable":true,"href":"https:\/\/stade28.net\/index.php\/wp-json\/wp\/v2\/tags?post=2911"}],"curies":[{"name":"wp","href":"https:\/\/api.w.org\/{rel}","templated":true}]}}