{"id":2902,"date":"2025-01-26T18:11:03","date_gmt":"2025-01-26T17:11:03","guid":{"rendered":"https:\/\/stade28.net\/?p=2902"},"modified":"2025-01-28T10:45:36","modified_gmt":"2025-01-28T09:45:36","slug":"football-formation-des-entraineurs-des-instructeurs-locaux-a-lecole-de-la-caf-a-conakry","status":"publish","type":"post","link":"https:\/\/stade28.net\/index.php\/football-formation-des-entraineurs-des-instructeurs-locaux-a-lecole-de-la-caf-a-conakry\/","title":{"rendered":"Football &#8211; Formation des entra\u00eeneurs : des instructeurs locaux \u00e0 l\u2019\u00e9cole de la CAF \u00e0 Conakry"},"content":{"rendered":"<div dir=\"auto\">En partenariat avec la Conf\u00e9d\u00e9ration Africaine de Football (CAF), la F\u00e9d\u00e9ration Guin\u00e9enne de Football, \u00e0 travers sa Direction Technique Nationale, organisera une session de formation destin\u00e9e aux nouveaux instructeurs CAF. Cette formation se tiendra du 28 janvier au 6 f\u00e9vrier 2025 au Centre Sportif Ch\u00e9rif Souleymane, situ\u00e9 \u00e0 Nongo, dans la commune de Ratoma.<\/div>\n<div dir=\"auto\"><\/div>\n<div dir=\"auto\"><\/div>\n<div dir=\"auto\">\n<div dir=\"auto\">\n<div dir=\"auto\">Selon les informations disponibles, cette session regroupera sept instructeurs locaux, dans le but de renforcer leurs comp\u00e9tences et de les pr\u00e9parer \u00e0 mieux former les entra\u00eeneurs guin\u00e9ens d\u2019\u00e9lite.<\/div>\n<\/div>\n<\/div>\n<div dir=\"auto\"><\/div>\n<div dir=\"auto\"><\/div>\n<div dir=\"auto\">\n<div dir=\"auto\">\n<div dir=\"auto\">L&rsquo;objectif\u00a0 est former les instructeurs locaux conform\u00e9ment \u00e0 la nouvelle politique de formation de la CAF. Ces instructeurs auront la charge de former les entra\u00eeneurs guin\u00e9ens pour les diff\u00e9rentes licences de la CAF.<\/div>\n<\/div>\n<\/div>\n<div dir=\"auto\"><\/div>\n<div dir=\"auto\"><\/div>\n<div dir=\"auto\">\n<div dir=\"auto\">\n<div dir=\"auto\">La coordination de cette formation sera assur\u00e9e par Mohamed Magassouba, un instructeur chevronn\u00e9 de la CAF en provenance du Mali. Son expertise contribuera \u00e0 garantir un encadrement de qualit\u00e9 pour les participants.<\/div>\n<\/div>\n<\/div>\n<div dir=\"auto\"><\/div>\n<div dir=\"auto\"><\/div>\n<div dir=\"auto\">\n<div dir=\"auto\">\n<div dir=\"auto\">Cette initiative t\u00e9moigne de l\u2019engagement de la F\u00e9d\u00e9ration Guin\u00e9enne de Football \u00e0 d\u00e9velopper les comp\u00e9tences locales, un pilier essentiel pour le renforcement du football guin\u00e9en. En dotant les instructeurs locaux des outils n\u00e9cessaires, cette formation vise \u00e0 rehausser le niveau des entra\u00eeneurs \u00e0 travers le pays, et par ricochet, celui des clubs et \u00e9quipes nationales.<\/div>\n<\/div>\n<\/div>\n<div dir=\"auto\"><\/div>\n<div dir=\"auto\"><\/div>\n<div dir=\"auto\">\n<div dir=\"auto\">\n<div dir=\"auto\">Le Centre Sportif Ch\u00e9rif Souleymane, r\u00e9cemment modernis\u00e9, offre un cadre propice pour cette session intensive, marquant une \u00e9tape importante dans l\u2019\u00e9volution du football en Guin\u00e9e.<\/div>\n<div dir=\"auto\"><\/div>\n<\/div>\n<\/div>\n<div dir=\"auto\"><strong>Marif Youla\u00a0<\/strong><\/div>\n","protected":false},"excerpt":{"rendered":"<p>En partenariat avec la Conf\u00e9d\u00e9ration Africaine de Football (CAF), la F\u00e9d\u00e9ration Guin\u00e9enne de Football, \u00e0 travers sa Direction Technique Nationale, organisera une session de formation destin\u00e9e aux nouveaux instructeurs CAF. Cette formation se tiendra du 28 janvier au 6 f\u00e9vrier 2025 au Centre Sportif Ch\u00e9rif Souleymane, situ\u00e9 \u00e0 Nongo, dans la commune de Ratoma. Selon [&hellip;]<\/p>\n","protected":false},"author":2,"featured_media":2903,"comment_status":"closed","ping_status":"closed","sticky":false,"template":"","format":"standard","meta":{"footnotes":""},"categories":[2],"tags":[],"class_list":{"0":"post-2902","1":"post","2":"type-post","3":"status-publish","4":"format-standard","5":"has-post-thumbnail","7":"category-news"},"aioseo_notices":[],"_links":{"self":[{"href":"https:\/\/stade28.net\/index.php\/wp-json\/wp\/v2\/posts\/2902","targetHints":{"allow":["GET"]}}],"collection":[{"href":"https:\/\/stade28.net\/index.php\/wp-json\/wp\/v2\/posts"}],"about":[{"href":"https:\/\/stade28.net\/index.php\/wp-json\/wp\/v2\/types\/post"}],"author":[{"embeddable":true,"href":"https:\/\/stade28.net\/index.php\/wp-json\/wp\/v2\/users\/2"}],"replies":[{"embeddable":true,"href":"https:\/\/stade28.net\/index.php\/wp-json\/wp\/v2\/comments?post=2902"}],"version-history":[{"count":0,"href":"https:\/\/stade28.net\/index.php\/wp-json\/wp\/v2\/posts\/2902\/revisions"}],"wp:featuredmedia":[{"embeddable":true,"href":"https:\/\/stade28.net\/index.php\/wp-json\/wp\/v2\/media\/2903"}],"wp:attachment":[{"href":"https:\/\/stade28.net\/index.php\/wp-json\/wp\/v2\/media?parent=2902"}],"wp:term":[{"taxonomy":"category","embeddable":true,"href":"https:\/\/stade28.net\/index.php\/wp-json\/wp\/v2\/categories?post=2902"},{"taxonomy":"post_tag","embeddable":true,"href":"https:\/\/stade28.net\/index.php\/wp-json\/wp\/v2\/tags?post=2902"}],"curies":[{"name":"wp","href":"https:\/\/api.w.org\/{rel}","templated":true}]}}